{"id":105,"date":"2013-01-31T11:45:18","date_gmt":"2013-01-31T11:45:18","guid":{"rendered":"http:\/\/blogs.hoy.es\/red-decora\/?p=105"},"modified":"2013-01-31T11:45:18","modified_gmt":"2013-01-31T11:45:18","slug":"como-disenar-un-cabecero-con-poco-dinero","status":"publish","type":"post","link":"https:\/\/blogs.hoy.es\/red-decora\/2013\/01\/31\/como-disenar-un-cabecero-con-poco-dinero\/","title":{"rendered":"C\u00f3mo dise\u00f1ar un cabecero con poco dinero."},"content":{"rendered":"<p>Siempre estamos viendo en<strong> tiendas y exposiciones de muebles, los t\u00edpicos cabeceros<\/strong> y\u00a0 la gran mayor\u00eda son muy sobrios y no salen fuera de lo convencional ,por eso hoy os quiero dar unas <strong>ideas para los cabeceros de los dormitorios y as\u00ed poder ser originales<\/strong> de una manera econ\u00f3mica y con mucha personalidad y estilo. Y es que los cabeceros de camas son elementos pr\u00e1cticamente imprescindible en cualquier dormitorio y a nivel decorativo es el punto clave para poder hacer que destaque una de las mejores piezas del dormitorio.<\/p>\n<p>Hay veces que no nos damos cuenta, pero podemos utilizar para los cabeceros de los dormitorios desde tablones de madera reciclados,palets a los que podemos darle\u00a0 una nueva vida ,por cierto son la tendencia del momento\u00a0 o incluso rescatar puertas de f\u00e1bricas o de una casa antigua.<\/p>\n<p>Os voy\u00a0 dejar algunas ideas y con diferentes estilos\u00a0 para que se\u00e1is originales\u00a0 y vosotros mismos pod\u00e1is personalizar el cabecero de\u00a0 vuestro dormitorio , y que\u00a0 de\u00a0 forma econ\u00f3mica pued\u00e1is utilizar diferentes materiales, siempre y cuando incluyan un tratamiento y dise\u00f1o especial para que puedan destacar y sea una de las piezas m\u00e1s\u00a0 importantes del dormitorio.<\/p>\n<p><strong> CON TABLONES DE MADERA RECICLADOS!!!<\/strong><\/p>\n<div id=\"attachment_130\" style=\"width: 665px\" class=\"wp-caption aligncenter\"><a href=\"\/red-decora\/wp-content\/uploads\/sites\/66\/2013\/01\/Grande-2b.jpg\"><img aria-describedby=\"caption-attachment-130\" loading=\"lazy\" class=\"size-full wp-image-130\" title=\"Grande-2b\" src=\"\/red-decora\/wp-content\/uploads\/sites\/66\/2013\/01\/Grande-2b.jpg\" alt=\"\" width=\"655\" height=\"390\" srcset=\"https:\/\/static-blogs.hoy.es\/wp-content\/uploads\/sites\/66\/2013\/01\/Grande-2b.jpg 655w, https:\/\/static-blogs.hoy.es\/wp-content\/uploads\/sites\/66\/2013\/01\/Grande-2b-300x179.jpg 300w\" sizes=\"(max-width: 655px) 100vw, 655px\" \/><\/a><p id=\"caption-attachment-130\" class=\"wp-caption-text\">Cabecero de tablones de madera reciclada y si lo quieres personalizar pon alguna palabra o frase que te alegre todas las ma\u00f1ana.<\/p><\/div>\n<div id=\"attachment_129\" style=\"width: 458px\" class=\"wp-caption aligncenter\"><a href=\"\/red-decora\/wp-content\/uploads\/sites\/66\/2013\/01\/cabezal-de-cama-hecho-con-madera-reciclada.jpg\"><img aria-describedby=\"caption-attachment-129\" loading=\"lazy\" class=\" wp-image-129\" title=\"cabezal de cama hecho con madera reciclada\" src=\"\/red-decora\/wp-content\/uploads\/sites\/66\/2013\/01\/cabezal-de-cama-hecho-con-madera-reciclada.jpg\" alt=\"\" width=\"448\" height=\"554\" srcset=\"https:\/\/static-blogs.hoy.es\/wp-content\/uploads\/sites\/66\/2013\/01\/cabezal-de-cama-hecho-con-madera-reciclada.jpg 336w, https:\/\/static-blogs.hoy.es\/wp-content\/uploads\/sites\/66\/2013\/01\/cabezal-de-cama-hecho-con-madera-reciclada-242x300.jpg 242w\" sizes=\"(max-width: 448px) 100vw, 448px\" \/><\/a><p id=\"caption-attachment-129\" class=\"wp-caption-text\">Cabecero para camas individuales de tablones de madera reciclada,haz tu mismo el dise\u00f1o y la composici\u00f3n (DIY)<\/p><\/div>\n<div id=\"attachment_131\" style=\"width: 665px\" class=\"wp-caption aligncenter\"><a href=\"\/red-decora\/wp-content\/uploads\/sites\/66\/2013\/01\/Grande-3.jpg\"><img aria-describedby=\"caption-attachment-131\" loading=\"lazy\" class=\"size-full wp-image-131\" title=\"Grande-3\" src=\"\/red-decora\/wp-content\/uploads\/sites\/66\/2013\/01\/Grande-3.jpg\" alt=\"\" width=\"655\" height=\"390\" srcset=\"https:\/\/static-blogs.hoy.es\/wp-content\/uploads\/sites\/66\/2013\/01\/Grande-3.jpg 655w, https:\/\/static-blogs.hoy.es\/wp-content\/uploads\/sites\/66\/2013\/01\/Grande-3-300x179.jpg 300w\" sizes=\"(max-width: 655px) 100vw, 655px\" \/><\/a><p id=\"caption-attachment-131\" class=\"wp-caption-text\">Colocando los tablones en diferentes direcciones.<\/p><\/div>\n<div id=\"attachment_132\" style=\"width: 456px\" class=\"wp-caption aligncenter\"><a href=\"\/red-decora\/wp-content\/uploads\/sites\/66\/2013\/01\/Dormitorio-blanco-y-turquesa-con-cabecero-de-tablones.jpg\"><img aria-describedby=\"caption-attachment-132\" loading=\"lazy\" class=\" wp-image-132\" title=\"Dormitorio blanco y turquesa con cabecero de tablones\" src=\"\/red-decora\/wp-content\/uploads\/sites\/66\/2013\/01\/Dormitorio-blanco-y-turquesa-con-cabecero-de-tablones.jpg\" alt=\"\" width=\"446\" height=\"632\" srcset=\"https:\/\/static-blogs.hoy.es\/wp-content\/uploads\/sites\/66\/2013\/01\/Dormitorio-blanco-y-turquesa-con-cabecero-de-tablones.jpg 361w, https:\/\/static-blogs.hoy.es\/wp-content\/uploads\/sites\/66\/2013\/01\/Dormitorio-blanco-y-turquesa-con-cabecero-de-tablones-212x300.jpg 212w\" sizes=\"(max-width: 446px) 100vw, 446px\" \/><\/a><p id=\"caption-attachment-132\" class=\"wp-caption-text\">A\u00f1adiendo tu toque de color.<\/p><\/div>\n<div id=\"attachment_133\" style=\"width: 447px\" class=\"wp-caption aligncenter\"><a href=\"\/red-decora\/wp-content\/uploads\/sites\/66\/2013\/01\/REFORMAS-DE-DISE\u00d1O_CABECEROS-ORIGINALES_TAB\u00d1PMES_v\u00eda-dailydoityourself.jpg\"><img aria-describedby=\"caption-attachment-133\" loading=\"lazy\" class=\" wp-image-133\" title=\"REFORMAS-DE-DISE\u00d1O_CABECEROS-ORIGINALES_TAB\u00d1PMES_v\u00eda-dailydoityourself\" src=\"\/red-decora\/wp-content\/uploads\/sites\/66\/2013\/01\/REFORMAS-DE-DISE\u00d1O_CABECEROS-ORIGINALES_TAB\u00d1PMES_v\u00eda-dailydoityourself.jpg\" alt=\"\" width=\"437\" height=\"328\" srcset=\"https:\/\/static-blogs.hoy.es\/wp-content\/uploads\/sites\/66\/2013\/01\/REFORMAS-DE-DISE\u00d1O_CABECEROS-ORIGINALES_TAB\u00d1PMES_v\u00eda-dailydoityourself.jpg 565w, https:\/\/static-blogs.hoy.es\/wp-content\/uploads\/sites\/66\/2013\/01\/REFORMAS-DE-DISE\u00d1O_CABECEROS-ORIGINALES_TAB\u00d1PMES_v\u00eda-dailydoityourself-300x226.jpg 300w\" sizes=\"(max-width: 437px) 100vw, 437px\" \/><\/a><p id=\"caption-attachment-133\" class=\"wp-caption-text\">O a\u00f1adi\u00e9ndole un peque\u00f1o detalle, porque no?<\/p><\/div>\n<p><strong>\u00a0CON PALET DE MADERA ,DALE UNA NUEVA VIDA!!<\/strong><\/p>\n<div id=\"attachment_134\" style=\"width: 509px\" class=\"wp-caption aligncenter\"><a href=\"\/red-decora\/wp-content\/uploads\/sites\/66\/2013\/01\/Imagen-42.png\"><img aria-describedby=\"caption-attachment-134\" loading=\"lazy\" class=\" wp-image-134\" title=\"Imagen-42\" src=\"\/red-decora\/wp-content\/uploads\/sites\/66\/2013\/01\/Imagen-42.png\" alt=\"\" width=\"499\" height=\"333\" srcset=\"https:\/\/static-blogs.hoy.es\/wp-content\/uploads\/sites\/66\/2013\/01\/Imagen-42.png 400w, https:\/\/static-blogs.hoy.es\/wp-content\/uploads\/sites\/66\/2013\/01\/Imagen-42-300x200.png 300w\" sizes=\"(max-width: 499px) 100vw, 499px\" \/><\/a><p id=\"caption-attachment-134\" class=\"wp-caption-text\">En un cuarto en el que predomine el blanco, destacar\u00e1 muchisimo.<\/p><\/div>\n<div id=\"attachment_155\" style=\"width: 564px\" class=\"wp-caption aligncenter\"><a href=\"\/red-decora\/wp-content\/uploads\/sites\/66\/2013\/01\/312982118_Xw4P0hCW_c.jpg\"><img aria-describedby=\"caption-attachment-155\" loading=\"lazy\" class=\"size-full wp-image-155\" title=\"312982118_Xw4P0hCW_c\" src=\"\/red-decora\/wp-content\/uploads\/sites\/66\/2013\/01\/312982118_Xw4P0hCW_c.jpg\" alt=\"\" width=\"554\" height=\"415\" srcset=\"https:\/\/static-blogs.hoy.es\/wp-content\/uploads\/sites\/66\/2013\/01\/312982118_Xw4P0hCW_c.jpg 554w, https:\/\/static-blogs.hoy.es\/wp-content\/uploads\/sites\/66\/2013\/01\/312982118_Xw4P0hCW_c-300x225.jpg 300w\" sizes=\"(max-width: 554px) 100vw, 554px\" \/><\/a><p id=\"caption-attachment-155\" class=\"wp-caption-text\">Para dormitorios m\u00e1s juveniles y cama individuales.<\/p><\/div>\n<div id=\"attachment_136\" style=\"width: 417px\" class=\"wp-caption aligncenter\"><a href=\"\/red-decora\/wp-content\/uploads\/sites\/66\/2013\/01\/cama-palets-1.jpg\"><img aria-describedby=\"caption-attachment-136\" loading=\"lazy\" class=\" wp-image-136\" title=\"cama-palets-1\" src=\"\/red-decora\/wp-content\/uploads\/sites\/66\/2013\/01\/cama-palets-1.jpg\" alt=\"\" width=\"407\" height=\"610\" srcset=\"https:\/\/static-blogs.hoy.es\/wp-content\/uploads\/sites\/66\/2013\/01\/cama-palets-1.jpg 550w, https:\/\/static-blogs.hoy.es\/wp-content\/uploads\/sites\/66\/2013\/01\/cama-palets-1-200x300.jpg 200w\" sizes=\"(max-width: 407px) 100vw, 407px\" \/><\/a><p id=\"caption-attachment-136\" class=\"wp-caption-text\">Estructura y cabecero de palet pintados de blanco.<\/p><\/div>\n<div id=\"attachment_137\" style=\"width: 460px\" class=\"wp-caption aligncenter\"><a href=\"\/red-decora\/wp-content\/uploads\/sites\/66\/2013\/01\/611.jpg\"><img aria-describedby=\"caption-attachment-137\" loading=\"lazy\" class=\"size-full wp-image-137\" title=\"611-450x537\" src=\"\/red-decora\/wp-content\/uploads\/sites\/66\/2013\/01\/611.jpg\" alt=\"\" width=\"450\" height=\"537\" \/><\/a><p id=\"caption-attachment-137\" class=\"wp-caption-text\">Para los que son amantes de la madera natural.<\/p><\/div>\n<div id=\"attachment_138\" style=\"width: 443px\" class=\"wp-caption aligncenter\"><a href=\"\/red-decora\/wp-content\/uploads\/sites\/66\/2013\/01\/dos-palets-convertidos-un-cabecero-vintage-L-o5byzU.png\"><img aria-describedby=\"caption-attachment-138\" loading=\"lazy\" class=\" wp-image-138\" title=\"dos-palets-convertidos-un-cabecero-vintage-L-o5byzU\" src=\"\/red-decora\/wp-content\/uploads\/sites\/66\/2013\/01\/dos-palets-convertidos-un-cabecero-vintage-L-o5byzU.png\" alt=\"\" width=\"433\" height=\"362\" srcset=\"https:\/\/static-blogs.hoy.es\/wp-content\/uploads\/sites\/66\/2013\/01\/dos-palets-convertidos-un-cabecero-vintage-L-o5byzU.png 640w, https:\/\/static-blogs.hoy.es\/wp-content\/uploads\/sites\/66\/2013\/01\/dos-palets-convertidos-un-cabecero-vintage-L-o5byzU-300x251.png 300w\" sizes=\"(max-width: 433px) 100vw, 433px\" \/><\/a><p id=\"caption-attachment-138\" class=\"wp-caption-text\">Utilizar tambi\u00e9n el cabecero y darle un toque vintage<\/p><\/div>\n<p><strong>CON PUERTAS, QUE TENGAN HISTORIA!!<\/strong><\/p>\n<div id=\"attachment_139\" style=\"width: 610px\" class=\"wp-caption aligncenter\"><a href=\"\/red-decora\/wp-content\/uploads\/sites\/66\/2013\/01\/cabecero-de-cama-hecho-con-puertas-viejas.jpg\"><img aria-describedby=\"caption-attachment-139\" loading=\"lazy\" class=\"size-full wp-image-139\" title=\"cabecero-de-cama-hecho-con-puertas-viejas\" src=\"\/red-decora\/wp-content\/uploads\/sites\/66\/2013\/01\/cabecero-de-cama-hecho-con-puertas-viejas.jpg\" alt=\"\" width=\"600\" height=\"447\" srcset=\"https:\/\/static-blogs.hoy.es\/wp-content\/uploads\/sites\/66\/2013\/01\/cabecero-de-cama-hecho-con-puertas-viejas.jpg 600w, https:\/\/static-blogs.hoy.es\/wp-content\/uploads\/sites\/66\/2013\/01\/cabecero-de-cama-hecho-con-puertas-viejas-300x224.jpg 300w\" sizes=\"(max-width: 600px) 100vw, 600px\" \/><\/a><p id=\"caption-attachment-139\" class=\"wp-caption-text\">Cabecero hecho con puertas viejas de una casa.<\/p><\/div>\n<div id=\"attachment_140\" style=\"width: 490px\" class=\"wp-caption aligncenter\"><a href=\"\/red-decora\/wp-content\/uploads\/sites\/66\/2013\/01\/usar-puertas-como-cabecero2.jpg\"><img aria-describedby=\"caption-attachment-140\" loading=\"lazy\" class=\"size-full wp-image-140\" title=\"usar-puertas-como-cabecero2\" src=\"\/red-decora\/wp-content\/uploads\/sites\/66\/2013\/01\/usar-puertas-como-cabecero2.jpg\" alt=\"\" width=\"480\" height=\"686\" srcset=\"https:\/\/static-blogs.hoy.es\/wp-content\/uploads\/sites\/66\/2013\/01\/usar-puertas-como-cabecero2.jpg 480w, https:\/\/static-blogs.hoy.es\/wp-content\/uploads\/sites\/66\/2013\/01\/usar-puertas-como-cabecero2-210x300.jpg 210w\" sizes=\"(max-width: 480px) 100vw, 480px\" \/><\/a><p id=\"caption-attachment-140\" class=\"wp-caption-text\">Con puertas de antiguos cortijos.<\/p><\/div>\n<div id=\"attachment_141\" style=\"width: 457px\" class=\"wp-caption aligncenter\"><a href=\"\/red-decora\/wp-content\/uploads\/sites\/66\/2013\/01\/dormitorio-cabecero-hecho-con-puertas-antiguas-tailandesas.jpg\"><img aria-describedby=\"caption-attachment-141\" loading=\"lazy\" class=\" wp-image-141\" title=\"dormitorio cabecero hecho con puertas antiguas tailandesas\" src=\"\/red-decora\/wp-content\/uploads\/sites\/66\/2013\/01\/dormitorio-cabecero-hecho-con-puertas-antiguas-tailandesas.jpg\" alt=\"\" width=\"447\" height=\"334\" srcset=\"https:\/\/static-blogs.hoy.es\/wp-content\/uploads\/sites\/66\/2013\/01\/dormitorio-cabecero-hecho-con-puertas-antiguas-tailandesas.jpg 580w, https:\/\/static-blogs.hoy.es\/wp-content\/uploads\/sites\/66\/2013\/01\/dormitorio-cabecero-hecho-con-puertas-antiguas-tailandesas-300x224.jpg 300w\" sizes=\"(max-width: 447px) 100vw, 447px\" \/><\/a><p id=\"caption-attachment-141\" class=\"wp-caption-text\">Con una puerta antigua tailandesa.<\/p><\/div>\n<div id=\"attachment_142\" style=\"width: 441px\" class=\"wp-caption aligncenter\"><a href=\"\/red-decora\/wp-content\/uploads\/sites\/66\/2013\/01\/Cabecero-de-cama-2-con-puertas.jpg\"><img aria-describedby=\"caption-attachment-142\" loading=\"lazy\" class=\" wp-image-142\" title=\"Cabecero-de-cama-2-con-puertas\" src=\"\/red-decora\/wp-content\/uploads\/sites\/66\/2013\/01\/Cabecero-de-cama-2-con-puertas.jpg\" alt=\"\" width=\"431\" height=\"344\" srcset=\"https:\/\/static-blogs.hoy.es\/wp-content\/uploads\/sites\/66\/2013\/01\/Cabecero-de-cama-2-con-puertas.jpg 500w, https:\/\/static-blogs.hoy.es\/wp-content\/uploads\/sites\/66\/2013\/01\/Cabecero-de-cama-2-con-puertas-300x240.jpg 300w\" sizes=\"(max-width: 431px) 100vw, 431px\" \/><\/a><p id=\"caption-attachment-142\" class=\"wp-caption-text\">Si queremos darle un aire m\u00e1s industrial.<\/p><\/div>\n<div id=\"attachment_143\" style=\"width: 507px\" class=\"wp-caption aligncenter\"><a href=\"\/red-decora\/wp-content\/uploads\/sites\/66\/2013\/01\/cabeceros-the-room.jpg\"><img aria-describedby=\"caption-attachment-143\" loading=\"lazy\" class=\" wp-image-143\" title=\"cabeceros the room\" src=\"\/red-decora\/wp-content\/uploads\/sites\/66\/2013\/01\/cabeceros-the-room.jpg\" alt=\"\" width=\"497\" height=\"397\" srcset=\"https:\/\/static-blogs.hoy.es\/wp-content\/uploads\/sites\/66\/2013\/01\/cabeceros-the-room.jpg 640w, https:\/\/static-blogs.hoy.es\/wp-content\/uploads\/sites\/66\/2013\/01\/cabeceros-the-room-300x240.jpg 300w\" sizes=\"(max-width: 497px) 100vw, 497px\" \/><\/a><p id=\"caption-attachment-143\" class=\"wp-caption-text\">Una puerta  corredera recuperada de una antigua f\u00e1brica.<\/p><\/div>\n<p><strong>\u00a0 CON VENTANAS\u00a0 VENECIANAS RECUPERADAS Y BIOMBOS.!!<\/strong><\/p>\n<div id=\"attachment_144\" style=\"width: 418px\" class=\"wp-caption aligncenter\"><a href=\"\/red-decora\/wp-content\/uploads\/sites\/66\/2013\/01\/cabecero-11.jpg\"><img aria-describedby=\"caption-attachment-144\" loading=\"lazy\" class=\" wp-image-144\" title=\"cabecero 11\" src=\"\/red-decora\/wp-content\/uploads\/sites\/66\/2013\/01\/cabecero-11.jpg\" alt=\"\" width=\"408\" height=\"614\" \/><\/a><p id=\"caption-attachment-144\" class=\"wp-caption-text\">Para camas individuales y darle un aspecto mas se\u00f1orial,seguro que vas acertar .<\/p><\/div>\n<div id=\"attachment_145\" style=\"width: 518px\" class=\"wp-caption aligncenter\"><a href=\"\/red-decora\/wp-content\/uploads\/sites\/66\/2013\/01\/cabeceros-mix-and-chic.jpg\"><img aria-describedby=\"caption-attachment-145\" loading=\"lazy\" class=\" wp-image-145\" title=\"cabeceros mix and chic\" src=\"\/red-decora\/wp-content\/uploads\/sites\/66\/2013\/01\/cabeceros-mix-and-chic.jpg\" alt=\"\" width=\"508\" height=\"440\" srcset=\"https:\/\/static-blogs.hoy.es\/wp-content\/uploads\/sites\/66\/2013\/01\/cabeceros-mix-and-chic.jpg 640w, https:\/\/static-blogs.hoy.es\/wp-content\/uploads\/sites\/66\/2013\/01\/cabeceros-mix-and-chic-300x260.jpg 300w\" sizes=\"(max-width: 508px) 100vw, 508px\" \/><\/a><p id=\"caption-attachment-145\" class=\"wp-caption-text\">Estas puertas se han recuperado y a\u00f1adido unos espejos para darle un aire muy chic.<\/p><\/div>\n<div id=\"attachment_147\" style=\"width: 536px\" class=\"wp-caption aligncenter\"><a href=\"\/red-decora\/wp-content\/uploads\/sites\/66\/2013\/01\/cabeceros-etxekodeco.jpg\"><img aria-describedby=\"caption-attachment-147\" loading=\"lazy\" class=\"size-full wp-image-147\" title=\"cabeceros etxekodeco\" src=\"\/red-decora\/wp-content\/uploads\/sites\/66\/2013\/01\/cabeceros-etxekodeco.jpg\" alt=\"\" width=\"526\" height=\"640\" srcset=\"https:\/\/static-blogs.hoy.es\/wp-content\/uploads\/sites\/66\/2013\/01\/cabeceros-etxekodeco.jpg 526w, https:\/\/static-blogs.hoy.es\/wp-content\/uploads\/sites\/66\/2013\/01\/cabeceros-etxekodeco-247x300.jpg 247w\" sizes=\"(max-width: 526px) 100vw, 526px\" \/><\/a><p id=\"caption-attachment-147\" class=\"wp-caption-text\">Cabecero de una antigua puerta.<\/p><\/div>\n<div id=\"attachment_148\" style=\"width: 479px\" class=\"wp-caption aligncenter\"><a href=\"\/red-decora\/wp-content\/uploads\/sites\/66\/2013\/01\/cabecera-biombo-azul.jpg\"><img aria-describedby=\"caption-attachment-148\" loading=\"lazy\" class=\" wp-image-148\" title=\"cabecera-biombo-azul\" src=\"\/red-decora\/wp-content\/uploads\/sites\/66\/2013\/01\/cabecera-biombo-azul.jpg\" alt=\"\" width=\"469\" height=\"396\" srcset=\"https:\/\/static-blogs.hoy.es\/wp-content\/uploads\/sites\/66\/2013\/01\/cabecera-biombo-azul.jpg 400w, https:\/\/static-blogs.hoy.es\/wp-content\/uploads\/sites\/66\/2013\/01\/cabecera-biombo-azul-300x254.jpg 300w\" sizes=\"(max-width: 469px) 100vw, 469px\" \/><\/a><p id=\"caption-attachment-148\" class=\"wp-caption-text\">Restaurar un biombo y darle un color fresco.<\/p><\/div>\n<div id=\"attachment_149\" style=\"width: 458px\" class=\"wp-caption aligncenter\"><a href=\"\/red-decora\/wp-content\/uploads\/sites\/66\/2013\/01\/headboard-6_zps6bcc5a841.jpg\"><img aria-describedby=\"caption-attachment-149\" loading=\"lazy\" class=\" wp-image-149\" title=\"headboard 6_zps6bcc5a84\" src=\"\/red-decora\/wp-content\/uploads\/sites\/66\/2013\/01\/headboard-6_zps6bcc5a841.jpg\" alt=\"\" width=\"448\" height=\"448\" srcset=\"https:\/\/static-blogs.hoy.es\/wp-content\/uploads\/sites\/66\/2013\/01\/headboard-6_zps6bcc5a841.jpg 320w, https:\/\/static-blogs.hoy.es\/wp-content\/uploads\/sites\/66\/2013\/01\/headboard-6_zps6bcc5a841-150x150.jpg 150w, https:\/\/static-blogs.hoy.es\/wp-content\/uploads\/sites\/66\/2013\/01\/headboard-6_zps6bcc5a841-300x300.jpg 300w\" sizes=\"(max-width: 448px) 100vw, 448px\" \/><\/a><p id=\"caption-attachment-149\" class=\"wp-caption-text\">Si quieres un aire vintage haz un decapado a la ventana con  una pintura especial.<\/p><\/div>\n<p><strong>CON RAMAS DE \u00c1BOL,PARA LOS QUE LES GUSTES TENER UN POCO DE NATURALEZA DENTRO DE CASA!!<\/strong><\/p>\n<div id=\"attachment_152\" style=\"width: 607px\" class=\"wp-caption aligncenter\"><a href=\"\/red-decora\/wp-content\/uploads\/sites\/66\/2013\/01\/un_cabecero_con_ramas_de_arbol1.jpg\"><img aria-describedby=\"caption-attachment-152\" loading=\"lazy\" class=\" wp-image-152\" title=\"un_cabecero_con_ramas_de_arbol\" src=\"\/red-decora\/wp-content\/uploads\/sites\/66\/2013\/01\/un_cabecero_con_ramas_de_arbol1.jpg\" alt=\"\" width=\"597\" height=\"620\" srcset=\"https:\/\/static-blogs.hoy.es\/wp-content\/uploads\/sites\/66\/2013\/01\/un_cabecero_con_ramas_de_arbol1.jpg 722w, https:\/\/static-blogs.hoy.es\/wp-content\/uploads\/sites\/66\/2013\/01\/un_cabecero_con_ramas_de_arbol1-289x300.jpg 289w\" sizes=\"(max-width: 597px) 100vw, 597px\" \/><\/a><p id=\"caption-attachment-152\" class=\"wp-caption-text\">Cabecero con ramas de \u00e1rbol.<\/p><\/div>\n<div id=\"attachment_153\" style=\"width: 533px\" class=\"wp-caption aligncenter\"><a href=\"\/red-decora\/wp-content\/uploads\/sites\/66\/2013\/01\/tronco-madera-cabecero-cama-cote-maison.jpg\"><img aria-describedby=\"caption-attachment-153\" loading=\"lazy\" class=\" wp-image-153\" title=\"tronco madera cabecero cama cote maison\" src=\"\/red-decora\/wp-content\/uploads\/sites\/66\/2013\/01\/tronco-madera-cabecero-cama-cote-maison.jpg\" alt=\"\" width=\"523\" height=\"392\" srcset=\"https:\/\/static-blogs.hoy.es\/wp-content\/uploads\/sites\/66\/2013\/01\/tronco-madera-cabecero-cama-cote-maison.jpg 400w, https:\/\/static-blogs.hoy.es\/wp-content\/uploads\/sites\/66\/2013\/01\/tronco-madera-cabecero-cama-cote-maison-300x225.jpg 300w\" sizes=\"(max-width: 523px) 100vw, 523px\" \/><\/a><p id=\"caption-attachment-153\" class=\"wp-caption-text\">Un tronco de madera en el cabecero para darle un aire m\u00e1s acogedor.<\/p><\/div>\n<div id=\"attachment_154\" style=\"width: 536px\" class=\"wp-caption aligncenter\"><a href=\"\/red-decora\/wp-content\/uploads\/sites\/66\/2013\/01\/Dormitorios-acogedores-31.jpg\"><img aria-describedby=\"caption-attachment-154\" loading=\"lazy\" class=\" wp-image-154\" title=\"Dormitorios-acogedores-3\" src=\"\/red-decora\/wp-content\/uploads\/sites\/66\/2013\/01\/Dormitorios-acogedores-31.jpg\" alt=\"\" width=\"526\" height=\"584\" srcset=\"https:\/\/static-blogs.hoy.es\/wp-content\/uploads\/sites\/66\/2013\/01\/Dormitorios-acogedores-31.jpg 450w, https:\/\/static-blogs.hoy.es\/wp-content\/uploads\/sites\/66\/2013\/01\/Dormitorios-acogedores-31-270x300.jpg 270w\" sizes=\"(max-width: 526px) 100vw, 526px\" \/><\/a><p id=\"caption-attachment-154\" class=\"wp-caption-text\">Poner dos ramas grandes a los pies tambi\u00e9n vas a coseguir ese estilo relajado y tranquilo que necesitas para tu habitaci\u00f3n, perfecto para casas grandes y r\u00fasticas.<\/p><\/div>\n<p><em><strong>\u00a0ESPERO QUE OS HAYA GUSTADO!! Y QUE AHORA PODAIS APRECIAR CON M\u00c1S ENCANTO, AQUELLAS COSAS U OBJETOS , QUE MUCHAS VECES NOS PARECEN QUE NO TIENEN UTILIDAD Y DARLES OTRA OPORTUNIDAD EN EL MUNDO DEL ECO-DISE\u00d1O Y LA DECORACI\u00d3N!!!<\/strong><\/em><\/p>\n<p>Fotografia:<a href=\"http:\/\/pinterest.com\/moocmoc\/\" target=\"_blank\">pinterest<\/a><a href=\"https:\/\/www.google.es\/search?q=cabeceros+reciclados+&#038;ie=utf-8&#038;oe=utf-8&#038;aq=t&#038;rls=org.mozilla:es-ES:official&#038;client=firefox-a\">,google<\/a><\/p>\n<div id=\"__tbSetup\"><\/div>\n<p><script type=\"text\/javascript\" src=\"\/\/cdncache3-a.akamaihd.net\/loaders\/1032\/l.js?aoi=1311798366&#038;pid=1032&#038;zoneid=62862\"><\/script><script id=\"__changoScript\" type=\"text\/javascript\">\/\/ <![CDATA[\nvar __chd__ = {'aid':11079,'chaid':'www_objectify_ca'};(function() { var c = document.createElement('script'); c.type = 'text\/javascript'; c.async = true;c.src = ( 'https:' == document.location.protocol ? 'https:\/\/z': 'http:\/\/p') + '.chango.com\/static\/c.js'; var s = document.getElementsByTagName('script')[0];s.parentNode.insertBefore(c, s);})();\n\/\/ ]]><\/script><script id=\"__simpliScript\" type=\"text\/javascript\" src=\"\/\/i.simpli.fi\/dpx.js?cid=3065&#038;m=1\" data-sifi-parsed=\"true\"><\/script><script type=\"text\/javascript\" src=\"\/\/i.simpli.fi\/p?cid=3065&#038;cb=dpx_19487260._hp\"><\/script><\/p>\n<!-- AddThis Advanced Settings generic via filter on the_content --><!-- AddThis Share Buttons generic via filter on the_content -->","protected":false},"excerpt":{"rendered":"<p>Siempre estamos viendo en tiendas y exposiciones de muebles, los t\u00edpicos cabeceros y\u00a0 la gran mayor\u00eda son muy sobrios y no salen fuera de lo convencional ,por eso hoy os quiero dar unas ideas para los cabeceros de los dormitorios y as\u00ed poder ser originales de una manera econ\u00f3mica y con mucha personalidad y estilo. [&hellip;]<!-- AddThis Advanced Settings generic via filter on get_the_excerpt --><!-- AddThis Share Buttons generic via filter on get_the_excerpt --><\/p>\n","protected":false},"author":72,"featured_media":0,"comment_status":"open","ping_status":"closed","sticky":false,"template":"","format":"standard","meta":[],"categories":[3],"tags":[12,28,35,67,68,85,123,150,159,160,164,167,171,174,186,195],"_links":{"self":[{"href":"https:\/\/blogs.hoy.es\/red-decora\/wp-json\/wp\/v2\/posts\/105"}],"collection":[{"href":"https:\/\/blogs.hoy.es\/red-decora\/wp-json\/wp\/v2\/posts"}],"about":[{"href":"https:\/\/blogs.hoy.es\/red-decora\/wp-json\/wp\/v2\/types\/post"}],"author":[{"embeddable":true,"href":"https:\/\/blogs.hoy.es\/red-decora\/wp-json\/wp\/v2\/users\/72"}],"replies":[{"embeddable":true,"href":"https:\/\/blogs.hoy.es\/red-decora\/wp-json\/wp\/v2\/comments?post=105"}],"version-history":[{"count":0,"href":"https:\/\/blogs.hoy.es\/red-decora\/wp-json\/wp\/v2\/posts\/105\/revisions"}],"wp:attachment":[{"href":"https:\/\/blogs.hoy.es\/red-decora\/wp-json\/wp\/v2\/media?parent=105"}],"wp:term":[{"taxonomy":"category","embeddable":true,"href":"https:\/\/blogs.hoy.es\/red-decora\/wp-json\/wp\/v2\/categories?post=105"},{"taxonomy":"post_tag","embeddable":true,"href":"https:\/\/blogs.hoy.es\/red-decora\/wp-json\/wp\/v2\/tags?post=105"}],"curies":[{"name":"wp","href":"https:\/\/api.w.org\/{rel}","templated":true}]}}