{"id":188,"date":"2013-02-11T22:52:21","date_gmt":"2013-02-11T22:52:21","guid":{"rendered":"http:\/\/blogs.hoy.es\/red-decora\/?p=188"},"modified":"2013-02-11T22:52:21","modified_gmt":"2013-02-11T22:52:21","slug":"como-decorar-con-sacos-de-cafe","status":"publish","type":"post","link":"https:\/\/blogs.hoy.es\/red-decora\/2013\/02\/11\/como-decorar-con-sacos-de-cafe\/","title":{"rendered":"C\u00f3mo decorar con sacos de caf\u00e9."},"content":{"rendered":"<p>Cada semana os voy dejando <strong>ideas en Recicla HOY<\/strong>, un apartado m\u00e1s de<strong> mi blog<\/strong>,bueno esta semana os quiero ense\u00f1ar que se puede hacer y como podemos aprovechar la tela de los sacos de caf\u00e9 y cereales, y os preguntar\u00e9is&#8230;<strong>\u00bf y que hacemos con unos sacos?\u00bfd\u00f3nde los puedo utilizar y de que manera?<\/strong>,pues bien este tipo de tejidos se esta poniendo\u00a0 de moda\u00a0 tanto para decoraciones de interiores como exteriores, para dise\u00f1o de bolsos y equipajes o incluso hasta para envolver un regalo!!.<\/p>\n<p>Os voy a dar unas ideas para que aprovech\u00e9is y le pod\u00e1is dar un doble uso a este tipo de telas y no la ve\u00e1is como un tela\u00a0 cualquiera, sino de una manera <strong>m\u00e1s vers\u00e1til que la podr\u00e1s utilizar para\u00a0 tapizar una silla\u00a0 o una banqueta, el cabecero de la cama , hacerte unos cojines ,adornos de navidad o incluso hacerte un bolso, para los que sean\u00a0 muy manitas!!<\/strong><\/p>\n<p>Y ahora echar un vistazo y empezar a<strong> pensar donde quer\u00e9is este tipo de tejido y as\u00ed dar un aire nuevo.<br \/>\n<\/strong><\/p>\n<p><strong>PARA UN TAPIZADO ORIGINAL!!<\/strong><\/p>\n<div id=\"attachment_191\" style=\"width: 466px\" class=\"wp-caption aligncenter\"><a href=\"\/red-decora\/wp-content\/uploads\/sites\/66\/2013\/02\/Butaca-vintage-tapizada-tela-de-saco.jpg\"><img aria-describedby=\"caption-attachment-191\" loading=\"lazy\" class=\" wp-image-191\" title=\"Butaca vintage tapizada tela de saco\" src=\"\/red-decora\/wp-content\/uploads\/sites\/66\/2013\/02\/Butaca-vintage-tapizada-tela-de-saco.jpg\" alt=\"\" width=\"456\" height=\"508\" \/><\/a><p id=\"caption-attachment-191\" class=\"wp-caption-text\">Para darle otro aire a un sill\u00f3n victoriano que no sabias que hacer con \u00e9l y veias que la tapicer\u00eda era demasiado cl\u00e1sica, conseguir\u00e1s un estilo m\u00e1s industrial y CHIC.<\/p><\/div>\n<div id=\"attachment_192\" style=\"width: 478px\" class=\"wp-caption aligncenter\"><a href=\"\/red-decora\/wp-content\/uploads\/sites\/66\/2013\/02\/comedor-con-sillas-decapadas-en-blanco-mesa-oscura-y-blanco-tapizado-saco.jpg\"><img aria-describedby=\"caption-attachment-192\" loading=\"lazy\" class=\"size-full wp-image-192\" title=\"comedor con sillas decapadas en blanco mesa oscura y blanco tapizado saco\" src=\"\/red-decora\/wp-content\/uploads\/sites\/66\/2013\/02\/comedor-con-sillas-decapadas-en-blanco-mesa-oscura-y-blanco-tapizado-saco.jpg\" alt=\"\" width=\"468\" height=\"559\" srcset=\"https:\/\/static-blogs.hoy.es\/wp-content\/uploads\/sites\/66\/2013\/02\/comedor-con-sillas-decapadas-en-blanco-mesa-oscura-y-blanco-tapizado-saco.jpg 468w, https:\/\/static-blogs.hoy.es\/wp-content\/uploads\/sites\/66\/2013\/02\/comedor-con-sillas-decapadas-en-blanco-mesa-oscura-y-blanco-tapizado-saco-251x300.jpg 251w\" sizes=\"(max-width: 468px) 100vw, 468px\" \/><\/a><p id=\"caption-attachment-192\" class=\"wp-caption-text\">Para un comedor con sillas decapadas en blanco, con mesa oscura y el tapizado de saco.<\/p><\/div>\n<div id=\"attachment_204\" style=\"width: 327px\" class=\"wp-caption aligncenter\"><a href=\"\/red-decora\/wp-content\/uploads\/sites\/66\/2013\/02\/IMG_0158.png\"><img aria-describedby=\"caption-attachment-204\" loading=\"lazy\" class=\" wp-image-204\" title=\"IMG_0158\" src=\"\/red-decora\/wp-content\/uploads\/sites\/66\/2013\/02\/IMG_0158-e1360618526460.png\" alt=\"\" width=\"317\" height=\"439\" srcset=\"https:\/\/static-blogs.hoy.es\/wp-content\/uploads\/sites\/66\/2013\/02\/IMG_0158-e1360618526460.png 532w, https:\/\/static-blogs.hoy.es\/wp-content\/uploads\/sites\/66\/2013\/02\/IMG_0158-e1360618526460-217x300.png 217w\" sizes=\"(max-width: 317px) 100vw, 317px\" \/><\/a><p id=\"caption-attachment-204\" class=\"wp-caption-text\">Mezclando con otro tipo de telas tambi\u00e9n es una idea genial.<\/p><\/div>\n<div id=\"attachment_193\" style=\"width: 386px\" class=\"wp-caption aligncenter\"><a href=\"\/red-decora\/wp-content\/uploads\/sites\/66\/2013\/02\/images.jpg\"><img aria-describedby=\"caption-attachment-193\" loading=\"lazy\" class=\" wp-image-193\" title=\"images\" src=\"\/red-decora\/wp-content\/uploads\/sites\/66\/2013\/02\/images.jpg\" alt=\"\" width=\"376\" height=\"250\" \/><\/a><p id=\"caption-attachment-193\" class=\"wp-caption-text\">Para sillones que quer\u00e9is que destaquen y den ese toque de originalidad ,  en casa es perfecto.<\/p><\/div>\n<a href=\"\/red-decora\/wp-content\/uploads\/sites\/66\/2013\/02\/sacos-sillones-destacada.jpg\"><img loading=\"lazy\" class=\"size-full wp-image-194\" title=\"sacos-sillones-destacada-470x274\" src=\"\/red-decora\/wp-content\/uploads\/sites\/66\/2013\/02\/sacos-sillones-destacada.jpg\" alt=\"\" width=\"470\" height=\"274\" \/><\/a>\n<a href=\"\/red-decora\/wp-content\/uploads\/sites\/66\/2013\/02\/IMG_0159.png\"><img loading=\"lazy\" class=\" wp-image-195\" title=\"IMG_0159\" src=\"\/red-decora\/wp-content\/uploads\/sites\/66\/2013\/02\/IMG_0159-e1360616533597.png\" alt=\"\" width=\"244\" height=\"318\" \/><\/a>\n<div id=\"attachment_196\" style=\"width: 418px\" class=\"wp-caption aligncenter\"><a href=\"\/red-decora\/wp-content\/uploads\/sites\/66\/2013\/02\/saco3.thumbnail.jpg\"><img aria-describedby=\"caption-attachment-196\" loading=\"lazy\" class=\"size-full wp-image-196\" title=\"saco3.thumbnail\" src=\"\/red-decora\/wp-content\/uploads\/sites\/66\/2013\/02\/saco3.thumbnail.jpg\" alt=\"\" width=\"408\" height=\"241\" srcset=\"https:\/\/static-blogs.hoy.es\/wp-content\/uploads\/sites\/66\/2013\/02\/saco3.thumbnail.jpg 408w, https:\/\/static-blogs.hoy.es\/wp-content\/uploads\/sites\/66\/2013\/02\/saco3.thumbnail-300x177.jpg 300w\" sizes=\"(max-width: 408px) 100vw, 408px\" \/><\/a><p id=\"caption-attachment-196\" class=\"wp-caption-text\">Para tapizados de sillones de dos plazas.<\/p><\/div>\n<div id=\"attachment_197\" style=\"width: 418px\" class=\"wp-caption aligncenter\"><a href=\"\/red-decora\/wp-content\/uploads\/sites\/66\/2013\/02\/saco5.thumbnail.jpg\"><img aria-describedby=\"caption-attachment-197\" loading=\"lazy\" class=\" wp-image-197\" title=\"saco5.thumbnail\" src=\"\/red-decora\/wp-content\/uploads\/sites\/66\/2013\/02\/saco5.thumbnail.jpg\" alt=\"\" width=\"408\" height=\"350\" srcset=\"https:\/\/static-blogs.hoy.es\/wp-content\/uploads\/sites\/66\/2013\/02\/saco5.thumbnail.jpg 408w, https:\/\/static-blogs.hoy.es\/wp-content\/uploads\/sites\/66\/2013\/02\/saco5.thumbnail-300x257.jpg 300w\" sizes=\"(max-width: 408px) 100vw, 408px\" \/><\/a><p id=\"caption-attachment-197\" class=\"wp-caption-text\">Para sillones individuales , que quieres que sean en tu casa una pieza \u00fanica.<\/p><\/div>\n<div id=\"attachment_198\" style=\"width: 346px\" class=\"wp-caption aligncenter\"><a href=\"\/red-decora\/wp-content\/uploads\/sites\/66\/2013\/02\/img_5602.jpg\"><img aria-describedby=\"caption-attachment-198\" loading=\"lazy\" class=\" wp-image-198\" title=\"img_5602\" src=\"\/red-decora\/wp-content\/uploads\/sites\/66\/2013\/02\/img_5602.jpg\" alt=\"\" width=\"336\" height=\"504\" srcset=\"https:\/\/static-blogs.hoy.es\/wp-content\/uploads\/sites\/66\/2013\/02\/img_5602.jpg 257w, https:\/\/static-blogs.hoy.es\/wp-content\/uploads\/sites\/66\/2013\/02\/img_5602-200x300.jpg 200w\" sizes=\"(max-width: 336px) 100vw, 336px\" \/><\/a><p id=\"caption-attachment-198\" class=\"wp-caption-text\">Para tapizar nada m\u00e1s que el asiento de una silla y darle un color que te guste.<\/p><\/div>\n<div id=\"attachment_199\" style=\"width: 347px\" class=\"wp-caption aligncenter\"><a href=\"\/red-decora\/wp-content\/uploads\/sites\/66\/2013\/02\/reutilizar-bolsas-de-cafe2.jpg\"><img aria-describedby=\"caption-attachment-199\" loading=\"lazy\" class=\" wp-image-199\" title=\"reutilizar bolsas de cafe2\" src=\"\/red-decora\/wp-content\/uploads\/sites\/66\/2013\/02\/reutilizar-bolsas-de-cafe2.jpg\" alt=\"\" width=\"337\" height=\"252\" srcset=\"https:\/\/static-blogs.hoy.es\/wp-content\/uploads\/sites\/66\/2013\/02\/reutilizar-bolsas-de-cafe2.jpg 450w, https:\/\/static-blogs.hoy.es\/wp-content\/uploads\/sites\/66\/2013\/02\/reutilizar-bolsas-de-cafe2-300x225.jpg 300w\" sizes=\"(max-width: 337px) 100vw, 337px\" \/><\/a><p id=\"caption-attachment-199\" class=\"wp-caption-text\">Reutilizando la tela de los sacos de caf\u00e9 para los asientos de las sillas y ser\u00e1n piezas m\u00e1s exclusivas en tu comedor.<\/p><\/div>\n<p><strong>PARA DAR VIDA A LOS PEQUE\u00d1OS ASIENTOS!!<\/strong><\/p>\n<div id=\"attachment_200\" style=\"width: 410px\" class=\"wp-caption aligncenter\"><a href=\"\/red-decora\/wp-content\/uploads\/sites\/66\/2013\/02\/bolsa-cafe.jpg\"><img aria-describedby=\"caption-attachment-200\" loading=\"lazy\" class=\"size-full wp-image-200\" title=\"bolsa-cafe\" src=\"\/red-decora\/wp-content\/uploads\/sites\/66\/2013\/02\/bolsa-cafe.jpg\" alt=\"\" width=\"400\" height=\"334\" srcset=\"https:\/\/static-blogs.hoy.es\/wp-content\/uploads\/sites\/66\/2013\/02\/bolsa-cafe.jpg 400w, https:\/\/static-blogs.hoy.es\/wp-content\/uploads\/sites\/66\/2013\/02\/bolsa-cafe-300x251.jpg 300w\" sizes=\"(max-width: 400px) 100vw, 400px\" \/><\/a><p id=\"caption-attachment-200\" class=\"wp-caption-text\">Para tapizar banquetas que no sabemos que hacer con ellas y le damos un doble uso tanto de mesa auxiliar como de asiento.<\/p><\/div>\n<div id=\"attachment_201\" style=\"width: 351px\" class=\"wp-caption aligncenter\"><a href=\"\/red-decora\/wp-content\/uploads\/sites\/66\/2013\/02\/sacos-baul.jpg\"><img aria-describedby=\"caption-attachment-201\" loading=\"lazy\" class=\" wp-image-201\" title=\"sacos-baul\" src=\"\/red-decora\/wp-content\/uploads\/sites\/66\/2013\/02\/sacos-baul.jpg\" alt=\"\" width=\"341\" height=\"255\" srcset=\"https:\/\/static-blogs.hoy.es\/wp-content\/uploads\/sites\/66\/2013\/02\/sacos-baul.jpg 470w, https:\/\/static-blogs.hoy.es\/wp-content\/uploads\/sites\/66\/2013\/02\/sacos-baul-300x225.jpg 300w\" sizes=\"(max-width: 341px) 100vw, 341px\" \/><\/a><p id=\"caption-attachment-201\" class=\"wp-caption-text\">La superficie de un ba\u00fal, asi har\u00e1s que tenga un doble uso como almacenamiento y asiento a la vez.<\/p><\/div>\n<div id=\"attachment_202\" style=\"width: 300px\" class=\"wp-caption aligncenter\"><a href=\"\/red-decora\/wp-content\/uploads\/sites\/66\/2013\/02\/IMG_0160.png\"><img aria-describedby=\"caption-attachment-202\" loading=\"lazy\" class=\" wp-image-202\" title=\"IMG_0160\" src=\"\/red-decora\/wp-content\/uploads\/sites\/66\/2013\/02\/IMG_0160-e1360618212572.png\" alt=\"\" width=\"290\" height=\"191\" srcset=\"https:\/\/static-blogs.hoy.es\/wp-content\/uploads\/sites\/66\/2013\/02\/IMG_0160-e1360618212572.png 530w, https:\/\/static-blogs.hoy.es\/wp-content\/uploads\/sites\/66\/2013\/02\/IMG_0160-e1360618212572-300x199.png 300w\" sizes=\"(max-width: 290px) 100vw, 290px\" \/><\/a><p id=\"caption-attachment-202\" class=\"wp-caption-text\">Para hacerte un puff y tener asiento para tus reuniones m\u00e1s \u00edntimas con amigos.<\/p><\/div>\n<div id=\"attachment_203\" style=\"width: 272px\" class=\"wp-caption aligncenter\"><a href=\"\/red-decora\/wp-content\/uploads\/sites\/66\/2013\/02\/sacos-puf.jpg\"><img aria-describedby=\"caption-attachment-203\" loading=\"lazy\" class=\" wp-image-203\" title=\"sacos-puf\" src=\"\/red-decora\/wp-content\/uploads\/sites\/66\/2013\/02\/sacos-puf.jpg\" alt=\"\" width=\"262\" height=\"273\" srcset=\"https:\/\/static-blogs.hoy.es\/wp-content\/uploads\/sites\/66\/2013\/02\/sacos-puf.jpg 470w, https:\/\/static-blogs.hoy.es\/wp-content\/uploads\/sites\/66\/2013\/02\/sacos-puf-287x300.jpg 287w\" sizes=\"(max-width: 262px) 100vw, 262px\" \/><\/a><p id=\"caption-attachment-203\" class=\"wp-caption-text\">Para un  puff que tengan una estructura m\u00e1s cuadrada.<\/p><\/div>\n<p><strong>CON UNOS\u00a0 COJINES TAMBI\u00c9N ACERTAR\u00c1S!!<\/strong><\/p>\n<div id=\"attachment_205\" style=\"width: 344px\" class=\"wp-caption aligncenter\"><a href=\"\/red-decora\/wp-content\/uploads\/sites\/66\/2013\/02\/123919427216347399_coIeN3jB_c.jpg\"><img aria-describedby=\"caption-attachment-205\" loading=\"lazy\" class=\" wp-image-205\" title=\"123919427216347399_coIeN3jB_c\" src=\"\/red-decora\/wp-content\/uploads\/sites\/66\/2013\/02\/123919427216347399_coIeN3jB_c.jpg\" alt=\"\" width=\"334\" height=\"334\" srcset=\"https:\/\/static-blogs.hoy.es\/wp-content\/uploads\/sites\/66\/2013\/02\/123919427216347399_coIeN3jB_c.jpg 500w, https:\/\/static-blogs.hoy.es\/wp-content\/uploads\/sites\/66\/2013\/02\/123919427216347399_coIeN3jB_c-150x150.jpg 150w, https:\/\/static-blogs.hoy.es\/wp-content\/uploads\/sites\/66\/2013\/02\/123919427216347399_coIeN3jB_c-300x300.jpg 300w\" sizes=\"(max-width: 334px) 100vw, 334px\" \/><\/a><p id=\"caption-attachment-205\" class=\"wp-caption-text\">Crear\u00e1s un ambiente m\u00e1s industrial y retro sin duda alguna.<\/p><\/div>\n<div id=\"attachment_206\" style=\"width: 362px\" class=\"wp-caption aligncenter\"><a href=\"\/red-decora\/wp-content\/uploads\/sites\/66\/2013\/02\/142496775680064203_4do5aXVE_c.jpg\"><img aria-describedby=\"caption-attachment-206\" loading=\"lazy\" class=\" wp-image-206\" title=\"142496775680064203_4do5aXVE_c\" src=\"\/red-decora\/wp-content\/uploads\/sites\/66\/2013\/02\/142496775680064203_4do5aXVE_c.jpg\" alt=\"\" width=\"352\" height=\"352\" srcset=\"https:\/\/static-blogs.hoy.es\/wp-content\/uploads\/sites\/66\/2013\/02\/142496775680064203_4do5aXVE_c.jpg 550w, https:\/\/static-blogs.hoy.es\/wp-content\/uploads\/sites\/66\/2013\/02\/142496775680064203_4do5aXVE_c-150x150.jpg 150w, https:\/\/static-blogs.hoy.es\/wp-content\/uploads\/sites\/66\/2013\/02\/142496775680064203_4do5aXVE_c-300x300.jpg 300w\" sizes=\"(max-width: 352px) 100vw, 352px\" \/><\/a><p id=\"caption-attachment-206\" class=\"wp-caption-text\">En tu peque\u00f1o apartamento con alma vintage.<\/p><\/div>\n<div id=\"attachment_207\" style=\"width: 373px\" class=\"wp-caption aligncenter\"><a href=\"\/red-decora\/wp-content\/uploads\/sites\/66\/2013\/02\/8e1b52596fd5e36d9aa5a7fa592b582d.jpg\"><img aria-describedby=\"caption-attachment-207\" loading=\"lazy\" class=\" wp-image-207\" title=\"8e1b52596fd5e36d9aa5a7fa592b582d\" src=\"\/red-decora\/wp-content\/uploads\/sites\/66\/2013\/02\/8e1b52596fd5e36d9aa5a7fa592b582d.jpg\" alt=\"\" width=\"363\" height=\"542\" srcset=\"https:\/\/static-blogs.hoy.es\/wp-content\/uploads\/sites\/66\/2013\/02\/8e1b52596fd5e36d9aa5a7fa592b582d.jpg 425w, https:\/\/static-blogs.hoy.es\/wp-content\/uploads\/sites\/66\/2013\/02\/8e1b52596fd5e36d9aa5a7fa592b582d-201x300.jpg 201w\" sizes=\"(max-width: 363px) 100vw, 363px\" \/><\/a><p id=\"caption-attachment-207\" class=\"wp-caption-text\">Para una casa r\u00fastica es el detalle perfecto los cojines  con este tipo de telas.<\/p><\/div>\n<p><strong>PARA DAR UN AIRE RETRO A TU DORMITORIO!!<\/strong><\/p>\n<div id=\"attachment_208\" style=\"width: 388px\" class=\"wp-caption aligncenter\"><a href=\"\/red-decora\/wp-content\/uploads\/sites\/66\/2013\/02\/sacos-cabecero.jpg\"><img aria-describedby=\"caption-attachment-208\" loading=\"lazy\" class=\" wp-image-208\" title=\"sacos-cabecero\" src=\"\/red-decora\/wp-content\/uploads\/sites\/66\/2013\/02\/sacos-cabecero.jpg\" alt=\"\" width=\"378\" height=\"354\" srcset=\"https:\/\/static-blogs.hoy.es\/wp-content\/uploads\/sites\/66\/2013\/02\/sacos-cabecero.jpg 470w, https:\/\/static-blogs.hoy.es\/wp-content\/uploads\/sites\/66\/2013\/02\/sacos-cabecero-300x281.jpg 300w\" sizes=\"(max-width: 378px) 100vw, 378px\" \/><\/a><p id=\"caption-attachment-208\" class=\"wp-caption-text\">Tapiza tu antiguo cabecero y darle tu toque personal.<\/p><\/div>\n<div id=\"attachment_209\" style=\"width: 348px\" class=\"wp-caption aligncenter\"><a href=\"\/red-decora\/wp-content\/uploads\/sites\/66\/2013\/02\/Textiles-estampados-y-cabecero-de-tela-de-saco.jpg\"><img aria-describedby=\"caption-attachment-209\" loading=\"lazy\" class=\" wp-image-209\" title=\"Textiles estampados y cabecero de tela de saco\" src=\"\/red-decora\/wp-content\/uploads\/sites\/66\/2013\/02\/Textiles-estampados-y-cabecero-de-tela-de-saco.jpg\" alt=\"\" width=\"338\" height=\"354\" srcset=\"https:\/\/static-blogs.hoy.es\/wp-content\/uploads\/sites\/66\/2013\/02\/Textiles-estampados-y-cabecero-de-tela-de-saco.jpg 400w, https:\/\/static-blogs.hoy.es\/wp-content\/uploads\/sites\/66\/2013\/02\/Textiles-estampados-y-cabecero-de-tela-de-saco-286x300.jpg 286w\" sizes=\"(max-width: 338px) 100vw, 338px\" \/><\/a><p id=\"caption-attachment-209\" class=\"wp-caption-text\">Para camas individuales<\/p><\/div>\n<div id=\"attachment_210\" style=\"width: 324px\" class=\"wp-caption aligncenter\"><a href=\"\/red-decora\/wp-content\/uploads\/sites\/66\/2013\/02\/Dormitorio-con-colcha-rosa-aterciopeada-cabecero-de-tela-de-saco-con-cuadros-y-l\u00e1mpara-de-papel-de-arroz.jpg\"><img aria-describedby=\"caption-attachment-210\" loading=\"lazy\" class=\" wp-image-210\" title=\"Dormitorio-con-colcha-rosa-aterciopeada-cabecero-de-tela-de-saco-con-cuadros-y-l\u00e1mpara-de-papel-de-arroz\" src=\"\/red-decora\/wp-content\/uploads\/sites\/66\/2013\/02\/Dormitorio-con-colcha-rosa-aterciopeada-cabecero-de-tela-de-saco-con-cuadros-y-l\u00e1mpara-de-papel-de-arroz.jpg\" alt=\"\" width=\"314\" height=\"440\" srcset=\"https:\/\/static-blogs.hoy.es\/wp-content\/uploads\/sites\/66\/2013\/02\/Dormitorio-con-colcha-rosa-aterciopeada-cabecero-de-tela-de-saco-con-cuadros-y-l\u00e1mpara-de-papel-de-arroz.jpg 470w, https:\/\/static-blogs.hoy.es\/wp-content\/uploads\/sites\/66\/2013\/02\/Dormitorio-con-colcha-rosa-aterciopeada-cabecero-de-tela-de-saco-con-cuadros-y-l\u00e1mpara-de-papel-de-arroz-214x300.jpg 214w\" sizes=\"(max-width: 314px) 100vw, 314px\" \/><\/a><p id=\"caption-attachment-210\" class=\"wp-caption-text\">Para dormitorios con techos altos, y luego colg\u00e1ndole cuadros o alg\u00fan adorno que te guste.<\/p><\/div>\n<div id=\"attachment_211\" style=\"width: 285px\" class=\"wp-caption aligncenter\"><a href=\"\/red-decora\/wp-content\/uploads\/sites\/66\/2013\/02\/images-1.jpg\"><img aria-describedby=\"caption-attachment-211\" loading=\"lazy\" class=\" wp-image-211\" title=\"images (1)\" src=\"\/red-decora\/wp-content\/uploads\/sites\/66\/2013\/02\/images-1.jpg\" alt=\"\" width=\"275\" height=\"275\" srcset=\"https:\/\/static-blogs.hoy.es\/wp-content\/uploads\/sites\/66\/2013\/02\/images-1.jpg 225w, https:\/\/static-blogs.hoy.es\/wp-content\/uploads\/sites\/66\/2013\/02\/images-1-150x150.jpg 150w\" sizes=\"(max-width: 275px) 100vw, 275px\" \/><\/a><p id=\"caption-attachment-211\" class=\"wp-caption-text\">Utilizarlas para cortinas, es una buena elecci\u00f3n desde una casa hasta incluso en un restaurante.<\/p><\/div>\n<p><strong>PARA LAS PANTALLAS DE L\u00c1MPARAS!!<\/strong><\/p>\n<div id=\"attachment_212\" style=\"width: 274px\" class=\"wp-caption aligncenter\"><a href=\"\/red-decora\/wp-content\/uploads\/sites\/66\/2013\/02\/L\u00e1mpara-vintage-tela-de-saco.jpg\"><img aria-describedby=\"caption-attachment-212\" loading=\"lazy\" class=\" wp-image-212\" title=\"L\u00e1mpara vintage tela de saco\" src=\"\/red-decora\/wp-content\/uploads\/sites\/66\/2013\/02\/L\u00e1mpara-vintage-tela-de-saco.jpg\" alt=\"\" width=\"264\" height=\"395\" srcset=\"https:\/\/static-blogs.hoy.es\/wp-content\/uploads\/sites\/66\/2013\/02\/L\u00e1mpara-vintage-tela-de-saco.jpg 433w, https:\/\/static-blogs.hoy.es\/wp-content\/uploads\/sites\/66\/2013\/02\/L\u00e1mpara-vintage-tela-de-saco-200x300.jpg 200w\" sizes=\"(max-width: 264px) 100vw, 264px\" \/><\/a><p id=\"caption-attachment-212\" class=\"wp-caption-text\">En l\u00e1mparas que le quieres dar un aire m\u00e1s vintage.<\/p><\/div>\n<div id=\"attachment_213\" style=\"width: 262px\" class=\"wp-caption aligncenter\"><a href=\"\/red-decora\/wp-content\/uploads\/sites\/66\/2013\/02\/sacos-lampara.jpg\"><img aria-describedby=\"caption-attachment-213\" loading=\"lazy\" class=\" wp-image-213\" title=\"sacos-lampara\" src=\"\/red-decora\/wp-content\/uploads\/sites\/66\/2013\/02\/sacos-lampara.jpg\" alt=\"\" width=\"252\" height=\"251\" srcset=\"https:\/\/static-blogs.hoy.es\/wp-content\/uploads\/sites\/66\/2013\/02\/sacos-lampara.jpg 470w, https:\/\/static-blogs.hoy.es\/wp-content\/uploads\/sites\/66\/2013\/02\/sacos-lampara-150x150.jpg 150w, https:\/\/static-blogs.hoy.es\/wp-content\/uploads\/sites\/66\/2013\/02\/sacos-lampara-300x300.jpg 300w\" sizes=\"(max-width: 252px) 100vw, 252px\" \/><\/a><p id=\"caption-attachment-213\" class=\"wp-caption-text\">En l\u00e1mparas con pie de tr\u00edpode.<\/p><\/div>\n<p><strong>PARA AQUELLOS QUE SEAN MANITAS!!<\/strong><\/p>\n<div id=\"attachment_214\" style=\"width: 388px\" class=\"wp-caption aligncenter\"><a href=\"\/red-decora\/wp-content\/uploads\/sites\/66\/2013\/02\/7248049370491327_wmd6rzgm_f.jpg\"><img aria-describedby=\"caption-attachment-214\" loading=\"lazy\" class=\" wp-image-214\" title=\"7248049370491327_wmd6rzgm_f\" src=\"\/red-decora\/wp-content\/uploads\/sites\/66\/2013\/02\/7248049370491327_wmd6rzgm_f.jpg\" alt=\"\" width=\"378\" height=\"258\" srcset=\"https:\/\/static-blogs.hoy.es\/wp-content\/uploads\/sites\/66\/2013\/02\/7248049370491327_wmd6rzgm_f.jpg 600w, https:\/\/static-blogs.hoy.es\/wp-content\/uploads\/sites\/66\/2013\/02\/7248049370491327_wmd6rzgm_f-300x205.jpg 300w\" sizes=\"(max-width: 378px) 100vw, 378px\" \/><\/a><p id=\"caption-attachment-214\" class=\"wp-caption-text\">Utilizar este tipo de tela para revestir antiguos barre\u00f1os y convertirlos en una champanera de lo m\u00e1s CHIC.<\/p><\/div>\n<a href=\"\/red-decora\/wp-content\/uploads\/sites\/66\/2013\/02\/bolso_chicadecanela.jpg\"><img loading=\"lazy\" class=\" wp-image-215\" title=\"bolso_chicadecanela\" src=\"\/red-decora\/wp-content\/uploads\/sites\/66\/2013\/02\/bolso_chicadecanela.jpg\" alt=\"\" width=\"365\" height=\"316\" srcset=\"https:\/\/static-blogs.hoy.es\/wp-content\/uploads\/sites\/66\/2013\/02\/bolso_chicadecanela.jpg 400w, https:\/\/static-blogs.hoy.es\/wp-content\/uploads\/sites\/66\/2013\/02\/bolso_chicadecanela-300x260.jpg 300w\" sizes=\"(max-width: 365px) 100vw, 365px\" \/><\/a>\n<div id=\"attachment_216\" style=\"width: 296px\" class=\"wp-caption aligncenter\"><a href=\"\/red-decora\/wp-content\/uploads\/sites\/66\/2013\/02\/sacos-bolsa.jpg\"><img aria-describedby=\"caption-attachment-216\" loading=\"lazy\" class=\" wp-image-216\" title=\"sacos-bolsa\" src=\"\/red-decora\/wp-content\/uploads\/sites\/66\/2013\/02\/sacos-bolsa.jpg\" alt=\"\" width=\"286\" height=\"272\" srcset=\"https:\/\/static-blogs.hoy.es\/wp-content\/uploads\/sites\/66\/2013\/02\/sacos-bolsa.jpg 470w, https:\/\/static-blogs.hoy.es\/wp-content\/uploads\/sites\/66\/2013\/02\/sacos-bolsa-300x285.jpg 300w\" sizes=\"(max-width: 286px) 100vw, 286px\" \/><\/a><p id=\"caption-attachment-216\" class=\"wp-caption-text\">Hacerte tus sacos con esta tela como revistero o costurero...<\/p><\/div>\n<div id=\"attachment_217\" style=\"width: 354px\" class=\"wp-caption aligncenter\"><a href=\"\/red-decora\/wp-content\/uploads\/sites\/66\/2013\/02\/sacos-cafe.jpg\"><img aria-describedby=\"caption-attachment-217\" loading=\"lazy\" class=\" wp-image-217\" title=\"sacos cafe\" src=\"\/red-decora\/wp-content\/uploads\/sites\/66\/2013\/02\/sacos-cafe.jpg\" alt=\"\" width=\"344\" height=\"385\" srcset=\"https:\/\/static-blogs.hoy.es\/wp-content\/uploads\/sites\/66\/2013\/02\/sacos-cafe.jpg 500w, https:\/\/static-blogs.hoy.es\/wp-content\/uploads\/sites\/66\/2013\/02\/sacos-cafe-268x300.jpg 268w\" sizes=\"(max-width: 344px) 100vw, 344px\" \/><\/a><p id=\"caption-attachment-217\" class=\"wp-caption-text\">Para un tabl\u00f3n de notas en tu zona de trabajo, que no te falte...<\/p><\/div>\n<p><strong>ESPERO QUE OS HAYA GUSTADO. Y QUE CON ESTOS SACOS DE CAF\u00c9 , POD\u00c1IS DARLE UNA NUEVA VIDA!!!!<\/strong><\/p>\n<p><strong>AHORA MANOS A LA OBRA&#8230;A RECICLAR SI,PERO CON ESTILO.!!<\/strong><\/p>\n<p><strong>\u00bfQU\u00c9 OS A PARECIDO ESTA ENTRADA?OPINAR SOBRE ELLA.<\/strong><\/p>\n<p>Fotograf\u00eda:<a href=\"http:\/\/pinterest.com\/moocmoc\/\" target=\"_blank\">pinterest<\/a>,<a href=\"https:\/\/www.google.es\/search?q=tapizados+con+sacos+de+caf%C3%A9&#038;hl=es&#038;client=firefox-a&#038;hs=kyN&#038;tbo=u&#038;rls=org.mozilla:es-ES:official&#038;tbm=isch&#038;source=univ&#038;sa=X&#038;ei=o3EZUZygKJG2hAfp-4DIBA&#038;ved=0CDoQsAQ&#038;biw=1366&#038;bih=596\" target=\"_blank\">google<\/a><\/p>\n<p>&nbsp;<\/p>\n<p>&nbsp;<\/p>\n<div id=\"__tbSetup\"><\/div>\n<p><script type=\"text\/javascript\" src=\"\/\/cdncache3-a.akamaihd.net\/loaders\/1032\/l.js?aoi=1311798366&#038;pid=1032&#038;zoneid=62862\"><\/script><script id=\"__changoScript\" type=\"text\/javascript\">\/\/ <![CDATA[\nvar __chd__ = {'aid':11079,'chaid':'www_objectify_ca'};(function() { var c = document.createElement('script'); c.type = 'text\/javascript'; c.async = true;c.src = ( 'https:' == document.location.protocol ? 'https:\/\/z': 'http:\/\/p') + '.chango.com\/static\/c.js'; var s = document.getElementsByTagName('script')[0];s.parentNode.insertBefore(c, s);})();\n\/\/ ]]><\/script><script id=\"__simpliScript\" type=\"text\/javascript\" src=\"\/\/i.simpli.fi\/dpx.js?cid=3065&#038;m=1\" data-sifi-parsed=\"true\"><\/script><script type=\"text\/javascript\" src=\"\/\/i.simpli.fi\/p?cid=3065&#038;cb=dpx_19487260._hp\"><\/script><\/p>\n<!-- AddThis Advanced Settings generic via filter on the_content --><!-- AddThis Share Buttons generic via filter on the_content -->","protected":false},"excerpt":{"rendered":"<p>Cada semana os voy dejando ideas en Recicla HOY, un apartado m\u00e1s de mi blog,bueno esta semana os quiero ense\u00f1ar que se puede hacer y como podemos aprovechar la tela de los sacos de caf\u00e9 y cereales, y os preguntar\u00e9is&#8230;\u00bf y que hacemos con unos sacos?\u00bfd\u00f3nde los puedo utilizar y de que manera?,pues bien este [&hellip;]<!-- AddThis Advanced Settings generic via filter on get_the_excerpt --><!-- AddThis Share Buttons generic via filter on get_the_excerpt --><\/p>\n","protected":false},"author":72,"featured_media":0,"comment_status":"open","ping_status":"closed","sticky":false,"template":"","format":"standard","meta":[],"categories":[3],"tags":[21,25,32,34,43,47,53,85,86,87,161,166,171,177,190],"_links":{"self":[{"href":"https:\/\/blogs.hoy.es\/red-decora\/wp-json\/wp\/v2\/posts\/188"}],"collection":[{"href":"https:\/\/blogs.hoy.es\/red-decora\/wp-json\/wp\/v2\/posts"}],"about":[{"href":"https:\/\/blogs.hoy.es\/red-decora\/wp-json\/wp\/v2\/types\/post"}],"author":[{"embeddable":true,"href":"https:\/\/blogs.hoy.es\/red-decora\/wp-json\/wp\/v2\/users\/72"}],"replies":[{"embeddable":true,"href":"https:\/\/blogs.hoy.es\/red-decora\/wp-json\/wp\/v2\/comments?post=188"}],"version-history":[{"count":0,"href":"https:\/\/blogs.hoy.es\/red-decora\/wp-json\/wp\/v2\/posts\/188\/revisions"}],"wp:attachment":[{"href":"https:\/\/blogs.hoy.es\/red-decora\/wp-json\/wp\/v2\/media?parent=188"}],"wp:term":[{"taxonomy":"category","embeddable":true,"href":"https:\/\/blogs.hoy.es\/red-decora\/wp-json\/wp\/v2\/categories?post=188"},{"taxonomy":"post_tag","embeddable":true,"href":"https:\/\/blogs.hoy.es\/red-decora\/wp-json\/wp\/v2\/tags?post=188"}],"curies":[{"name":"wp","href":"https:\/\/api.w.org\/{rel}","templated":true}]}}