{"id":220,"date":"2013-02-21T19:21:28","date_gmt":"2013-02-21T19:21:28","guid":{"rendered":"http:\/\/blogs.hoy.es\/red-decora\/?p=220"},"modified":"2013-02-21T19:21:28","modified_gmt":"2013-02-21T19:21:28","slug":"un-establo-recuperado","status":"publish","type":"post","link":"https:\/\/blogs.hoy.es\/red-decora\/2013\/02\/21\/un-establo-recuperado\/","title":{"rendered":"UN ESTABLO RECUPERADO"},"content":{"rendered":"<p>Situado en un entorno privilegiado, en<strong> una finca Extreme\u00f1a de la provincia de C\u00e1ceres<\/strong>, en Guijo de Santa B\u00e1rbara ,se encuentra este maravilloso establo que estaba abandonado y ha sido transformado como residencia familiar,d\u00e1ndole un aire renovador por completo de una manera muy coherente y respetando el medio ambiente,este proyecto ha sido <strong>dise\u00f1ado por el<a href=\"http:\/\/www.abaton.es\/es\/proyectos\/271070731\/finca-en-extremadura#\" target=\"_blank\"> estudio ABAT\u00d3N<\/a> firma con sede en Madrid<\/strong><\/p>\n<div id=\"attachment_221\" style=\"width: 538px\" class=\"wp-caption aligncenter\"><a href=\"\/red-decora\/wp-content\/uploads\/sites\/66\/2013\/02\/1329706964-x5c4605.jpg\"><img aria-describedby=\"caption-attachment-221\" loading=\"lazy\" class=\"size-full wp-image-221\" title=\"1329706964-x5c4605-528x351\" src=\"\/red-decora\/wp-content\/uploads\/sites\/66\/2013\/02\/1329706964-x5c4605.jpg\" alt=\"\" width=\"528\" height=\"351\" \/><\/a><p id=\"caption-attachment-221\" class=\"wp-caption-text\">Uno de los laterales de la vivienda y  la entrada<\/p><\/div>\n<p>&nbsp;<\/p>\n<div id=\"attachment_222\" style=\"width: 545px\" class=\"wp-caption aligncenter\"><a href=\"\/red-decora\/wp-content\/uploads\/sites\/66\/2013\/02\/Estate-in-Extremadura-by-Abaton.jpg\"><img aria-describedby=\"caption-attachment-222\" loading=\"lazy\" class=\" wp-image-222\" title=\"Estate-in-Extremadura-by-Abaton\" src=\"\/red-decora\/wp-content\/uploads\/sites\/66\/2013\/02\/Estate-in-Extremadura-by-Abaton.jpg\" alt=\"\" width=\"535\" height=\"357\" srcset=\"https:\/\/static-blogs.hoy.es\/wp-content\/uploads\/sites\/66\/2013\/02\/Estate-in-Extremadura-by-Abaton.jpg 600w, https:\/\/static-blogs.hoy.es\/wp-content\/uploads\/sites\/66\/2013\/02\/Estate-in-Extremadura-by-Abaton-300x200.jpg 300w\" sizes=\"(max-width: 535px) 100vw, 535px\" \/><\/a><p id=\"caption-attachment-222\" class=\"wp-caption-text\">Vista a\u00e9rea de la vivienda<\/p><\/div>\n<p>La fachada sur es la m\u00e1s alargada,se puede apreciar que donde tienen la pendiente del terreno,han\u00a0 ubicado tambi\u00e9n la terraza y\u00a0 la piscina,al ser una de las fachadas m\u00e1s alargadas los s\u00f3lidos <strong>muros de piedra han sido selectivamente abiertos para el aprovechamiento de la luz natural,<\/strong>estructuralmente han sido complementados con pilares met\u00e1licos,manteniendo el exterior r\u00fastico.<\/p>\n<p>&nbsp;<\/p>\n<div id=\"attachment_223\" style=\"width: 554px\" class=\"wp-caption aligncenter\"><a href=\"\/red-decora\/wp-content\/uploads\/sites\/66\/2013\/02\/Estate-in-Extremadura-by-Abaton-3.jpg\"><img aria-describedby=\"caption-attachment-223\" loading=\"lazy\" class=\" wp-image-223\" title=\"Estate-in-Extremadura-by-Abaton-3\" src=\"\/red-decora\/wp-content\/uploads\/sites\/66\/2013\/02\/Estate-in-Extremadura-by-Abaton-3.jpg\" alt=\"\" width=\"544\" height=\"373\" \/><\/a><p id=\"caption-attachment-223\" class=\"wp-caption-text\">Entrada desde la cocina<\/p><\/div>\n<div id=\"attachment_224\" style=\"width: 548px\" class=\"wp-caption aligncenter\"><a href=\"\/red-decora\/wp-content\/uploads\/sites\/66\/2013\/02\/ee_241212_13.jpg\"><img aria-describedby=\"caption-attachment-224\" loading=\"lazy\" class=\" wp-image-224\" title=\"ee_241212_13-630x945\" src=\"\/red-decora\/wp-content\/uploads\/sites\/66\/2013\/02\/ee_241212_13.jpg\" alt=\"\" width=\"538\" height=\"651\" \/><\/a><p id=\"caption-attachment-224\" class=\"wp-caption-text\">Cocina abierta, zona de comedor mesa blanca con un dise\u00f1o muy sencillo y sillas FER CHAIR .<\/p><\/div>\n<div id=\"attachment_225\" style=\"width: 305px\" class=\"wp-caption aligncenter\"><a href=\"\/red-decora\/wp-content\/uploads\/sites\/66\/2013\/02\/Estate-in-Extremadura-by-Abaton-12.jpg\"><img aria-describedby=\"caption-attachment-225\" loading=\"lazy\" class=\"size-full wp-image-225\" title=\"Estate-in-Extremadura-by-Abaton-12\" src=\"\/red-decora\/wp-content\/uploads\/sites\/66\/2013\/02\/Estate-in-Extremadura-by-Abaton-12-e1361369541327.jpg\" alt=\"\" width=\"295\" height=\"450\" srcset=\"https:\/\/static-blogs.hoy.es\/wp-content\/uploads\/sites\/66\/2013\/02\/Estate-in-Extremadura-by-Abaton-12-e1361369541327.jpg 295w, https:\/\/static-blogs.hoy.es\/wp-content\/uploads\/sites\/66\/2013\/02\/Estate-in-Extremadura-by-Abaton-12-e1361369541327-197x300.jpg 197w\" sizes=\"(max-width: 295px) 100vw, 295px\" \/><\/a><p id=\"caption-attachment-225\" class=\"wp-caption-text\">Zona abierta de la cocina ,eligiendo las banquetas altas ONE.<\/p><\/div>\n<div id=\"attachment_226\" style=\"width: 541px\" class=\"wp-caption aligncenter\"><a href=\"\/red-decora\/wp-content\/uploads\/sites\/66\/2013\/02\/Estate-in-Extremadura-by-Abaton-8.jpg\"><img aria-describedby=\"caption-attachment-226\" loading=\"lazy\" class=\" wp-image-226\" title=\"Estate-in-Extremadura-by-Abaton-8\" src=\"\/red-decora\/wp-content\/uploads\/sites\/66\/2013\/02\/Estate-in-Extremadura-by-Abaton-8.jpg\" alt=\"\" width=\"531\" height=\"354\" srcset=\"https:\/\/static-blogs.hoy.es\/wp-content\/uploads\/sites\/66\/2013\/02\/Estate-in-Extremadura-by-Abaton-8.jpg 600w, https:\/\/static-blogs.hoy.es\/wp-content\/uploads\/sites\/66\/2013\/02\/Estate-in-Extremadura-by-Abaton-8-300x200.jpg 300w\" sizes=\"(max-width: 531px) 100vw, 531px\" \/><\/a><p id=\"caption-attachment-226\" class=\"wp-caption-text\">Sal\u00f3n comedor abierto con las dem\u00e1s estancias de la planta baja.<\/p><\/div>\n<p>El interior de la casa son <strong>colores muy neutros,<\/strong>utilizando el blanco para casi todas las estancias de la casa\u00a0 y algunas paredes y en el techo\u00a0 predomina el hormig\u00f3n armado y eso le da un aire m\u00e1s industrial, eligiendo un suelo de<span><strong> piedra <a href=\"http:\/\/www.grupocosentino.es\/info\/productos-scalea\/240\/\" target=\"_blank\">travertino nazar\u00ed envejecido<\/a>.<\/strong>Se pueden tambi\u00e9n apreciar que han conservado algunas de las piezas del establo de manera decorativa en la actual vivienda.<\/span><\/p>\n<div id=\"attachment_227\" style=\"width: 520px\" class=\"wp-caption aligncenter\"><a href=\"\/red-decora\/wp-content\/uploads\/sites\/66\/2013\/02\/Estate-in-Extremadura-by-Abaton-9.jpg\"><img aria-describedby=\"caption-attachment-227\" loading=\"lazy\" class=\" wp-image-227\" title=\"Estate-in-Extremadura-by-Abaton-9\" src=\"\/red-decora\/wp-content\/uploads\/sites\/66\/2013\/02\/Estate-in-Extremadura-by-Abaton-9.jpg\" alt=\"\" width=\"510\" height=\"340\" srcset=\"https:\/\/static-blogs.hoy.es\/wp-content\/uploads\/sites\/66\/2013\/02\/Estate-in-Extremadura-by-Abaton-9.jpg 600w, https:\/\/static-blogs.hoy.es\/wp-content\/uploads\/sites\/66\/2013\/02\/Estate-in-Extremadura-by-Abaton-9-300x200.jpg 300w\" sizes=\"(max-width: 510px) 100vw, 510px\" \/><\/a><p id=\"caption-attachment-227\" class=\"wp-caption-text\">El amueblamiento de de la vivienda ha sido  realizado por el estudio BATAVIA<\/p><\/div>\n<div id=\"attachment_228\" style=\"width: 419px\" class=\"wp-caption aligncenter\"><a href=\"\/red-decora\/wp-content\/uploads\/sites\/66\/2013\/02\/1329706618-x5c4351.jpg\"><img aria-describedby=\"caption-attachment-228\" loading=\"lazy\" class=\" wp-image-228\" title=\"1329706618-x5c4351-333x500\" src=\"\/red-decora\/wp-content\/uploads\/sites\/66\/2013\/02\/1329706618-x5c4351.jpg\" alt=\"\" width=\"409\" height=\"614\" \/><\/a><p id=\"caption-attachment-228\" class=\"wp-caption-text\">El estudio BATAVIA no sali\u00e9ndose de su l\u00ednea con mobiliario de maderas naturales y mezclando piezas vintage y de l\u00edneas tambi\u00e9n modernas.<\/p><\/div>\n<div id=\"attachment_229\" style=\"width: 466px\" class=\"wp-caption aligncenter\"><a href=\"\/red-decora\/wp-content\/uploads\/sites\/66\/2013\/02\/Estate-in-Extremadura-by-Abaton-15.jpg\"><img aria-describedby=\"caption-attachment-229\" loading=\"lazy\" class=\" wp-image-229\" title=\"Estate-in-Extremadura-by-Abaton-15\" src=\"\/red-decora\/wp-content\/uploads\/sites\/66\/2013\/02\/Estate-in-Extremadura-by-Abaton-15.jpg\" alt=\"\" width=\"456\" height=\"683\" srcset=\"https:\/\/static-blogs.hoy.es\/wp-content\/uploads\/sites\/66\/2013\/02\/Estate-in-Extremadura-by-Abaton-15.jpg 600w, https:\/\/static-blogs.hoy.es\/wp-content\/uploads\/sites\/66\/2013\/02\/Estate-in-Extremadura-by-Abaton-15-200x300.jpg 200w\" sizes=\"(max-width: 456px) 100vw, 456px\" \/><\/a><p id=\"caption-attachment-229\" class=\"wp-caption-text\">Zona de dormitorios<\/p><\/div>\n<div id=\"attachment_230\" style=\"width: 610px\" class=\"wp-caption aligncenter\"><a href=\"\/red-decora\/wp-content\/uploads\/sites\/66\/2013\/02\/Estate-in-Extremadura-by-Abaton-14.jpg\"><img aria-describedby=\"caption-attachment-230\" loading=\"lazy\" class=\"size-full wp-image-230\" title=\"Estate-in-Extremadura-by-Abaton-14\" src=\"\/red-decora\/wp-content\/uploads\/sites\/66\/2013\/02\/Estate-in-Extremadura-by-Abaton-14.jpg\" alt=\"\" width=\"600\" height=\"439\" srcset=\"https:\/\/static-blogs.hoy.es\/wp-content\/uploads\/sites\/66\/2013\/02\/Estate-in-Extremadura-by-Abaton-14.jpg 600w, https:\/\/static-blogs.hoy.es\/wp-content\/uploads\/sites\/66\/2013\/02\/Estate-in-Extremadura-by-Abaton-14-300x220.jpg 300w\" sizes=\"(max-width: 600px) 100vw, 600px\" \/><\/a><p id=\"caption-attachment-230\" class=\"wp-caption-text\">Dormitorios<\/p><\/div>\n<div id=\"attachment_238\" style=\"width: 482px\" class=\"wp-caption aligncenter\"><a href=\"\/red-decora\/wp-content\/uploads\/sites\/66\/2013\/02\/1329706327-x5c4295.jpg\"><img aria-describedby=\"caption-attachment-238\" loading=\"lazy\" class=\" wp-image-238\" title=\"1329706327-x5c4295-666x1000\" src=\"\/red-decora\/wp-content\/uploads\/sites\/66\/2013\/02\/1329706327-x5c4295.jpg\" alt=\"\" width=\"472\" height=\"707\" \/><\/a><p id=\"caption-attachment-238\" class=\"wp-caption-text\">Dormitorios de invitados,con literas.<\/p><\/div>\n<div id=\"attachment_236\" style=\"width: 491px\" class=\"wp-caption aligncenter\"><a href=\"\/red-decora\/wp-content\/uploads\/sites\/66\/2013\/02\/mm-Estate-in-Extremadura-design-by-\u00c1baton-07.jpg\"><img aria-describedby=\"caption-attachment-236\" loading=\"lazy\" class=\" wp-image-236\" title=\"mm - Estate in Extremadura design by \u00c1baton 07\" src=\"\/red-decora\/wp-content\/uploads\/sites\/66\/2013\/02\/mm-Estate-in-Extremadura-design-by-\u00c1baton-07.jpg\" alt=\"\" width=\"481\" height=\"325\" srcset=\"https:\/\/static-blogs.hoy.es\/wp-content\/uploads\/sites\/66\/2013\/02\/mm-Estate-in-Extremadura-design-by-\u00c1baton-07.jpg 960w, https:\/\/static-blogs.hoy.es\/wp-content\/uploads\/sites\/66\/2013\/02\/mm-Estate-in-Extremadura-design-by-\u00c1baton-07-300x203.jpg 300w, https:\/\/static-blogs.hoy.es\/wp-content\/uploads\/sites\/66\/2013\/02\/mm-Estate-in-Extremadura-design-by-\u00c1baton-07-768x520.jpg 768w\" sizes=\"(max-width: 481px) 100vw, 481px\" \/><\/a><p id=\"caption-attachment-236\" class=\"wp-caption-text\">En los ba\u00f1os se han conservado piezas del antiguo establo para el lavabo.<\/p><\/div>\n<div id=\"attachment_231\" style=\"width: 401px\" class=\"wp-caption aligncenter\"><a href=\"\/red-decora\/wp-content\/uploads\/sites\/66\/2013\/02\/Estate-in-Extremadura-by-Abaton-Architect-Firm-image2.jpg\"><img aria-describedby=\"caption-attachment-231\" loading=\"lazy\" class=\" wp-image-231\" title=\"Estate-in-Extremadura-by-Abaton-Architect-Firm-image2\" src=\"\/red-decora\/wp-content\/uploads\/sites\/66\/2013\/02\/Estate-in-Extremadura-by-Abaton-Architect-Firm-image2.jpg\" alt=\"\" width=\"391\" height=\"219\" srcset=\"https:\/\/static-blogs.hoy.es\/wp-content\/uploads\/sites\/66\/2013\/02\/Estate-in-Extremadura-by-Abaton-Architect-Firm-image2.jpg 620w, https:\/\/static-blogs.hoy.es\/wp-content\/uploads\/sites\/66\/2013\/02\/Estate-in-Extremadura-by-Abaton-Architect-Firm-image2-300x168.jpg 300w\" sizes=\"(max-width: 391px) 100vw, 391px\" \/><\/a><p id=\"caption-attachment-231\" class=\"wp-caption-text\">  Vista general del sal\u00f3n, donde se aprecia la doble altura ,los pilares met\u00e1licos y       como se aprovecha la luz natural por sus grandes ventanales<\/p><\/div>\n<div id=\"attachment_234\" style=\"width: 630px\" class=\"wp-caption aligncenter\"><a href=\"\/red-decora\/wp-content\/uploads\/sites\/66\/2013\/02\/Estate-in-Extremadura-by-Abaton-Architect-Firm-image1.jpg\"><img aria-describedby=\"caption-attachment-234\" loading=\"lazy\" class=\"size-full wp-image-234\" title=\"Estate-in-Extremadura-by-Abaton-Architect-Firm-image1\" src=\"\/red-decora\/wp-content\/uploads\/sites\/66\/2013\/02\/Estate-in-Extremadura-by-Abaton-Architect-Firm-image1.jpg\" alt=\"\" width=\"620\" height=\"347\" srcset=\"https:\/\/static-blogs.hoy.es\/wp-content\/uploads\/sites\/66\/2013\/02\/Estate-in-Extremadura-by-Abaton-Architect-Firm-image1.jpg 620w, https:\/\/static-blogs.hoy.es\/wp-content\/uploads\/sites\/66\/2013\/02\/Estate-in-Extremadura-by-Abaton-Architect-Firm-image1-300x168.jpg 300w\" sizes=\"(max-width: 620px) 100vw, 620px\" \/><\/a><p id=\"caption-attachment-234\" class=\"wp-caption-text\">Vista frontal de la fachada sur.<\/p><\/div>\n<p>&nbsp;<\/p>\n<div id=\"attachment_237\" style=\"width: 513px\" class=\"wp-caption aligncenter\"><a href=\"\/red-decora\/wp-content\/uploads\/sites\/66\/2013\/02\/Extremadura-country-estate-abaton-lead2.png\"><img aria-describedby=\"caption-attachment-237\" loading=\"lazy\" class=\" wp-image-237\" title=\"Extremadura-country-estate-abaton-lead2\" src=\"\/red-decora\/wp-content\/uploads\/sites\/66\/2013\/02\/Extremadura-country-estate-abaton-lead2.png\" alt=\"\" width=\"503\" height=\"310\" srcset=\"https:\/\/static-blogs.hoy.es\/wp-content\/uploads\/sites\/66\/2013\/02\/Extremadura-country-estate-abaton-lead2.png 728w, https:\/\/static-blogs.hoy.es\/wp-content\/uploads\/sites\/66\/2013\/02\/Extremadura-country-estate-abaton-lead2-300x185.png 300w\" sizes=\"(max-width: 503px) 100vw, 503px\" \/><\/a><p id=\"caption-attachment-237\" class=\"wp-caption-text\">Vista de la piscina y el valle.<\/p><\/div>\n<div id=\"__tbSetup\">\n<div id=\"attachment_232\" style=\"width: 557px\" class=\"wp-caption aligncenter\"><a href=\"\/red-decora\/wp-content\/uploads\/sites\/66\/2013\/02\/1329707421-floor-plan-2.png\"><img aria-describedby=\"caption-attachment-232\" loading=\"lazy\" class=\" wp-image-232 \" title=\"1329707421-floor-plan-2\" src=\"\/red-decora\/wp-content\/uploads\/sites\/66\/2013\/02\/1329707421-floor-plan-2.png\" alt=\"\" width=\"547\" height=\"772\" srcset=\"https:\/\/static-blogs.hoy.es\/wp-content\/uploads\/sites\/66\/2013\/02\/1329707421-floor-plan-2-212x300.png 212w, https:\/\/static-blogs.hoy.es\/wp-content\/uploads\/sites\/66\/2013\/02\/1329707421-floor-plan-2-768x1086.png 768w\" sizes=\"(max-width: 547px) 100vw, 547px\" \/><\/a><p id=\"caption-attachment-232\" class=\"wp-caption-text\">PLANOS DE LAS PLANTAS<\/p><\/div>\n<\/div>\n<div id=\"attachment_233\" style=\"width: 610px\" class=\"wp-caption aligncenter\"><a href=\"\/red-decora\/wp-content\/uploads\/sites\/66\/2013\/02\/Estate-in-Extremadura-by-Abaton-19.jpg\"><img aria-describedby=\"caption-attachment-233\" loading=\"lazy\" class=\"size-full wp-image-233\" title=\"Estate-in-Extremadura-by-Abaton-19\" src=\"\/red-decora\/wp-content\/uploads\/sites\/66\/2013\/02\/Estate-in-Extremadura-by-Abaton-19.jpg\" alt=\"\" width=\"600\" height=\"199\" srcset=\"https:\/\/static-blogs.hoy.es\/wp-content\/uploads\/sites\/66\/2013\/02\/Estate-in-Extremadura-by-Abaton-19.jpg 600w, https:\/\/static-blogs.hoy.es\/wp-content\/uploads\/sites\/66\/2013\/02\/Estate-in-Extremadura-by-Abaton-19-300x100.jpg 300w\" sizes=\"(max-width: 600px) 100vw, 600px\" \/><\/a><p id=\"caption-attachment-233\" class=\"wp-caption-text\">PLANO DE LA SECCI\u00d3N<\/p><\/div>\n<p style=\"text-align: center;\"><strong>ESPERO QUE OS HAYA GUSTADO ESTE MAGN\u00cdFICO LUGAR QUE OS HE PRESENTADO<\/strong>!!!<\/p>\n<p style=\"text-align: center;\">Fotografia: <a href=\"http:\/\/http:\/\/www.abaton.es\/en\/projects\/271070731\/estate-in-extremadura\" target=\"_blank\">ABATON<\/a>,<a href=\"http:\/\/https:\/\/www.google.es\/search?q=estate+extremadura+abaton&#038;hl=es&#038;client=firefox-a&#038;hs=cKI&#038;rls=org.mozilla:es-ES:official&#038;source=lnms&#038;tbm=isch&#038;sa=X&#038;ei=R3ImUdnhLajK0QW3m4CABQ&#038;ved=0CAoQ_AUoAQ&#038;biw=1366&#038;bih=596\" target=\"_blank\">google<\/a><a href=\"http:\/\/pinterest.com\/moocmoc\/\" target=\"_blank\">,pinterest<\/a>,<a href=\"http:\/\/www.batavia.net\/proyectos-interiorismo\" target=\"_blank\">BATAVIA<\/a>,<a href=\"http:\/\/www.designboom.com\/architecture\/abaton-estate-in-extremadura\/\" target=\"_blank\">designboom<\/a>,<a href=\"http:\/\/www.archdaily.com\/209535\/estate-in-extremadura-abaton-architects\/\" target=\"_blank\">archdaily<\/a><\/p>\n<!-- AddThis Advanced Settings generic via filter on the_content --><!-- AddThis Share Buttons generic via filter on the_content -->","protected":false},"excerpt":{"rendered":"<p>Situado en un entorno privilegiado, en una finca Extreme\u00f1a de la provincia de C\u00e1ceres, en Guijo de Santa B\u00e1rbara ,se encuentra este maravilloso establo que estaba abandonado y ha sido transformado como residencia familiar,d\u00e1ndole un aire renovador por completo de una manera muy coherente y respetando el medio ambiente,este proyecto ha sido dise\u00f1ado por el [&hellip;]<!-- AddThis Advanced Settings generic via filter on get_the_excerpt --><!-- AddThis Share Buttons generic via filter on get_the_excerpt --><\/p>\n","protected":false},"author":72,"featured_media":0,"comment_status":"open","ping_status":"closed","sticky":false,"template":"","format":"standard","meta":[],"categories":[4],"tags":[7,26,29,36,48,82,93,101,124,139,148,192],"_links":{"self":[{"href":"https:\/\/blogs.hoy.es\/red-decora\/wp-json\/wp\/v2\/posts\/220"}],"collection":[{"href":"https:\/\/blogs.hoy.es\/red-decora\/wp-json\/wp\/v2\/posts"}],"about":[{"href":"https:\/\/blogs.hoy.es\/red-decora\/wp-json\/wp\/v2\/types\/post"}],"author":[{"embeddable":true,"href":"https:\/\/blogs.hoy.es\/red-decora\/wp-json\/wp\/v2\/users\/72"}],"replies":[{"embeddable":true,"href":"https:\/\/blogs.hoy.es\/red-decora\/wp-json\/wp\/v2\/comments?post=220"}],"version-history":[{"count":0,"href":"https:\/\/blogs.hoy.es\/red-decora\/wp-json\/wp\/v2\/posts\/220\/revisions"}],"wp:attachment":[{"href":"https:\/\/blogs.hoy.es\/red-decora\/wp-json\/wp\/v2\/media?parent=220"}],"wp:term":[{"taxonomy":"category","embeddable":true,"href":"https:\/\/blogs.hoy.es\/red-decora\/wp-json\/wp\/v2\/categories?post=220"},{"taxonomy":"post_tag","embeddable":true,"href":"https:\/\/blogs.hoy.es\/red-decora\/wp-json\/wp\/v2\/tags?post=220"}],"curies":[{"name":"wp","href":"https:\/\/api.w.org\/{rel}","templated":true}]}}