{"id":241,"date":"2013-03-25T15:16:07","date_gmt":"2013-03-25T15:16:07","guid":{"rendered":"http:\/\/blogs.hoy.es\/red-decora\/?p=241"},"modified":"2013-03-25T15:16:07","modified_gmt":"2013-03-25T15:16:07","slug":"el-palacio-de-congresos-de-badajoz-derrocha-vanguardia","status":"publish","type":"post","link":"https:\/\/blogs.hoy.es\/red-decora\/2013\/03\/25\/el-palacio-de-congresos-de-badajoz-derrocha-vanguardia\/","title":{"rendered":"El Palacio de Congresos de Badajoz  derrocha vanguardia"},"content":{"rendered":"<p>El <strong><a href=\"http:\/\/www.palcongrex.es\/\" target=\"_blank\">Palacio de Congresos de Badajoz \u201cManuel Rojas<\/a><\/strong> se ha convertido en un aut\u00e9ntico s\u00edmbolo de la vanguardia de Extremadura. Fue<strong> inaugurado en el 2006<\/strong>, y su construcci\u00f3n se<strong> ubica en el interior del Baluarte de San Roque, del siglo XVII<\/strong>. El edificio es obra de los <strong>arquitectos <a href=\"http:\/\/www.selgascano.net\/\" target=\"_blank\">Jos\u00e9 Selgas y Lucia Cano.<\/a><\/strong><\/p>\n<p><strong><\/strong>El estudio Selgas&#038;Cano han actuado desde el reconocimiento y comprensi\u00f3n de las condiciones que dan identidad desde el siglo XVIII al enclave urbano donde se encuentra hoy el edificio, asumiendo sensiblemente esa herencia y ofreciendo una construcci\u00f3n que busca no s\u00f3lo conservar la esencia de esa identidad, sino ser parte de ella.<\/p>\n<p><strong>La obra fue seleccionada como integrante en la exposici\u00f3n \u201c<a href=\"http:\/\/www.moma.org\/visit\/calendar\/exhibitions\/86\" target=\"_blank\">ON-SITE <\/a>\u201cen el<a href=\"http:\/\/www.moma.org\/\" target=\"_blank\"> MoMa de \u00a0New York<\/a>, junto a otros 52 edificios, que presenta a los m\u00e1s representativo\u00a0 de la nueva arquitectura espa\u00f1ola de los \u00faltimos 30 a\u00f1os.<\/strong><\/p>\n<p>Con el prop\u00f3sito siempre se\u00f1alado de las instituciones oficiales de construir un centro que dinamice la vida cultural \u00a0y local adem\u00e1s de funcionar como una pieza que articule la conexi\u00f3n entre el casco antiguo y el ensanche de Badajoz, contribuyendo tambi\u00e9n a modernizar su paisaje urbano, el estudio de Selgascano ha logrado un edificio que satisface estos requerimientos oficiales y que en el <strong>\u00e1mbito arquitect\u00f3nico demuestra una serena y s\u00f3lida expresi\u00f3n de una creatividad inteligente.<\/strong><\/p>\n<a href=\"\/red-decora\/wp-content\/uploads\/sites\/66\/2013\/03\/4273383517_3224352f63_z.jpg\"><img loading=\"lazy\" class=\" wp-image-265\" title=\"4273383517_3224352f63_z\" src=\"\/red-decora\/wp-content\/uploads\/sites\/66\/2013\/03\/4273383517_3224352f63_z.jpg\" alt=\"\" width=\"448\" height=\"336\" srcset=\"https:\/\/static-blogs.hoy.es\/wp-content\/uploads\/sites\/66\/2013\/03\/4273383517_3224352f63_z.jpg 640w, https:\/\/static-blogs.hoy.es\/wp-content\/uploads\/sites\/66\/2013\/03\/4273383517_3224352f63_z-300x225.jpg 300w\" sizes=\"(max-width: 448px) 100vw, 448px\" \/><\/a>\n<div id=\"__tbSetup\"><a href=\"\/red-decora\/wp-content\/uploads\/sites\/66\/2013\/03\/8597region.jpg\"><img loading=\"lazy\" class=\"wp-image-266 aligncenter\" title=\"8597region\" src=\"\/red-decora\/wp-content\/uploads\/sites\/66\/2013\/03\/8597region.jpg\" alt=\"\" width=\"562\" height=\"349\" srcset=\"https:\/\/static-blogs.hoy.es\/wp-content\/uploads\/sites\/66\/2013\/03\/8597region.jpg 803w, https:\/\/static-blogs.hoy.es\/wp-content\/uploads\/sites\/66\/2013\/03\/8597region-300x186.jpg 300w, https:\/\/static-blogs.hoy.es\/wp-content\/uploads\/sites\/66\/2013\/03\/8597region-768x477.jpg 768w\" sizes=\"(max-width: 562px) 100vw, 562px\" \/><\/a><\/div>\n<div><\/div>\n<p><a href=\"http:\/\/www.palcongrex.es\/\" target=\"_blank\">El Palacio de Congresos de Badajoz<\/a>,<strong> se levanta en la parte de la antigua muralla defensiva que rodeaba a la ciudad, sobre los restos de \u00a0antiguas plazas de toros<\/strong> que antiguamente ocuparon ese punto y por la cual se debe su forma circular de las dos estructuras externas que conforman la construcci\u00f3n.<\/p>\n<div id=\"attachment_267\" style=\"width: 607px\" class=\"wp-caption aligncenter\"><a href=\"\/red-decora\/wp-content\/uploads\/sites\/66\/2013\/03\/FG_congresosbada1.jpg\"><img aria-describedby=\"caption-attachment-267\" loading=\"lazy\" class=\" wp-image-267\" title=\"FG_congresosbada1\" src=\"\/red-decora\/wp-content\/uploads\/sites\/66\/2013\/03\/FG_congresosbada1.jpg\" alt=\"\" width=\"597\" height=\"179\" srcset=\"https:\/\/static-blogs.hoy.es\/wp-content\/uploads\/sites\/66\/2013\/03\/FG_congresosbada1.jpg 1200w, https:\/\/static-blogs.hoy.es\/wp-content\/uploads\/sites\/66\/2013\/03\/FG_congresosbada1-300x90.jpg 300w, https:\/\/static-blogs.hoy.es\/wp-content\/uploads\/sites\/66\/2013\/03\/FG_congresosbada1-768x230.jpg 768w, https:\/\/static-blogs.hoy.es\/wp-content\/uploads\/sites\/66\/2013\/03\/FG_congresosbada1-1024x307.jpg 1024w\" sizes=\"(max-width: 597px) 100vw, 597px\" \/><\/a><p id=\"caption-attachment-267\" class=\"wp-caption-text\">Vista del edificio iluminada junto a la muralla.<\/p><\/div>\n<p>Hay que <strong>destacar un gran anillo de fibra de vidrio crea la primera \u00a0fachada<\/strong>, seguido\u00a0 por un cilindro en el que cabe destacar su <strong>fachada blanca y luminosa con un acabado en forma de anillos de metacrilato iluminado<\/strong>. \u00a0La entrada al edificio se realiza en bajada y desembocando en el gran vest\u00edbulo enterrado e iluminado por los lucernarios desde el que parten las diferentes escaleras que van siguiendo la curvatura del per\u00edmetro del auditorio y se distribuye el acceso a las diferentes dependencias del edificio.<\/p>\n<div id=\"attachment_281\" style=\"width: 607px\" class=\"wp-caption aligncenter\"><a href=\"\/red-decora\/wp-content\/uploads\/sites\/66\/2013\/03\/Trabajo_campo.jpg\"><img aria-describedby=\"caption-attachment-281\" loading=\"lazy\" class=\" wp-image-281\" title=\"Trabajo_campo\" src=\"\/red-decora\/wp-content\/uploads\/sites\/66\/2013\/03\/Trabajo_campo.jpg\" alt=\"\" width=\"597\" height=\"400\" srcset=\"https:\/\/static-blogs.hoy.es\/wp-content\/uploads\/sites\/66\/2013\/03\/Trabajo_campo.jpg 995w, https:\/\/static-blogs.hoy.es\/wp-content\/uploads\/sites\/66\/2013\/03\/Trabajo_campo-300x201.jpg 300w, https:\/\/static-blogs.hoy.es\/wp-content\/uploads\/sites\/66\/2013\/03\/Trabajo_campo-768x514.jpg 768w\" sizes=\"(max-width: 597px) 100vw, 597px\" \/><\/a><p id=\"caption-attachment-281\" class=\"wp-caption-text\">Entrada subterr\u00e1nea al edificio.<\/p><\/div>\n<p>El tramo subterr\u00e1neo entre el anillo exterior y el cilindro est\u00e1 ocupado por diferentes salas peque\u00f1as. Las cinco plantas de altura del cilindro contienen un auditorio con escenario de grandes dimensiones y aforo para un millar de personas, aula de seminarios, tres salas polivalentes y una de exposiciones, dependencias administrativas y de servicios. La identidad del edificio como pieza urbana se define por la singularidad que le otorga la apariencia de transparencia y ligereza obtenida mediante el uso de los materiales que rodean su exterior, matizados a lo largo del d\u00eda en su juego con la luz natural, con el prop\u00f3sito de imbuir a su presencia de la virtud de la discreci\u00f3n, como intentando hacerla desaparecer diluida en la fuerte herencia del lugar donde ahora se levanta.<\/p>\n<div id=\"attachment_282\" style=\"width: 380px\" class=\"wp-caption aligncenter\"><a href=\"\/red-decora\/wp-content\/uploads\/sites\/66\/2013\/03\/1148-palacio4.jpg\"><img aria-describedby=\"caption-attachment-282\" loading=\"lazy\" class=\"size-full wp-image-282\" title=\"1148-palacio4\" src=\"\/red-decora\/wp-content\/uploads\/sites\/66\/2013\/03\/1148-palacio4.jpg\" alt=\"\" width=\"370\" height=\"493\" srcset=\"https:\/\/static-blogs.hoy.es\/wp-content\/uploads\/sites\/66\/2013\/03\/1148-palacio4.jpg 370w, https:\/\/static-blogs.hoy.es\/wp-content\/uploads\/sites\/66\/2013\/03\/1148-palacio4-225x300.jpg 225w\" sizes=\"(max-width: 370px) 100vw, 370px\" \/><\/a><p id=\"caption-attachment-282\" class=\"wp-caption-text\">Vistas del interior del Palacio de Congresos.<\/p><\/div>\n<div id=\"attachment_277\" style=\"width: 437px\" class=\"wp-caption aligncenter\"><a href=\"\/red-decora\/wp-content\/uploads\/sites\/66\/2013\/03\/1205670805_118181ff42_z1.jpg\"><img aria-describedby=\"caption-attachment-277\" loading=\"lazy\" class=\"size-full wp-image-277\" title=\"1205670805_118181ff42_z\" src=\"\/red-decora\/wp-content\/uploads\/sites\/66\/2013\/03\/1205670805_118181ff42_z1.jpg\" alt=\"\" width=\"427\" height=\"640\" srcset=\"https:\/\/static-blogs.hoy.es\/wp-content\/uploads\/sites\/66\/2013\/03\/1205670805_118181ff42_z1.jpg 427w, https:\/\/static-blogs.hoy.es\/wp-content\/uploads\/sites\/66\/2013\/03\/1205670805_118181ff42_z1-200x300.jpg 200w\" sizes=\"(max-width: 427px) 100vw, 427px\" \/><\/a><p id=\"caption-attachment-277\" class=\"wp-caption-text\">Uno de los pasillos del interior del edificio.<\/p><\/div>\n<div id=\"attachment_278\" style=\"width: 409px\" class=\"wp-caption aligncenter\"><a href=\"\/red-decora\/wp-content\/uploads\/sites\/66\/2013\/03\/176784137912325519781.jpg\"><img aria-describedby=\"caption-attachment-278\" loading=\"lazy\" class=\"size-full wp-image-278\" title=\"17678413791232551978\" src=\"\/red-decora\/wp-content\/uploads\/sites\/66\/2013\/03\/176784137912325519781.jpg\" alt=\"\" width=\"399\" height=\"300\" srcset=\"https:\/\/static-blogs.hoy.es\/wp-content\/uploads\/sites\/66\/2013\/03\/176784137912325519781.jpg 399w, https:\/\/static-blogs.hoy.es\/wp-content\/uploads\/sites\/66\/2013\/03\/176784137912325519781-300x226.jpg 300w\" sizes=\"(max-width: 399px) 100vw, 399px\" \/><\/a><p id=\"caption-attachment-278\" class=\"wp-caption-text\">Vest\u00edbulo y distribuidor del edificio<\/p><\/div>\n<div id=\"attachment_279\" style=\"width: 285px\" class=\"wp-caption aligncenter\"><a href=\"\/red-decora\/wp-content\/uploads\/sites\/66\/2013\/03\/images-31.jpg\"><img aria-describedby=\"caption-attachment-279\" loading=\"lazy\" class=\"size-full wp-image-279 \" title=\"images (3)\" src=\"\/red-decora\/wp-content\/uploads\/sites\/66\/2013\/03\/images-31.jpg\" alt=\"\" width=\"275\" height=\"183\" \/><\/a><p id=\"caption-attachment-279\" class=\"wp-caption-text\">Edificio con iluminaci\u00f3n blanca.<\/p><\/div>\n<div id=\"attachment_280\" style=\"width: 529px\" class=\"wp-caption aligncenter\"><a href=\"\/red-decora\/wp-content\/uploads\/sites\/66\/2013\/03\/palacio-congresos-badajoz-fancinegay1.jpg\"><img aria-describedby=\"caption-attachment-280\" loading=\"lazy\" class=\" wp-image-280\" title=\"Palacio de Congresos de Badajoz\" src=\"\/red-decora\/wp-content\/uploads\/sites\/66\/2013\/03\/palacio-congresos-badajoz-fancinegay1.jpg\" alt=\"\" width=\"519\" height=\"346\" srcset=\"https:\/\/static-blogs.hoy.es\/wp-content\/uploads\/sites\/66\/2013\/03\/palacio-congresos-badajoz-fancinegay1.jpg 865w, https:\/\/static-blogs.hoy.es\/wp-content\/uploads\/sites\/66\/2013\/03\/palacio-congresos-badajoz-fancinegay1-300x200.jpg 300w, https:\/\/static-blogs.hoy.es\/wp-content\/uploads\/sites\/66\/2013\/03\/palacio-congresos-badajoz-fancinegay1-768x512.jpg 768w\" sizes=\"(max-width: 519px) 100vw, 519px\" \/><\/a><p id=\"caption-attachment-280\" class=\"wp-caption-text\">Vista del edificio con iluminaci\u00f3n de diferentes colores.<\/p><\/div>\n<div id=\"attachment_276\" style=\"width: 650px\" class=\"wp-caption aligncenter\"><a href=\"\/red-decora\/wp-content\/uploads\/sites\/66\/2013\/03\/Palacio-de-Congresos-de-Badajoz.jpg\"><img aria-describedby=\"caption-attachment-276\" loading=\"lazy\" class=\"size-full wp-image-276\" title=\"Palacio-de-Congresos-de-Badajoz\" src=\"\/red-decora\/wp-content\/uploads\/sites\/66\/2013\/03\/Palacio-de-Congresos-de-Badajoz.jpg\" alt=\"\" width=\"640\" height=\"480\" srcset=\"https:\/\/static-blogs.hoy.es\/wp-content\/uploads\/sites\/66\/2013\/03\/Palacio-de-Congresos-de-Badajoz.jpg 640w, https:\/\/static-blogs.hoy.es\/wp-content\/uploads\/sites\/66\/2013\/03\/Palacio-de-Congresos-de-Badajoz-300x225.jpg 300w\" sizes=\"(max-width: 640px) 100vw, 640px\" \/><\/a><p id=\"caption-attachment-276\" class=\"wp-caption-text\">Escultura que se exhibe en la plaza del edificio.<\/p><\/div>\n<p>Este proyecto muestra c\u00f3mo <strong>es posible la reconstrucci\u00f3n del paisaje urbano transformando \u00a0el uso de la \u00a0identidad sin hacer desaparecer la importancia \u00a0que el lugar tiene sobre la memoria de sus habitantes.<\/strong><\/p>\n<p>El trabajo de Jos\u00e9 Selgas y Luc\u00eda Cano para el Palacio de Congresos de Badajoz es \u00a0la clara evidencia de c\u00f3mo el uso sensible y consciente de la tecnolog\u00eda y de los materiales actuales a disposici\u00f3n de la\u00a0 arquitectura \u00a0permite la creaci\u00f3n de piezas claves y \u00a0enriquecedoras\u00a0 para \u00a0la ciudad, no s\u00f3lo por su funcionalidad sino\u00a0\u00a0tambi\u00e9n por poseer una capacidad simb\u00f3lica y metaf\u00f3rica que trasciende en la construcci\u00f3n\u00a0arquitect\u00f3nica.<\/p>\n<div id=\"attachment_274\" style=\"width: 275px\" class=\"wp-caption aligncenter\"><a href=\"\/red-decora\/wp-content\/uploads\/sites\/66\/2013\/03\/images.jpg\"><img aria-describedby=\"caption-attachment-274\" loading=\"lazy\" class=\"size-full wp-image-274\" title=\"images\" src=\"\/red-decora\/wp-content\/uploads\/sites\/66\/2013\/03\/images.jpg\" alt=\"\" width=\"265\" height=\"191\" \/><\/a><p id=\"caption-attachment-274\" class=\"wp-caption-text\">Maqueta del proyecto<\/p><\/div>\n<div id=\"attachment_272\" style=\"width: 275px\" class=\"wp-caption aligncenter\"><a href=\"\/red-decora\/wp-content\/uploads\/sites\/66\/2013\/03\/images-1.jpg\"><img aria-describedby=\"caption-attachment-272\" loading=\"lazy\" class=\"size-full wp-image-272\" title=\"images (1)\" src=\"\/red-decora\/wp-content\/uploads\/sites\/66\/2013\/03\/images-1.jpg\" alt=\"\" width=\"265\" height=\"190\" \/><\/a><p id=\"caption-attachment-272\" class=\"wp-caption-text\">Maqueta del proyecto<\/p><\/div>\n<div id=\"attachment_269\" style=\"width: 238px\" class=\"wp-caption aligncenter\"><a href=\"\/red-decora\/wp-content\/uploads\/sites\/66\/2013\/03\/727f_mc165-08.jpg\"><img aria-describedby=\"caption-attachment-269\" loading=\"lazy\" class=\"size-full wp-image-269\" title=\"727f_mc165-08\" src=\"\/red-decora\/wp-content\/uploads\/sites\/66\/2013\/03\/727f_mc165-08.jpg\" alt=\"\" width=\"228\" height=\"208\" \/><\/a><p id=\"caption-attachment-269\" class=\"wp-caption-text\">Planta del proyecto<\/p><\/div>\n<p>&nbsp;<\/p>\n<p>ESPERO QUE OS GUSTE \u00a0ESTE PROYECTO ARQUITECT\u00d3NICO ,QUE ES UN REFLEJO DE LA VANGUARDIA EN EXTREMADURA!!!<\/p>\n<p><strong>via:<\/strong> <a href=\"http:\/\/www.selgascano.net\/\" target=\"_blank\">selgascano<\/a>, <a href=\"http:\/\/www.moma.org\/visit\/calendar\/exhibitions\/86\" target=\"_blank\">MOMA<\/a>, <a href=\"http:\/\/www.palcongrex.es\/\" target=\"_blank\">Palcongrex<\/a>.<\/p>\n<p><strong>Seguirme: <a href=\"https:\/\/www.facebook.com\/MoocMoc\" target=\"_blank\">facebook<\/a> ,<a href=\"https:\/\/twitter.com\/MoocMoc\" target=\"_blank\">twitter<\/a>,<a href=\"http:\/\/pinterest.com\/moocmoc\/\" target=\"_blank\">pinterest<\/a><\/strong><\/p>\n<!-- AddThis Advanced Settings generic via filter on the_content --><!-- AddThis Share Buttons generic via filter on the_content -->","protected":false},"excerpt":{"rendered":"<p>El Palacio de Congresos de Badajoz \u201cManuel Rojas se ha convertido en un aut\u00e9ntico s\u00edmbolo de la vanguardia de Extremadura. Fue inaugurado en el 2006, y su construcci\u00f3n se ubica en el interior del Baluarte de San Roque, del siglo XVII. El edificio es obra de los arquitectos Jos\u00e9 Selgas y Lucia Cano. El estudio [&hellip;]<!-- AddThis Advanced Settings generic via filter on get_the_excerpt --><!-- AddThis Share Buttons generic via filter on get_the_excerpt --><\/p>\n","protected":false},"author":72,"featured_media":0,"comment_status":"open","ping_status":"closed","sticky":false,"template":"","format":"standard","meta":[],"categories":[4],"tags":[55,88,94,104,134,147,149,179,194],"_links":{"self":[{"href":"https:\/\/blogs.hoy.es\/red-decora\/wp-json\/wp\/v2\/posts\/241"}],"collection":[{"href":"https:\/\/blogs.hoy.es\/red-decora\/wp-json\/wp\/v2\/posts"}],"about":[{"href":"https:\/\/blogs.hoy.es\/red-decora\/wp-json\/wp\/v2\/types\/post"}],"author":[{"embeddable":true,"href":"https:\/\/blogs.hoy.es\/red-decora\/wp-json\/wp\/v2\/users\/72"}],"replies":[{"embeddable":true,"href":"https:\/\/blogs.hoy.es\/red-decora\/wp-json\/wp\/v2\/comments?post=241"}],"version-history":[{"count":0,"href":"https:\/\/blogs.hoy.es\/red-decora\/wp-json\/wp\/v2\/posts\/241\/revisions"}],"wp:attachment":[{"href":"https:\/\/blogs.hoy.es\/red-decora\/wp-json\/wp\/v2\/media?parent=241"}],"wp:term":[{"taxonomy":"category","embeddable":true,"href":"https:\/\/blogs.hoy.es\/red-decora\/wp-json\/wp\/v2\/categories?post=241"},{"taxonomy":"post_tag","embeddable":true,"href":"https:\/\/blogs.hoy.es\/red-decora\/wp-json\/wp\/v2\/tags?post=241"}],"curies":[{"name":"wp","href":"https:\/\/api.w.org\/{rel}","templated":true}]}}