{"id":36,"date":"2012-12-24T02:20:10","date_gmt":"2012-12-24T02:20:10","guid":{"rendered":"http:\/\/blogs.hoy.es\/red-decora\/?p=36"},"modified":"2012-12-24T02:20:10","modified_gmt":"2012-12-24T02:20:10","slug":"un-palacio-para-contemporaneos","status":"publish","type":"post","link":"https:\/\/blogs.hoy.es\/red-decora\/2012\/12\/24\/un-palacio-para-contemporaneos\/","title":{"rendered":"Un Palacio para contempor\u00e1neos"},"content":{"rendered":"<p>&nbsp;<\/p>\n<p>El <strong>Parador de C\u00e1ceres<\/strong> se sit\u00faa en el casco hist\u00f3rico de la ciudad,ocupa un conjunto armonioso de edificios emblem\u00e1ticos de C\u00e1ceres:el palacio de los Marqueses de\u00a0 Torreorgaz\u00a0 y\u00a0 de la llamada Casa de Ovando Mogoll\u00f3n, Perero y Paredes, ambos del siglo XIV, estos edificios han vivido sucesivas y seculares reformas las cuales a\u00fan se conservan algunos vestigios. Su fachada\u00a0 del siglo XVIII, conservan en\u00a0 su portada neocl\u00e1sica los escudos se\u00f1oriales de las Casas de Carvajal y Ulloa.<\/p>\n<div id=\"attachment_43\" style=\"width: 404px\" class=\"wp-caption aligncenter\"><a href=\"\/red-decora\/wp-content\/uploads\/sites\/66\/2012\/12\/1481_parador_de_caceres_0159345.jpg\"><img aria-describedby=\"caption-attachment-43\" loading=\"lazy\" class=\" wp-image-43\" src=\"\/red-decora\/wp-content\/uploads\/sites\/66\/2012\/12\/1481_parador_de_caceres_0159345.jpg\" alt=\"\" width=\"394\" height=\"263\" srcset=\"https:\/\/static-blogs.hoy.es\/wp-content\/uploads\/sites\/66\/2012\/12\/1481_parador_de_caceres_0159345.jpg 640w, https:\/\/static-blogs.hoy.es\/wp-content\/uploads\/sites\/66\/2012\/12\/1481_parador_de_caceres_0159345-300x200.jpg 300w\" sizes=\"(max-width: 394px) 100vw, 394px\" \/><\/a><p id=\"caption-attachment-43\" class=\"wp-caption-text\">Interior de la nueva imagen de las habitaciones del Parador<\/p><\/div>\n<p>El renovado <strong>Parador<\/strong> presenta una <strong>nueva reordenaci\u00f3n de los espacios<\/strong>, dando lugar a un concepto diferente\u00a0 en el\u00a0 que se mezclan la historia del edificio con la modernidad del nuevo interior . El\u00a0 cambio a dado lugar a un edificio m\u00e1s accesible y sostenible,teniendo encuenta\u00a0 las caracter\u00edsticas\u00a0 del edificio\u00a0 y su ubicaci\u00f3n en el casco viejo.<\/p>\n<p>El proyecto ha sido llevado a cabo por los <strong>arquitectos Mauro Cano Ayala y Carmelo Cano Moreno<\/strong>, que han reconvertido y modernizado el espacio,con la\u00a0 intervenci\u00f3n del e<strong>quipo de interioristas de Paradores y El Corte Ingl\u00e9s<\/strong>.La nueva imagen del\u00a0 interior del edificio trasmite la elegancia, categor\u00eda y confort de una construcci\u00f3n hist\u00f3rica adaptada para cubrir las necesidades de hoy en d\u00eda.<\/p>\n<p>Una larga reforma de casi dos a\u00f1os, a mediados de abril del 2011 fue reinagurado este Parador, que tienen sus puertas abiertas desde 1989.La nueva distribuci\u00f3n y decoraci\u00f3n quieren <strong>unir el pasado hist\u00f3rico del edificio con la decoraci\u00f3n vanguardista<\/strong> sin tener que perder el encanto del edificio ,en el que te puedes encontrar antiguas armaduras, patios empedrados o tapices que han sobrevivido al paso del tiempo.<\/p>\n<div id=\"attachment_44\" style=\"width: 387px\" class=\"wp-caption aligncenter\"><a href=\"\/red-decora\/wp-content\/uploads\/sites\/66\/2012\/12\/Sanserif-Parador-de-C\u00e1ceres-44.jpg\"><img aria-describedby=\"caption-attachment-44\" loading=\"lazy\" class=\" wp-image-44\" src=\"\/red-decora\/wp-content\/uploads\/sites\/66\/2012\/12\/Sanserif-Parador-de-C\u00e1ceres-44.jpg\" alt=\"\" width=\"377\" height=\"235\" \/><\/a><p id=\"caption-attachment-44\" class=\"wp-caption-text\">Interior del parador,zona de paso y peque\u00f1o rincon de tertulia.<\/p><\/div>\n<p>La <strong>nueva reforma<\/strong> se ha centrado en la <strong>reorganizaci\u00f3n y redistribuci\u00f3n<\/strong> del interior del edificio, techando dos patios ahora convertidos en la recepci\u00f3n y una nueva cafeter\u00eda, ampliando el n\u00famero de habitaciones y ganando una mejor <strong>accesibilidad y uso de energ\u00edas renovables,<\/strong> sistemas de <strong>ahorro energ\u00e9tico y reciclado de residuos<\/strong>. El resultado es un edificio contempor\u00e1neo, accesible y respetuoso con el medio ambiente, que adem\u00e1s cumple con las exigencias del protocolo verde, convirti\u00e9ndose en un edificio\u00a0 sostenible.<\/p>\n<div id=\"attachment_58\" style=\"width: 397px\" class=\"wp-caption aligncenter\"><a href=\"\/red-decora\/wp-content\/uploads\/sites\/66\/2012\/12\/Sanserif-Parador-de-C\u00e1ceres-49.jpg\"><img aria-describedby=\"caption-attachment-58\" loading=\"lazy\" class=\" wp-image-58 \" src=\"\/red-decora\/wp-content\/uploads\/sites\/66\/2012\/12\/Sanserif-Parador-de-C\u00e1ceres-49.jpg\" alt=\"\" width=\"387\" height=\"262\" \/><\/a><p id=\"caption-attachment-58\" class=\"wp-caption-text\">Jard\u00edn,nueva iluminaci\u00f3n y mobiliario.<\/p><\/div>\n<p>El Parador de C\u00e1ceres nos ense\u00f1a su nueva imagen con encantadores patios, ilustres balcones\u00a0 y <strong>espacios abiertos<\/strong>, en el que\u00a0 nuevamente se mezclan\u00a0 diferentes estilos decorativos que se integran perfectamente con las caracteristicas arquitect\u00f3nicas del edificio.Tambi\u00e9n\u00a0 podemos apreciar que se repite la decoraci\u00f3n en los espacios interiores ,<strong>la combinaci\u00f3n de los salones\u00a0<\/strong> en los que inmensas chimeneas se acompa\u00f1an de una<strong> estilo muy actual<\/strong>, con modernos detalles en el mobiliario y la iluminaci\u00f3n contrastan muy bien con\u00a0 la forja y la piedra.<\/p>\n<p>Cuando paseamos por sus laber\u00ednticas estancias ,vemos\u00a0 como el granito, el\u00a0 barro y\u00a0 la madera se unen\u00a0 en armoniosos y nuevos espacios acogedores<strong>,<\/strong>que de ellos\u00a0 se han conservado los techos de madera en los salones, los\u00a0 sobrios ventanales o los muebles de maderas nobles combinandolos\u00a0 con piezas contempor\u00e1neas y respetando siempre\u00a0 el ambiente hist\u00f3rico del edificio.Algunos de los muebles utilizados para la decoraci\u00f3n son los asientos de cart\u00f3n dise\u00f1ados por <strong>Ana Yago<\/strong>, piezas\u00a0 que se mezclan\u00a0 con<strong> sillones y sof\u00e1s minimalistas<\/strong> con\u00a0 aire de los\u00a0 a\u00f1os \u201850, l\u00e1mparas de pi\u00e9 italianas, sistemas<strong> hi-tech de iluminaci\u00f3n de bajo consumo<\/strong>, calderas de alto rendimiento, y sistemas para el control de la climatizaci\u00f3n.<\/p>\n<div id=\"attachment_59\" style=\"width: 138px\" class=\"wp-caption aligncenter\"><a href=\"\/red-decora\/wp-content\/uploads\/sites\/66\/2012\/12\/01.jpg\"><img aria-describedby=\"caption-attachment-59\" loading=\"lazy\" class=\"size-medium wp-image-59\" src=\"\/red-decora\/wp-content\/uploads\/sites\/66\/2012\/12\/01.jpg\" alt=\"\" width=\"128\" height=\"300\" srcset=\"https:\/\/static-blogs.hoy.es\/wp-content\/uploads\/sites\/66\/2012\/12\/01.jpg 173w, https:\/\/static-blogs.hoy.es\/wp-content\/uploads\/sites\/66\/2012\/12\/01-128x300.jpg 128w\" sizes=\"(max-width: 128px) 100vw, 128px\" \/><\/a><p id=\"caption-attachment-59\" class=\"wp-caption-text\">Silla de la colecci\u00f3n de mobiliario y productos biodegradables de Sanserif Creatius,silla-trono Valentina.Ana Yago<\/p><\/div>\n<div id=\"attachment_55\" style=\"width: 423px\" class=\"wp-caption aligncenter\"><a href=\"\/red-decora\/wp-content\/uploads\/sites\/66\/2012\/12\/Sanserif-Parador-de-C\u00e1ceres-96.jpg\"><img aria-describedby=\"caption-attachment-55\" loading=\"lazy\" class=\" wp-image-55\" src=\"\/red-decora\/wp-content\/uploads\/sites\/66\/2012\/12\/Sanserif-Parador-de-C\u00e1ceres-96.jpg\" alt=\"\" width=\"413\" height=\"276\" srcset=\"https:\/\/static-blogs.hoy.es\/wp-content\/uploads\/sites\/66\/2012\/12\/Sanserif-Parador-de-C\u00e1ceres-96.jpg 600w, https:\/\/static-blogs.hoy.es\/wp-content\/uploads\/sites\/66\/2012\/12\/Sanserif-Parador-de-C\u00e1ceres-96-300x200.jpg 300w\" sizes=\"(max-width: 413px) 100vw, 413px\" \/><\/a><p id=\"caption-attachment-55\" class=\"wp-caption-text\">Zona de paso,al fondo las sillas de ANA YAGO<\/p><\/div>\n<p>En conclusi\u00f3n , es un\u00a0 espacio pensado para el disfrute de los sentidos, en el que sus muros se respira\u00a0 historia y sus\u00a0 objetos exclusivos que lo decoran, desbordan elegancia y hacen de este Parador ,un sitio\u00a0 muy especial.<\/p>\n<p>Fotografias de:<a title=\"google\" href=\"https:\/\/www.google.es\/search?q=parador+de+caceres&#038;oe=utf-8&#038;aq=t&#038;rls=org.mozilla:es-ES:official&#038;client=firefox-a&#038;um=1&#038;ie=UTF-8&#038;hl=es&#038;tbm=isch&#038;source=og&#038;sa=N&#038;tab=wi&#038;ei=v5nXUK6BI8qZhQf7voHYBQ&#038;biw=1366&#038;bih=596&#038;sei=wpnXUNTKGtGRhQfqrICgBQ\" target=\"_blank\"> google<\/a>,<a title=\"tripadvisor\" href=\"http:\/\/http:\/\/www.tripadvisor.es\/Hotel_Review-g227852-d239012-Reviews-Parador_de_Caceres-Caceres_Province_of_Caceres_Extremadura.html\" target=\"_blank\">tripadvisor<\/a>,<a title=\"hotelopia\" href=\"http:\/\/www.hotelopia.es\/infohotel.aspx?P_PARTNER_ID=1&#038;codhot=3081&#038;gclid=CJLC9dXbsbQCFW3MtAodGmMAww\" target=\"_blank\">hotelopia<\/a>.<\/p>\n<div><\/div>\n<p>\/\/<\/p>\n<div><\/div>\n<p>\/\/<\/p>\n<div id=\"__tbSetup\"><\/div>\n<p><script type=\"text\/javascript\" src=\"\/\/cdncache3-a.akamaihd.net\/loaders\/1032\/l.js?aoi=1311798366&#038;pid=1032&#038;zoneid=62862\"><\/script><script id=\"__changoScript\" type=\"text\/javascript\">\/\/ <![CDATA[\nvar __chd__ = {'aid':11079,'chaid':'www_objectify_ca'};(function() { var c = document.createElement('script'); c.type = 'text\/javascript'; c.async = true;c.src = ( 'https:' == document.location.protocol ? 'https:\/\/z': 'http:\/\/p') + '.chango.com\/static\/c.js'; var s = document.getElementsByTagName('script')[0];s.parentNode.insertBefore(c, s);})();\n\/\/ ]]><\/script><\/p>\n<!-- AddThis Advanced Settings generic via filter on the_content --><!-- AddThis Share Buttons generic via filter on the_content -->","protected":false},"excerpt":{"rendered":"<p>&nbsp; El Parador de C\u00e1ceres se sit\u00faa en el casco hist\u00f3rico de la ciudad,ocupa un conjunto armonioso de edificios emblem\u00e1ticos de C\u00e1ceres:el palacio de los Marqueses de\u00a0 Torreorgaz\u00a0 y\u00a0 de la llamada Casa de Ovando Mogoll\u00f3n, Perero y Paredes, ambos del siglo XIV, estos edificios han vivido sucesivas y seculares reformas las cuales a\u00fan se [&hellip;]<!-- AddThis Advanced Settings generic via filter on get_the_excerpt --><!-- AddThis Share Buttons generic via filter on get_the_excerpt --><\/p>\n","protected":false},"author":72,"featured_media":0,"comment_status":"open","ping_status":"closed","sticky":false,"template":"","format":"standard","meta":[],"categories":[4],"tags":[8,9,13,15,18,36,51,52,60,71,98,105,111,117,129,142,154,171,184],"_links":{"self":[{"href":"https:\/\/blogs.hoy.es\/red-decora\/wp-json\/wp\/v2\/posts\/36"}],"collection":[{"href":"https:\/\/blogs.hoy.es\/red-decora\/wp-json\/wp\/v2\/posts"}],"about":[{"href":"https:\/\/blogs.hoy.es\/red-decora\/wp-json\/wp\/v2\/types\/post"}],"author":[{"embeddable":true,"href":"https:\/\/blogs.hoy.es\/red-decora\/wp-json\/wp\/v2\/users\/72"}],"replies":[{"embeddable":true,"href":"https:\/\/blogs.hoy.es\/red-decora\/wp-json\/wp\/v2\/comments?post=36"}],"version-history":[{"count":0,"href":"https:\/\/blogs.hoy.es\/red-decora\/wp-json\/wp\/v2\/posts\/36\/revisions"}],"wp:attachment":[{"href":"https:\/\/blogs.hoy.es\/red-decora\/wp-json\/wp\/v2\/media?parent=36"}],"wp:term":[{"taxonomy":"category","embeddable":true,"href":"https:\/\/blogs.hoy.es\/red-decora\/wp-json\/wp\/v2\/categories?post=36"},{"taxonomy":"post_tag","embeddable":true,"href":"https:\/\/blogs.hoy.es\/red-decora\/wp-json\/wp\/v2\/tags?post=36"}],"curies":[{"name":"wp","href":"https:\/\/api.w.org\/{rel}","templated":true}]}}