{"id":364,"date":"2015-03-19T19:07:51","date_gmt":"2015-03-19T19:07:51","guid":{"rendered":"http:\/\/blogs.hoy.es\/red-decora\/?p=347"},"modified":"2015-03-19T19:07:51","modified_gmt":"2015-03-19T19:07:51","slug":"347","status":"publish","type":"post","link":"https:\/\/blogs.hoy.es\/red-decora\/2015\/03\/19\/347\/","title":{"rendered":"Ir y venir de ideas&#8230;"},"content":{"rendered":"<p style=\"text-align: center;\">En este proyecto de<strong> dise\u00f1o vintage<\/strong> , lo que realmente quer\u00eda era crear un <strong>entorno acogedor<\/strong>, que invitase a poder tener largas conversaciones disfrutar del entorno , la compa\u00f1\u00eda, \u00a0su variada gastronom\u00eda y sobre todo poder sorprenderos con la decoraci\u00f3n. Esta<strong> ubicado en M\u00e9rida(Badajoz)<\/strong>, cerca de la<strong> Plaza de Espa\u00f1a, en pleno centro.<\/strong><\/p>\n<div id=\"attachment_359\" style=\"width: 821px\" class=\"wp-caption aligncenter\"><a href=\"\/red-decora\/wp-content\/uploads\/sites\/66\/2015\/03\/011.jpg\"><img aria-describedby=\"caption-attachment-359\" loading=\"lazy\" class=\" wp-image-359\" title=\"Exterior fachada\" src=\"\/red-decora\/wp-content\/uploads\/sites\/66\/2015\/03\/011.jpg\" alt=\"\" width=\"811\" height=\"460\" srcset=\"https:\/\/static-blogs.hoy.es\/wp-content\/uploads\/sites\/66\/2015\/03\/011.jpg 1352w, https:\/\/static-blogs.hoy.es\/wp-content\/uploads\/sites\/66\/2015\/03\/011-300x170.jpg 300w, https:\/\/static-blogs.hoy.es\/wp-content\/uploads\/sites\/66\/2015\/03\/011-768x435.jpg 768w, https:\/\/static-blogs.hoy.es\/wp-content\/uploads\/sites\/66\/2015\/03\/011-1024x580.jpg 1024w\" sizes=\"(max-width: 811px) 100vw, 811px\" \/><\/a><p id=\"caption-attachment-359\" class=\"wp-caption-text\">Exterior fachada<\/p><\/div>\n<p>El Trasiego, es un<strong> proyecto de Interiorismo<\/strong> que apuesta por algo diferente en el dise\u00f1o, sin perder esos matices que hacen de este lugar <strong>un espacio con mucho encanto y armon\u00eda.<\/strong><\/p>\n<p><strong>La idea nace de poder reciclar y reutilizar maderas<\/strong>,para poder \u00a0conseguir muebles con un aspecto y un dise\u00f1o acorde con la decoraci\u00f3n y el entorno que se quer\u00eda conseguir, desde <strong>palet \u00a0<\/strong>\u00a0hasta \u00a0<strong>puertas y ventanas antiguas,<\/strong>\u00a0con lo que hemos dado vida al botellero, paneles decorativos que simulan a <strong>muebles vintage, asientos, mesas&#8230;..<\/strong><\/p>\n<p>&nbsp;<\/p>\n<div id=\"attachment_360\" style=\"width: 795px\" class=\"wp-caption aligncenter\"><a href=\"\/red-decora\/wp-content\/uploads\/sites\/66\/2015\/03\/11.jpg\"><img aria-describedby=\"caption-attachment-360\" loading=\"lazy\" class=\" wp-image-360  \" title=\"Detalles mobiliario carpinter\u00eda.\" src=\"\/red-decora\/wp-content\/uploads\/sites\/66\/2015\/03\/11.jpg\" alt=\"Detalles mobiliario carpinter\u00eda.\" width=\"785\" height=\"569\" srcset=\"https:\/\/static-blogs.hoy.es\/wp-content\/uploads\/sites\/66\/2015\/03\/11.jpg 1439w, https:\/\/static-blogs.hoy.es\/wp-content\/uploads\/sites\/66\/2015\/03\/11-300x217.jpg 300w, https:\/\/static-blogs.hoy.es\/wp-content\/uploads\/sites\/66\/2015\/03\/11-768x557.jpg 768w, https:\/\/static-blogs.hoy.es\/wp-content\/uploads\/sites\/66\/2015\/03\/11-1024x742.jpg 1024w\" sizes=\"(max-width: 785px) 100vw, 785px\" \/><\/a><p id=\"caption-attachment-360\" class=\"wp-caption-text\">Detalles mobiliario carpinter\u00eda.<\/p><\/div>\n<p>&nbsp;<\/p>\n<p>La combinaci\u00f3n del <strong>blanco<\/strong> con diferentes acabados y \u00a0la<strong> madera<\/strong>, crea un <strong>espacio c\u00e1lido, amplio y muy luminoso,<\/strong> uno de los factores principales del proyecto, contrastando con \u00a0<strong>l\u00e1mparas de estilo industrial y mobiliario vintage.<\/strong><\/p>\n<p>&nbsp;<\/p>\n<div id=\"attachment_351\" style=\"width: 829px\" class=\"wp-caption aligncenter\"><a href=\"\/red-decora\/wp-content\/uploads\/sites\/66\/2015\/03\/03.jpg\"><img aria-describedby=\"caption-attachment-351\" loading=\"lazy\" class=\" wp-image-351 \" title=\"Mesa central\" src=\"\/red-decora\/wp-content\/uploads\/sites\/66\/2015\/03\/03.jpg\" alt=\"Mesa central\" width=\"819\" height=\"459\" srcset=\"https:\/\/static-blogs.hoy.es\/wp-content\/uploads\/sites\/66\/2015\/03\/03.jpg 1365w, https:\/\/static-blogs.hoy.es\/wp-content\/uploads\/sites\/66\/2015\/03\/03-300x168.jpg 300w, https:\/\/static-blogs.hoy.es\/wp-content\/uploads\/sites\/66\/2015\/03\/03-768x430.jpg 768w, https:\/\/static-blogs.hoy.es\/wp-content\/uploads\/sites\/66\/2015\/03\/03-1024x574.jpg 1024w\" sizes=\"(max-width: 819px) 100vw, 819px\" \/><\/a><p id=\"caption-attachment-351\" class=\"wp-caption-text\">Mesa central<\/p><\/div>\n<p>&nbsp;<\/p>\n<p>&nbsp;<\/p>\n<div id=\"attachment_357\" style=\"width: 869px\" class=\"wp-caption aligncenter\"><a href=\"\/red-decora\/wp-content\/uploads\/sites\/66\/2015\/03\/021.jpg\"><img aria-describedby=\"caption-attachment-357\" loading=\"lazy\" class=\" wp-image-357 \" title=\"Frontal barra-decoraci\u00f3n vintage \" src=\"\/red-decora\/wp-content\/uploads\/sites\/66\/2015\/03\/021.jpg\" alt=\"Frontal barra-decoraci\u00f3n vintage \" width=\"859\" height=\"484\" srcset=\"https:\/\/static-blogs.hoy.es\/wp-content\/uploads\/sites\/66\/2015\/03\/021.jpg 1363w, https:\/\/static-blogs.hoy.es\/wp-content\/uploads\/sites\/66\/2015\/03\/021-300x169.jpg 300w, https:\/\/static-blogs.hoy.es\/wp-content\/uploads\/sites\/66\/2015\/03\/021-768x433.jpg 768w, https:\/\/static-blogs.hoy.es\/wp-content\/uploads\/sites\/66\/2015\/03\/021-1024x577.jpg 1024w\" sizes=\"(max-width: 859px) 100vw, 859px\" \/><\/a><p id=\"caption-attachment-357\" class=\"wp-caption-text\">Frontal barra-decoraci\u00f3n vintage<\/p><\/div>\n<p>&nbsp;<\/p>\n<div id=\"attachment_354\" style=\"width: 832px\" class=\"wp-caption aligncenter\"><a href=\"\/red-decora\/wp-content\/uploads\/sites\/66\/2015\/03\/07.jpg\"><img aria-describedby=\"caption-attachment-354\" loading=\"lazy\" class=\" wp-image-354\" title=\"Zona mesas altas\" src=\"\/red-decora\/wp-content\/uploads\/sites\/66\/2015\/03\/07.jpg\" alt=\"\" width=\"822\" height=\"461\" srcset=\"https:\/\/static-blogs.hoy.es\/wp-content\/uploads\/sites\/66\/2015\/03\/07.jpg 1370w, https:\/\/static-blogs.hoy.es\/wp-content\/uploads\/sites\/66\/2015\/03\/07-300x168.jpg 300w, https:\/\/static-blogs.hoy.es\/wp-content\/uploads\/sites\/66\/2015\/03\/07-768x431.jpg 768w, https:\/\/static-blogs.hoy.es\/wp-content\/uploads\/sites\/66\/2015\/03\/07-1024x575.jpg 1024w\" sizes=\"(max-width: 822px) 100vw, 822px\" \/><\/a><p id=\"caption-attachment-354\" class=\"wp-caption-text\">Zona mesas altas<\/p><\/div>\n<div id=\"attachment_353\" style=\"width: 827px\" class=\"wp-caption aligncenter\"><a href=\"\/red-decora\/wp-content\/uploads\/sites\/66\/2015\/03\/05.jpg\"><img aria-describedby=\"caption-attachment-353\" loading=\"lazy\" class=\" wp-image-353\" title=\"Frontal barra\" src=\"\/red-decora\/wp-content\/uploads\/sites\/66\/2015\/03\/05.jpg\" alt=\"\" width=\"817\" height=\"460\" srcset=\"https:\/\/static-blogs.hoy.es\/wp-content\/uploads\/sites\/66\/2015\/03\/05.jpg 1361w, https:\/\/static-blogs.hoy.es\/wp-content\/uploads\/sites\/66\/2015\/03\/05-300x169.jpg 300w, https:\/\/static-blogs.hoy.es\/wp-content\/uploads\/sites\/66\/2015\/03\/05-768x433.jpg 768w, https:\/\/static-blogs.hoy.es\/wp-content\/uploads\/sites\/66\/2015\/03\/05-1024x577.jpg 1024w\" sizes=\"(max-width: 817px) 100vw, 817px\" \/><\/a><p id=\"caption-attachment-353\" class=\"wp-caption-text\">Frontal barra<\/p><\/div>\n<div id=\"attachment_352\" style=\"width: 509px\" class=\"wp-caption aligncenter\"><a href=\"\/red-decora\/wp-content\/uploads\/sites\/66\/2015\/03\/04.jpg\"><img aria-describedby=\"caption-attachment-352\" loading=\"lazy\" class=\" wp-image-352\" title=\"Zona mesas bajas \" src=\"\/red-decora\/wp-content\/uploads\/sites\/66\/2015\/03\/04.jpg\" alt=\"\" width=\"499\" height=\"536\" srcset=\"https:\/\/static-blogs.hoy.es\/wp-content\/uploads\/sites\/66\/2015\/03\/04.jpg 713w, https:\/\/static-blogs.hoy.es\/wp-content\/uploads\/sites\/66\/2015\/03\/04-279x300.jpg 279w\" sizes=\"(max-width: 499px) 100vw, 499px\" \/><\/a><p id=\"caption-attachment-352\" class=\"wp-caption-text\">Zona mesas bajas<\/p><\/div>\n<p>&nbsp;<\/p>\n<p>&nbsp;<\/p>\n<div id=\"attachment_355\" style=\"width: 482px\" class=\"wp-caption aligncenter\"><a href=\"\/red-decora\/wp-content\/uploads\/sites\/66\/2015\/03\/08.jpg\"><img aria-describedby=\"caption-attachment-355\" loading=\"lazy\" class=\" wp-image-355 \" title=\"Vest\u00edbulo interior aseos\" src=\"\/red-decora\/wp-content\/uploads\/sites\/66\/2015\/03\/08.jpg\" alt=\"\" width=\"472\" height=\"536\" srcset=\"https:\/\/static-blogs.hoy.es\/wp-content\/uploads\/sites\/66\/2015\/03\/08.jpg 674w, https:\/\/static-blogs.hoy.es\/wp-content\/uploads\/sites\/66\/2015\/03\/08-264x300.jpg 264w\" sizes=\"(max-width: 472px) 100vw, 472px\" \/><\/a><p id=\"caption-attachment-355\" class=\"wp-caption-text\">Vest\u00edbulo interior aseos<\/p><\/div>\n<div id=\"attachment_356\" style=\"width: 491px\" class=\"wp-caption aligncenter\"><a href=\"\/red-decora\/wp-content\/uploads\/sites\/66\/2015\/03\/09.jpg\"><img aria-describedby=\"caption-attachment-356\" loading=\"lazy\" class=\" wp-image-356   \" title=\"Puerta aseos-simulaci\u00f3n  mueble\" src=\"\/red-decora\/wp-content\/uploads\/sites\/66\/2015\/03\/09.jpg\" alt=\"\" width=\"481\" height=\"541\" srcset=\"https:\/\/static-blogs.hoy.es\/wp-content\/uploads\/sites\/66\/2015\/03\/09.jpg 685w, https:\/\/static-blogs.hoy.es\/wp-content\/uploads\/sites\/66\/2015\/03\/09-267x300.jpg 267w\" sizes=\"(max-width: 481px) 100vw, 481px\" \/><\/a><p id=\"caption-attachment-356\" class=\"wp-caption-text\">Puerta aseos-simulaci\u00f3n mueble<\/p><\/div>\n<p>&nbsp;<\/p>\n<p>&nbsp;<\/p>\n<p>&nbsp;<\/p>\n<p>&nbsp;<\/p>\n<p>&nbsp;<\/p>\n<p>&nbsp;<\/p>\n<p>&nbsp;<\/p>\n<p>&nbsp;<\/p>\n<p>&nbsp;<\/p>\n<p>Espero que os haya gustado el proyecto de dise\u00f1o que he realizado como decoradora, con la colaboraci\u00f3n y la ayuda de un equipo de trabajo eficaz y resolutivo, GRACIAS.<\/p>\n<p><a href=\"http:\/\/http:\/\/www.texeirapintores.com\/\" target=\"_blank\">texeirapintores<\/a>,<a href=\"http:\/\/vizcainocarpinteros.com\/\" target=\"_blank\">vizcainoscarpinteros<\/a>, <a href=\"http:\/\/www.paginasamarillas.es\/fichas\/ig\/injupe-s-l-_019084029_000000002.html\" target=\"_blank\">injupeconstructora<\/a>, <a href=\"http:\/\/www.guiasamarillas.es\/empresa\/3290820_electronica-mabeda.html\" target=\"_blank\">mabedaelectr\u00f3nica<\/a>,<a href=\"http:\/\/www.merfri.com\/\" target=\"_blank\">merfriclimatizaci\u00f3n<\/a>,<a href=\"http:\/\/www.decoracionvintage.es\/\" target=\"_blank\">decoracionvintage<\/a>, <a href=\"http:\/\/www.mueblespacio.com\/\" target=\"_blank\">mueblesespacio<\/a>,<a href=\"http:\/\/www.delgado360.es\/\">delgado360publicidad<\/a>,<a href=\"https:\/\/plus.google.com\/110031879465584521318\/about?gl=es&#038;hl=es\">talleresjaveartesan\u00eda<\/a><\/p>\n<p>S\u00cdGUEME:\u00a0<a title=\"facebook\" href=\"https:\/\/www.facebook.com\/MoocMoc\" target=\"_blank\">FACEBOOK<\/a>,<a title=\"PINTEREST\" href=\"http:\/\/www.pinterest.com\/moocmoc\/\" target=\"_blank\">PINTEREST<\/a>,<a title=\"TWITTER\" href=\"https:\/\/twitter.com\/MoocMoc\" target=\"_blank\">TWITTER<\/a><a title=\"CONTACTACONMIGO\" href=\"http:\/\/es.beperk.com\/ghelen-indesign\/diseno-de-proyectos-empresas-particulares-y-marcas\/1\/2023?aid=diYgLh\" target=\"_blank\">,CONTACTACONMIGO<\/a>,<a href=\"https:\/\/www.linkedin.com\/profile\/view?id=132670630&#038;trk=nav_responsive_tab_profile_pic\" target=\"_blank\">LINKEDIN<\/a>, <a href=\"https:\/\/www.facebook.com\/MoocMoc?fref=ts\" target=\"_blank\">MOOCSTUDIOINTERIORISMO<\/a><\/p>\n<p>CONTACTO: moocinteriorismo@gmail.com<\/p>\n<!-- AddThis Advanced Settings generic via filter on the_content --><!-- AddThis Share Buttons generic via filter on the_content -->","protected":false},"excerpt":{"rendered":"<p>En este proyecto de dise\u00f1o vintage , lo que realmente quer\u00eda era crear un entorno acogedor, que invitase a poder tener largas conversaciones disfrutar del entorno , la compa\u00f1\u00eda, \u00a0su variada gastronom\u00eda y sobre todo poder sorprenderos con la decoraci\u00f3n. Esta ubicado en M\u00e9rida(Badajoz), cerca de la Plaza de Espa\u00f1a, en pleno centro. El Trasiego, [&hellip;]<!-- AddThis Advanced Settings generic via filter on get_the_excerpt --><!-- AddThis Share Buttons generic via filter on get_the_excerpt --><\/p>\n","protected":false},"author":72,"featured_media":0,"comment_status":"open","ping_status":"closed","sticky":false,"template":"","format":"standard","meta":[],"categories":[5],"tags":[59,64,90,96,116,130,143,157,158,166,169],"_links":{"self":[{"href":"https:\/\/blogs.hoy.es\/red-decora\/wp-json\/wp\/v2\/posts\/364"}],"collection":[{"href":"https:\/\/blogs.hoy.es\/red-decora\/wp-json\/wp\/v2\/posts"}],"about":[{"href":"https:\/\/blogs.hoy.es\/red-decora\/wp-json\/wp\/v2\/types\/post"}],"author":[{"embeddable":true,"href":"https:\/\/blogs.hoy.es\/red-decora\/wp-json\/wp\/v2\/users\/72"}],"replies":[{"embeddable":true,"href":"https:\/\/blogs.hoy.es\/red-decora\/wp-json\/wp\/v2\/comments?post=364"}],"version-history":[{"count":0,"href":"https:\/\/blogs.hoy.es\/red-decora\/wp-json\/wp\/v2\/posts\/364\/revisions"}],"wp:attachment":[{"href":"https:\/\/blogs.hoy.es\/red-decora\/wp-json\/wp\/v2\/media?parent=364"}],"wp:term":[{"taxonomy":"category","embeddable":true,"href":"https:\/\/blogs.hoy.es\/red-decora\/wp-json\/wp\/v2\/categories?post=364"},{"taxonomy":"post_tag","embeddable":true,"href":"https:\/\/blogs.hoy.es\/red-decora\/wp-json\/wp\/v2\/tags?post=364"}],"curies":[{"name":"wp","href":"https:\/\/api.w.org\/{rel}","templated":true}]}}