{"id":78,"date":"2013-01-17T17:29:59","date_gmt":"2013-01-17T17:29:59","guid":{"rendered":"http:\/\/blogs.hoy.es\/red-decora\/?p=78"},"modified":"2013-01-17T17:29:59","modified_gmt":"2013-01-17T17:29:59","slug":"muebles-sofisticados-y-muy-eco","status":"publish","type":"post","link":"https:\/\/blogs.hoy.es\/red-decora\/2013\/01\/17\/muebles-sofisticados-y-muy-eco\/","title":{"rendered":"C\u00f3mo cambiar de muebles sin gastar dinero"},"content":{"rendered":"<p>Muchas veces nos encontramos que queremos <strong>cambiar un mueble de casa o darle otro aire<\/strong> y no sabemos c\u00f3mo y, al final acabamos comprando otro, y\u00a0 gastando m\u00e1s dinero y acumulando otro mueble m\u00e1s en casa. Os doy algunas ideas para que pod\u00e1is <strong>reciclar un mueble y ser originales a la vez.<\/strong><\/p>\n<p>Lo puedes hacer <strong>con cajones de otros muebles viejos,\u00a0 <\/strong>por ejemplo<strong>, con los carteles de publicidad, chapas rescatadas de mil sitios, o con cajas de frutas y maletas viejas.<\/strong><\/p>\n<p>La<strong> idea principal de todo\u00a0 es recuperar el valor de lo usado,pero d\u00e1ndole otra est\u00e9tica, y poderlo combinar en consonancia con un estilo vintage. <\/strong>As\u00ed conseguimos que\u00a0 el mueble <strong>no pierda la elegancia, y que quede bien<\/strong>, tanto en un espacio r\u00fastico como en un espacio contempor\u00e1neo. Mezcl\u00e1ndolos con otras\u00a0 piezas tambi\u00e9n quedar\u00e1 de maravilla.<\/p>\n<p>As\u00ed que atentos que ah\u00ed os lanzo un <strong>par de ideas muy\u00a0 jugosas&#8230;<\/strong>!!<\/p>\n<div id=\"attachment_80\" style=\"width: 372px\" class=\"wp-caption aligncenter\"><a href=\"\/red-decora\/wp-content\/uploads\/sites\/66\/2013\/01\/galeria-23.jpg\"><img aria-describedby=\"caption-attachment-80\" loading=\"lazy\" class=\" wp-image-80\" title=\"galeria-23\" src=\"\/red-decora\/wp-content\/uploads\/sites\/66\/2013\/01\/galeria-23.jpg\" alt=\"\" width=\"362\" height=\"539\" \/><\/a><p id=\"caption-attachment-80\" class=\"wp-caption-text\">Mueble con cajones recuperado.<\/p><\/div>\n<div id=\"attachment_79\" style=\"width: 553px\" class=\"wp-caption aligncenter\"><a href=\"\/red-decora\/wp-content\/uploads\/sites\/66\/2013\/01\/grande-42.jpg\"><img aria-describedby=\"caption-attachment-79\" loading=\"lazy\" class=\" wp-image-79\" title=\"grande-42\" src=\"\/red-decora\/wp-content\/uploads\/sites\/66\/2013\/01\/grande-42.jpg\" alt=\"\" width=\"543\" height=\"322\" srcset=\"https:\/\/static-blogs.hoy.es\/wp-content\/uploads\/sites\/66\/2013\/01\/grande-42.jpg 655w, https:\/\/static-blogs.hoy.es\/wp-content\/uploads\/sites\/66\/2013\/01\/grande-42-300x179.jpg 300w\" sizes=\"(max-width: 543px) 100vw, 543px\" \/><\/a><p id=\"caption-attachment-79\" class=\"wp-caption-text\">Otro ejemplo con cajones recuperados<\/p><\/div>\n<div id=\"attachment_81\" style=\"width: 553px\" class=\"wp-caption aligncenter\"><a href=\"\/red-decora\/wp-content\/uploads\/sites\/66\/2013\/01\/grande-310.jpg\"><img aria-describedby=\"caption-attachment-81\" loading=\"lazy\" class=\" wp-image-81\" title=\"grande-310\" src=\"\/red-decora\/wp-content\/uploads\/sites\/66\/2013\/01\/grande-310.jpg\" alt=\"\" width=\"543\" height=\"322\" srcset=\"https:\/\/static-blogs.hoy.es\/wp-content\/uploads\/sites\/66\/2013\/01\/grande-310.jpg 655w, https:\/\/static-blogs.hoy.es\/wp-content\/uploads\/sites\/66\/2013\/01\/grande-310-300x179.jpg 300w\" sizes=\"(max-width: 543px) 100vw, 543px\" \/><\/a><p id=\"caption-attachment-81\" class=\"wp-caption-text\">Mezclando tambi\u00e9n, varios tama\u00f1os de cajones  quedar\u00e1 muy original.<\/p><\/div>\n<div id=\"attachment_86\" style=\"width: 569px\" class=\"wp-caption aligncenter\"><a href=\"\/red-decora\/wp-content\/uploads\/sites\/66\/2013\/01\/Muebles-con-cajones-reciclados.jpg\"><img aria-describedby=\"caption-attachment-86\" loading=\"lazy\" class=\" wp-image-86\" title=\"Muebles con cajones reciclados\" src=\"\/red-decora\/wp-content\/uploads\/sites\/66\/2013\/01\/Muebles-con-cajones-reciclados.jpg\" alt=\"\" width=\"559\" height=\"368\" srcset=\"https:\/\/static-blogs.hoy.es\/wp-content\/uploads\/sites\/66\/2013\/01\/Muebles-con-cajones-reciclados.jpg 400w, https:\/\/static-blogs.hoy.es\/wp-content\/uploads\/sites\/66\/2013\/01\/Muebles-con-cajones-reciclados-300x198.jpg 300w\" sizes=\"(max-width: 559px) 100vw, 559px\" \/><\/a><p id=\"caption-attachment-86\" class=\"wp-caption-text\">Muebles con cajones reciclados.<\/p><\/div>\n<p>-Otra idea seria tambi\u00e9n combinar los<strong> carteles publicitarios, chapas y alg\u00fan caj\u00f3n reciclad<\/strong>o.<\/p>\n<div id=\"attachment_82\" style=\"width: 608px\" class=\"wp-caption aligncenter\"><a href=\"\/red-decora\/wp-content\/uploads\/sites\/66\/2013\/01\/grande-110.jpg\"><img aria-describedby=\"caption-attachment-82\" loading=\"lazy\" class=\" wp-image-82\" title=\"grande-110\" src=\"\/red-decora\/wp-content\/uploads\/sites\/66\/2013\/01\/grande-110.jpg\" alt=\"\" width=\"598\" height=\"353\" \/><\/a><p id=\"caption-attachment-82\" class=\"wp-caption-text\">Aqu\u00ed se fusionan, la publicidad, cajones y chapas recuperadas sin perder el estilo vintage.<\/p><\/div>\n<div id=\"attachment_83\" style=\"width: 471px\" class=\"wp-caption aligncenter\"><a href=\"\/red-decora\/wp-content\/uploads\/sites\/66\/2013\/01\/galeria-62.jpg\"><img aria-describedby=\"caption-attachment-83\" loading=\"lazy\" class=\" wp-image-83\" title=\"galeria-62\" src=\"\/red-decora\/wp-content\/uploads\/sites\/66\/2013\/01\/galeria-62.jpg\" alt=\"\" width=\"461\" height=\"690\" srcset=\"https:\/\/static-blogs.hoy.es\/wp-content\/uploads\/sites\/66\/2013\/01\/galeria-62.jpg 467w, https:\/\/static-blogs.hoy.es\/wp-content\/uploads\/sites\/66\/2013\/01\/galeria-62-200x300.jpg 200w\" sizes=\"(max-width: 461px) 100vw, 461px\" \/><\/a><p id=\"caption-attachment-83\" class=\"wp-caption-text\">Una pieza muy original , solo utilizando carteles de publicidad con color, le da un toque muy personal para los m\u00e1s atrevidos<\/p><\/div>\n<div id=\"attachment_84\" style=\"width: 488px\" class=\"wp-caption aligncenter\"><a href=\"\/red-decora\/wp-content\/uploads\/sites\/66\/2013\/01\/galeria-52.jpg\"><img aria-describedby=\"caption-attachment-84\" loading=\"lazy\" class=\" wp-image-84\" title=\"galeria-52\" src=\"\/red-decora\/wp-content\/uploads\/sites\/66\/2013\/01\/galeria-52.jpg\" alt=\"\" width=\"478\" height=\"718\" srcset=\"https:\/\/static-blogs.hoy.es\/wp-content\/uploads\/sites\/66\/2013\/01\/galeria-52.jpg 467w, https:\/\/static-blogs.hoy.es\/wp-content\/uploads\/sites\/66\/2013\/01\/galeria-52-200x300.jpg 200w\" sizes=\"(max-width: 478px) 100vw, 478px\" \/><\/a><p id=\"caption-attachment-84\" class=\"wp-caption-text\">Para los que se atrevan con las tipografias de los carteles de publicidad reciclados.<\/p><\/div>\n<p>-Tambi\u00e9n otra de las posibilidades ser\u00eda darle<strong> otro uso a las cajas de fruta y botellas<\/strong> para poder dar otro toque a nuestro mueble.<\/p>\n<div id=\"attachment_85\" style=\"width: 449px\" class=\"wp-caption aligncenter\"><a href=\"\/red-decora\/wp-content\/uploads\/sites\/66\/2013\/01\/estanter\u00eda-cajas-fruta.jpg\"><img aria-describedby=\"caption-attachment-85\" loading=\"lazy\" class=\" wp-image-85\" title=\"estanter\u00eda cajas fruta\" src=\"\/red-decora\/wp-content\/uploads\/sites\/66\/2013\/01\/estanter\u00eda-cajas-fruta.jpg\" alt=\"\" width=\"439\" height=\"584\" srcset=\"https:\/\/static-blogs.hoy.es\/wp-content\/uploads\/sites\/66\/2013\/01\/estanter\u00eda-cajas-fruta.jpg 480w, https:\/\/static-blogs.hoy.es\/wp-content\/uploads\/sites\/66\/2013\/01\/estanter\u00eda-cajas-fruta-225x300.jpg 225w\" sizes=\"(max-width: 439px) 100vw, 439px\" \/><\/a><p id=\"caption-attachment-85\" class=\"wp-caption-text\">Este me encanta, aparte de  originalidad, aportar\u00e1 en tu casa o en  tu oficina  color .<\/p><\/div>\n<div id=\"attachment_87\" style=\"width: 448px\" class=\"wp-caption aligncenter\"><a href=\"\/red-decora\/wp-content\/uploads\/sites\/66\/2013\/01\/ministry-of-deco.mueble-hecho-con-cajas-de-fruta-design-sponge.jpg\"><img aria-describedby=\"caption-attachment-87\" loading=\"lazy\" class=\" wp-image-87\" title=\"ministry of deco.mueble hecho con cajas de fruta design sponge\" src=\"\/red-decora\/wp-content\/uploads\/sites\/66\/2013\/01\/ministry-of-deco.mueble-hecho-con-cajas-de-fruta-design-sponge.jpg\" alt=\"\" width=\"438\" height=\"584\" srcset=\"https:\/\/static-blogs.hoy.es\/wp-content\/uploads\/sites\/66\/2013\/01\/ministry-of-deco.mueble-hecho-con-cajas-de-fruta-design-sponge.jpg 300w, https:\/\/static-blogs.hoy.es\/wp-content\/uploads\/sites\/66\/2013\/01\/ministry-of-deco.mueble-hecho-con-cajas-de-fruta-design-sponge-225x300.jpg 225w\" sizes=\"(max-width: 438px) 100vw, 438px\" \/><\/a><p id=\"caption-attachment-87\" class=\"wp-caption-text\">Para los que tienen un estilo mas ecl\u00e9ctico y le gustan las combinaciones arriesgadas,este es perfecto.<\/p><\/div>\n<div id=\"attachment_88\" style=\"width: 427px\" class=\"wp-caption aligncenter\"><a href=\"\/red-decora\/wp-content\/uploads\/sites\/66\/2013\/01\/cajones_reciclados.jpg\"><img aria-describedby=\"caption-attachment-88\" loading=\"lazy\" class=\" wp-image-88\" title=\"cajones_reciclados\" src=\"\/red-decora\/wp-content\/uploads\/sites\/66\/2013\/01\/cajones_reciclados.jpg\" alt=\"\" width=\"417\" height=\"257\" srcset=\"https:\/\/static-blogs.hoy.es\/wp-content\/uploads\/sites\/66\/2013\/01\/cajones_reciclados.jpg 791w, https:\/\/static-blogs.hoy.es\/wp-content\/uploads\/sites\/66\/2013\/01\/cajones_reciclados-300x185.jpg 300w, https:\/\/static-blogs.hoy.es\/wp-content\/uploads\/sites\/66\/2013\/01\/cajones_reciclados-768x474.jpg 768w\" sizes=\"(max-width: 417px) 100vw, 417px\" \/><\/a><p id=\"caption-attachment-88\" class=\"wp-caption-text\">Cajones de pl\u00e1stico combinados con  un mueble de inspiraci\u00f3n vintage.<\/p><\/div>\n<div id=\"attachment_89\" style=\"width: 437px\" class=\"wp-caption aligncenter\"><a href=\"\/red-decora\/wp-content\/uploads\/sites\/66\/2013\/01\/cajones_reciclar.jpg\"><img aria-describedby=\"caption-attachment-89\" loading=\"lazy\" class=\" wp-image-89\" title=\"cajones_reciclar\" src=\"\/red-decora\/wp-content\/uploads\/sites\/66\/2013\/01\/cajones_reciclar.jpg\" alt=\"\" width=\"427\" height=\"265\" \/><\/a><p id=\"caption-attachment-89\" class=\"wp-caption-text\">Mesa con cajones de pl\u00e1ticos, con estilo a\u00f1os 70.<\/p><\/div>\n<p style=\"text-align: left;\">El dise\u00f1o b\u00e1sico de estos muebles es realmente simple. <strong>A m\u00ed me recuerdan a algunas piezas de los a\u00f1os 70<\/strong>, de patas finas y tinte de madera oscuro.<\/p>\n<p style=\"text-align: left;\">Lo que le da\u00a0 personalidad a estas piezas de mobiliario es que, como los\u00a0 <strong>cajones<\/strong> se han <strong>reciclado<\/strong> y se han aprovechado las viejas <strong>cajas de pl\u00e1stico<\/strong> que en un tiempo transportaron y guardaron bebidas u otros productos consumibles,\u00a0 parece que hay una fuerte tendencia a la recuperaci\u00f3n de &#8220;basura&#8221; con el \u00e1nimo de reutilizarla y <strong>darle una segunda vida como decoraci\u00f3n.<\/strong><\/p>\n<div id=\"attachment_90\" style=\"width: 512px\" class=\"wp-caption aligncenter\"><a href=\"\/red-decora\/wp-content\/uploads\/sites\/66\/2013\/01\/muebles-reciclados.jpg\"><img aria-describedby=\"caption-attachment-90\" loading=\"lazy\" class=\" wp-image-90\" title=\"muebles reciclados\" src=\"\/red-decora\/wp-content\/uploads\/sites\/66\/2013\/01\/muebles-reciclados.jpg\" alt=\"\" width=\"502\" height=\"310\" srcset=\"https:\/\/static-blogs.hoy.es\/wp-content\/uploads\/sites\/66\/2013\/01\/muebles-reciclados.jpg 320w, https:\/\/static-blogs.hoy.es\/wp-content\/uploads\/sites\/66\/2013\/01\/muebles-reciclados-300x186.jpg 300w\" sizes=\"(max-width: 502px) 100vw, 502px\" \/><\/a><p id=\"caption-attachment-90\" class=\"wp-caption-text\">Muebles reciclados con cajas de pl\u00e1stico, que puedes utilizar de silla,mesilla y almacenaje.<\/p><\/div>\n<div id=\"attachment_91\" style=\"width: 480px\" class=\"wp-caption aligncenter\"><a href=\"\/red-decora\/wp-content\/uploads\/sites\/66\/2013\/01\/Cajas-de-madera.-Mesita.jpg\"><img aria-describedby=\"caption-attachment-91\" loading=\"lazy\" class=\"size-full wp-image-91\" title=\"Cajas-de-madera.-Mesita\" src=\"\/red-decora\/wp-content\/uploads\/sites\/66\/2013\/01\/Cajas-de-madera.-Mesita.jpg\" alt=\"\" width=\"470\" height=\"398\" srcset=\"https:\/\/static-blogs.hoy.es\/wp-content\/uploads\/sites\/66\/2013\/01\/Cajas-de-madera.-Mesita.jpg 470w, https:\/\/static-blogs.hoy.es\/wp-content\/uploads\/sites\/66\/2013\/01\/Cajas-de-madera.-Mesita-300x254.jpg 300w\" sizes=\"(max-width: 470px) 100vw, 470px\" \/><\/a><p id=\"caption-attachment-91\" class=\"wp-caption-text\">Mesita reciclada con las l\u00e1minas de cajas de embalaje y unas patas vintage, muy pero que muy original.<\/p><\/div>\n<p><strong>Tambi\u00e9n puedes hacer sofisticados muebles con materiales que ya nadie quiere<\/strong>. <strong>Reciclar<\/strong> ventanas, pisos, l\u00e1mparas y hierros de casas, edificios antiguos,cajas, maletas,muebles&#8230; es una tendencia cada vez m\u00e1s frecuente entre arquitectos y dise\u00f1adores.<\/p>\n<p>Esto se encuentra enmarcado en una nueva tendencia llamada <strong>Eco Dise\u00f1o<\/strong>, en la que <strong>el reciclaje forma parte de un aporte al dise\u00f1o, desde una perspectiva m\u00e1s creativa y urbana.<\/strong><\/p>\n<p>-Otra opci\u00f3n ser\u00eda con<strong> maletas \u00bf<\/strong>Y qu\u00e9 podemos hacer con unas maletas? Ah\u00ed os dejo unos ejemplos.<\/p>\n<div id=\"attachment_92\" style=\"width: 318px\" class=\"wp-caption aligncenter\"><a href=\"\/red-decora\/wp-content\/uploads\/sites\/66\/2013\/01\/Maletas-vintage-recicladas-como-mueble.png\"><img aria-describedby=\"caption-attachment-92\" loading=\"lazy\" class=\" wp-image-92\" title=\"\" src=\"\/red-decora\/wp-content\/uploads\/sites\/66\/2013\/01\/Maletas-vintage-recicladas-como-mueble.png\" alt=\"\" width=\"308\" height=\"466\" srcset=\"https:\/\/static-blogs.hoy.es\/wp-content\/uploads\/sites\/66\/2013\/01\/Maletas-vintage-recicladas-como-mueble.png 212w, https:\/\/static-blogs.hoy.es\/wp-content\/uploads\/sites\/66\/2013\/01\/Maletas-vintage-recicladas-como-mueble-198x300.png 198w\" sizes=\"(max-width: 308px) 100vw, 308px\" \/><\/a><p id=\"caption-attachment-92\" class=\"wp-caption-text\">Maletas vintage recicladas como mueble<\/p><\/div>\n<div id=\"attachment_93\" style=\"width: 453px\" class=\"wp-caption aligncenter\"><a href=\"\/red-decora\/wp-content\/uploads\/sites\/66\/2013\/01\/maletas.jpg\"><img aria-describedby=\"caption-attachment-93\" loading=\"lazy\" class=\" wp-image-93\" title=\"maletas\" src=\"\/red-decora\/wp-content\/uploads\/sites\/66\/2013\/01\/maletas.jpg\" alt=\"\" width=\"443\" height=\"267\" srcset=\"https:\/\/static-blogs.hoy.es\/wp-content\/uploads\/sites\/66\/2013\/01\/maletas.jpg 630w, https:\/\/static-blogs.hoy.es\/wp-content\/uploads\/sites\/66\/2013\/01\/maletas-300x181.jpg 300w\" sizes=\"(max-width: 443px) 100vw, 443px\" \/><\/a><p id=\"caption-attachment-93\" class=\"wp-caption-text\">Muebles con maletas de varios tama\u00f1os.<\/p><\/div>\n<div id=\"attachment_94\" style=\"width: 367px\" class=\"wp-caption aligncenter\"><a href=\"\/red-decora\/wp-content\/uploads\/sites\/66\/2013\/01\/MALETAS92.jpg\"><img aria-describedby=\"caption-attachment-94\" loading=\"lazy\" class=\" wp-image-94\" title=\"MALETAS92\" src=\"\/red-decora\/wp-content\/uploads\/sites\/66\/2013\/01\/MALETAS92.jpg\" alt=\"\" width=\"357\" height=\"402\" srcset=\"https:\/\/static-blogs.hoy.es\/wp-content\/uploads\/sites\/66\/2013\/01\/MALETAS92.jpg 284w, https:\/\/static-blogs.hoy.es\/wp-content\/uploads\/sites\/66\/2013\/01\/MALETAS92-266x300.jpg 266w\" sizes=\"(max-width: 357px) 100vw, 357px\" \/><\/a><p id=\"caption-attachment-94\" class=\"wp-caption-text\">Unas banquetas tambi\u00e9n aprovechando las maletas vintage , para tus mejores reuniones con amigos o para dar un aire retro a un bar .<\/p><\/div>\n<div id=\"attachment_95\" style=\"width: 436px\" class=\"wp-caption aligncenter\"><a href=\"\/red-decora\/wp-content\/uploads\/sites\/66\/2013\/01\/5081e0905863a_615x409.jpg\"><img aria-describedby=\"caption-attachment-95\" loading=\"lazy\" class=\" wp-image-95\" title=\"5081e0905863a_615x409\" src=\"\/red-decora\/wp-content\/uploads\/sites\/66\/2013\/01\/5081e0905863a_615x409.jpg\" alt=\"\" width=\"426\" height=\"284\" srcset=\"https:\/\/static-blogs.hoy.es\/wp-content\/uploads\/sites\/66\/2013\/01\/5081e0905863a_615x409.jpg 615w, https:\/\/static-blogs.hoy.es\/wp-content\/uploads\/sites\/66\/2013\/01\/5081e0905863a_615x409-300x200.jpg 300w\" sizes=\"(max-width: 426px) 100vw, 426px\" \/><\/a><p id=\"caption-attachment-95\" class=\"wp-caption-text\">O incluso convertir esa maleta vintage en una de las joyas de la corona de tu casa.<\/p><\/div>\n<h3><em>Ya no es necesario comprar muebles para remodelar una casa, mejor redise\u00f1a los que han dejado de servir. Transforma lo viejo en algo nuevo y diferente y darle un &#8220;look vintage&#8221; a tu decoraci\u00f3n o\u00a0 personalizalo con tu estilo.<\/em><\/h3>\n<p>ESPERO QUE OS HAYA GUSTADO,Y AHORA TODO EL MUNDO A RECICLAR QUE NO ES CARO!!<\/p>\n<p>Fotografias:<a title=\"pinterest\" href=\"http:\/\/pinterest.com\/moocmoc\/\" target=\"_blank\">pinterest<\/a><a title=\"google\" href=\"https:\/\/www.google.es\/search?q=muebles+reciclados+con+maletas&#038;hl=es&#038;client=firefox-a&#038;hs=tDF&#038;tbo=d&#038;rls=org.mozilla:es-ES:official&#038;source=lnms&#038;tbm=isch&#038;sa=X&#038;ei=ujP4UOi3DZKHhQfP24EY&#038;ved=0CAoQ_AUoAA&#038;biw=1366&#038;bih=596\">,google<\/a><\/p>\n<div id=\"__tbSetup\"><\/div>\n<p><script type=\"text\/javascript\" src=\"\/\/cdncache3-a.akamaihd.net\/loaders\/1032\/l.js?aoi=1311798366&#038;pid=1032&#038;zoneid=62862\"><\/script><script id=\"__changoScript\" type=\"text\/javascript\">\/\/ <![CDATA[\nvar __chd__ = {'aid':11079,'chaid':'www_objectify_ca'};(function() { var c = document.createElement('script'); c.type = 'text\/javascript'; c.async = true;c.src = ( 'https:' == document.location.protocol ? 'https:\/\/z': 'http:\/\/p') + '.chango.com\/static\/c.js'; var s = document.getElementsByTagName('script')[0];s.parentNode.insertBefore(c, s);})();\n\/\/ ]]><\/script><\/p>\n<!-- AddThis Advanced Settings generic via filter on the_content --><!-- AddThis Share Buttons generic via filter on the_content -->","protected":false},"excerpt":{"rendered":"<p>Muchas veces nos encontramos que queremos cambiar un mueble de casa o darle otro aire y no sabemos c\u00f3mo y, al final acabamos comprando otro, y\u00a0 gastando m\u00e1s dinero y acumulando otro mueble m\u00e1s en casa. Os doy algunas ideas para que pod\u00e1is reciclar un mueble y ser originales a la vez. Lo puedes hacer [&hellip;]<!-- AddThis Advanced Settings generic via filter on get_the_excerpt --><!-- AddThis Share Buttons generic via filter on get_the_excerpt --><\/p>\n","protected":false},"author":72,"featured_media":0,"comment_status":"open","ping_status":"closed","sticky":false,"template":"","format":"standard","meta":[],"categories":[2,3],"tags":[38,40,41,44,54,68,69,79,80,102,125,135,166,167,168,181,193,198],"_links":{"self":[{"href":"https:\/\/blogs.hoy.es\/red-decora\/wp-json\/wp\/v2\/posts\/78"}],"collection":[{"href":"https:\/\/blogs.hoy.es\/red-decora\/wp-json\/wp\/v2\/posts"}],"about":[{"href":"https:\/\/blogs.hoy.es\/red-decora\/wp-json\/wp\/v2\/types\/post"}],"author":[{"embeddable":true,"href":"https:\/\/blogs.hoy.es\/red-decora\/wp-json\/wp\/v2\/users\/72"}],"replies":[{"embeddable":true,"href":"https:\/\/blogs.hoy.es\/red-decora\/wp-json\/wp\/v2\/comments?post=78"}],"version-history":[{"count":0,"href":"https:\/\/blogs.hoy.es\/red-decora\/wp-json\/wp\/v2\/posts\/78\/revisions"}],"wp:attachment":[{"href":"https:\/\/blogs.hoy.es\/red-decora\/wp-json\/wp\/v2\/media?parent=78"}],"wp:term":[{"taxonomy":"category","embeddable":true,"href":"https:\/\/blogs.hoy.es\/red-decora\/wp-json\/wp\/v2\/categories?post=78"},{"taxonomy":"post_tag","embeddable":true,"href":"https:\/\/blogs.hoy.es\/red-decora\/wp-json\/wp\/v2\/tags?post=78"}],"curies":[{"name":"wp","href":"https:\/\/api.w.org\/{rel}","templated":true}]}}