{"id":248,"date":"2013-10-16T05:23:16","date_gmt":"2013-10-16T05:23:16","guid":{"rendered":"http:\/\/blogs.hoy.es\/salud-para-todos\/?p=248"},"modified":"2013-10-16T05:23:16","modified_gmt":"2013-10-16T05:23:16","slug":"la-tos-molesta-o-necesaria","status":"publish","type":"post","link":"https:\/\/blogs.hoy.es\/salud-para-todos\/2013\/10\/16\/la-tos-molesta-o-necesaria\/","title":{"rendered":"La Tos, \u00bfmolesta o necesaria?"},"content":{"rendered":"<p style=\"text-align: justify;\">Aunque molesta<strong> la tos<\/strong> es una forma importante de mantener la garganta y las v\u00edas respiratorias despejadas, \u00a0por tanto, podemos considerarla como un mecanismo de defensa del aparato respiratorio frente a agentes externos, cuerpos extra\u00f1os, mucosidad&#8230;.<\/p>\n<div id=\"attachment_250\" style=\"width: 160px\" class=\"wp-caption alignleft\"><a href=\"http:\/\/www.revistaamiga.com\/z\/i107112110928.jpg\"><img aria-describedby=\"caption-attachment-250\" loading=\"lazy\" class=\"size-thumbnail wp-image-250\" title=\"tos1\" src=\"\/salud-para-todos\/wp-content\/uploads\/sites\/60\/2013\/10\/tos1.jpg\" alt=\"Mecanismo de tos\" width=\"150\" height=\"150\" \/><\/a><span>\u00a0<img aria-describedby=\"caption-attachment-250\" src=\"data:image\/png;base64,iVBORw0KGgoAAAANSUhEUgAAABEAAAAQCAYAAAGHNqTJAAAACXBIWXMAAA7DAAAOwwHHb6hkAAACr0lEQVR4nH1TS0xTQRQ9M320r7U\/CoGilCCIWB4KXcjChV24wS1xRcLSpS6MJsQVK0ggoC7c6Mboho3iJ6CJG6KJ0RWihj\/StCnFSin2S9v33jjv9QME8SSTO3Pn3M\/ce4eA4\/6MxBhBPxl9Ic3KedUvGAnI0BCos0dShPa+80o6wUA07suVyyy0sYtkvACThYBqyt2dMByuFBpbc8jvlZjc6w4X1dqejr+WIpmEWq0ZeFqtoCebqVu7qTKqyOcyoIEl9apmb3VkUciliz40PPvUy1wNBAU1WVbBQESsLkQgjE5J3V0XOuf+5FYx\/yULo4lwdwzuJiOszgxUuZTNw\/de5qhhCK4QWKyAxc6wvUnQdJYh\/JPuhxue9D6ta0wPGAysEk5VCX6FTuxUSA9mOm8zsDEcRkwnTLyRRvw9\/YOh1NtDt3XiJZB7U91OX5c\/Hit8xvJcAu0+uy4pJWjrskEwmoVYdO9jxWrla0KXLZ0iFKUAwe4iVJELFQLjeTpqKNKJPEStI5vB1GONUCZpT0zuqogEFF2nJzn6\/JzibspT\/AO6MvN9qSoaFlD2VF6xLcN+sTRoc+K4KD2pqzk94Gvrg0mw\/cupjoKSxWLwHQLh+f1iTkxLvWKVddonXaFbmQ9gUI91UIaBmLC+GC1mMv7K+6jZI10X7Rlk5WipbGld2qoFiGaK35t5\/Uy4xakWERabQT8HljMQxqak2TMtXn+OriO1dzR6Mi7zVdzXNhh4uTVjldejyGVc8EqRm2sbC3NuDyghR3wUs3Hy6nLb7YiCeFSBUQTqPUWyyp3QO9d+fKOKsSa0hq1sSsbBPprMjP8wGc5amT9J4c1mfCKALH9pmadlcij28GTHiMmsDLrqczguq4PQRz0o4ghVa7OxveMWH\/u7KH3r\/yDGGLvxF30tKs+p7Df9AAAAAElFTkSuQmCC\" alt=\"\" \/>\u00a0<\/span><span>\u00a0<img aria-describedby=\"caption-attachment-250\" src=\"data:image\/png;base64,iVBORw0KGgoAAAANSUhEUgAAABEAAAAQCAYAAAGHNqTJAAAACXBIWXMAAA7DAAAOwwHHb6hkAAACr0lEQVR4nH1TS0xTQRQ9M320r7U\/CoGilCCIWB4KXcjChV24wS1xRcLSpS6MJsQVK0ggoC7c6Mboho3iJ6CJG6KJ0RWihj\/StCnFSin2S9v33jjv9QME8SSTO3Pn3M\/ce4eA4\/6MxBhBPxl9Ic3KedUvGAnI0BCos0dShPa+80o6wUA07suVyyy0sYtkvACThYBqyt2dMByuFBpbc8jvlZjc6w4X1dqejr+WIpmEWq0ZeFqtoCebqVu7qTKqyOcyoIEl9apmb3VkUciliz40PPvUy1wNBAU1WVbBQESsLkQgjE5J3V0XOuf+5FYx\/yULo4lwdwzuJiOszgxUuZTNw\/de5qhhCK4QWKyAxc6wvUnQdJYh\/JPuhxue9D6ta0wPGAysEk5VCX6FTuxUSA9mOm8zsDEcRkwnTLyRRvw9\/YOh1NtDt3XiJZB7U91OX5c\/Hit8xvJcAu0+uy4pJWjrskEwmoVYdO9jxWrla0KXLZ0iFKUAwe4iVJELFQLjeTpqKNKJPEStI5vB1GONUCZpT0zuqogEFF2nJzn6\/JzibspT\/AO6MvN9qSoaFlD2VF6xLcN+sTRoc+K4KD2pqzk94Gvrg0mw\/cupjoKSxWLwHQLh+f1iTkxLvWKVddonXaFbmQ9gUI91UIaBmLC+GC1mMv7K+6jZI10X7Rlk5WipbGld2qoFiGaK35t5\/Uy4xakWERabQT8HljMQxqak2TMtXn+OriO1dzR6Mi7zVdzXNhh4uTVjldejyGVc8EqRm2sbC3NuDyghR3wUs3Hy6nLb7YiCeFSBUQTqPUWyyp3QO9d+fKOKsSa0hq1sSsbBPprMjP8wGc5amT9J4c1mfCKALH9pmadlcij28GTHiMmsDLrqczguq4PQRz0o4ghVa7OxveMWH\/u7KH3r\/yDGGLvxF30tKs+p7Df9AAAAAElFTkSuQmCC\" alt=\"\" \/>\u00a0<\/span><span>\u00a0<img aria-describedby=\"caption-attachment-250\" src=\"data:image\/png;base64,iVBORw0KGgoAAAANSUhEUgAAABEAAAAQCAYAAAGHNqTJAAAACXBIWXMAAA7DAAAOwwHHb6hkAAACr0lEQVR4nH1TS0xTQRQ9M320r7U\/CoGilCCIWB4KXcjChV24wS1xRcLSpS6MJsQVK0ggoC7c6Mboho3iJ6CJG6KJ0RWihj\/StCnFSin2S9v33jjv9QME8SSTO3Pn3M\/ce4eA4\/6MxBhBPxl9Ic3KedUvGAnI0BCos0dShPa+80o6wUA07suVyyy0sYtkvACThYBqyt2dMByuFBpbc8jvlZjc6w4X1dqejr+WIpmEWq0ZeFqtoCebqVu7qTKqyOcyoIEl9apmb3VkUciliz40PPvUy1wNBAU1WVbBQESsLkQgjE5J3V0XOuf+5FYx\/yULo4lwdwzuJiOszgxUuZTNw\/de5qhhCK4QWKyAxc6wvUnQdJYh\/JPuhxue9D6ta0wPGAysEk5VCX6FTuxUSA9mOm8zsDEcRkwnTLyRRvw9\/YOh1NtDt3XiJZB7U91OX5c\/Hit8xvJcAu0+uy4pJWjrskEwmoVYdO9jxWrla0KXLZ0iFKUAwe4iVJELFQLjeTpqKNKJPEStI5vB1GONUCZpT0zuqogEFF2nJzn6\/JzibspT\/AO6MvN9qSoaFlD2VF6xLcN+sTRoc+K4KD2pqzk94Gvrg0mw\/cupjoKSxWLwHQLh+f1iTkxLvWKVddonXaFbmQ9gUI91UIaBmLC+GC1mMv7K+6jZI10X7Rlk5WipbGld2qoFiGaK35t5\/Uy4xakWERabQT8HljMQxqak2TMtXn+OriO1dzR6Mi7zVdzXNhh4uTVjldejyGVc8EqRm2sbC3NuDyghR3wUs3Hy6nLb7YiCeFSBUQTqPUWyyp3QO9d+fKOKsSa0hq1sSsbBPprMjP8wGc5amT9J4c1mfCKALH9pmadlcij28GTHiMmsDLrqczguq4PQRz0o4ghVa7OxveMWH\/u7KH3r\/yDGGLvxF30tKs+p7Df9AAAAAElFTkSuQmCC\" alt=\"\" \/>\u00a0<\/span><p id=\"caption-attachment-250\" class=\"wp-caption-text\">Mecanismo de la tos. Tomado de Revista Amiga<\/p><\/div>\n<p>Podemos distinguir entre dos tipos de tos:<\/p>\n<ul>\n<li style=\"text-align: justify;\"><strong>Tos seca<\/strong> o irritativa: <strong>cuando la tos no va acompa\u00f1ada de mucosidad<\/strong>, es decir no hay secreci\u00f3n en las v\u00edas respiratorias. Es la tos t\u00edpica de los <strong>\u201cfumadores\u201d,<\/strong> y <strong>es la que suele acompa\u00f1ar a resfriados, gripes, problemas nerviosos o asma<\/strong>. Normalmente es causada por virus.<strong><br \/>\n<\/strong>No tiene una funci\u00f3n \u00fatil ya que contribuye a diseminar las infecciones, irrita las v\u00edas respiratorias, impide el descanso y el sue\u00f1o nocturno.<\/li>\n<\/ul>\n<ul>\n<li style=\"text-align: justify;\"><strong>Tos h\u00fameda o Tos productiva: <\/strong>cuando va acompa\u00f1ada de mucosidad<strong>.<\/strong><strong><\/strong><br \/>\nEs la tos t\u00edpica del paciente con<strong> bronquitis cr\u00f3nica y de infecciones bacterianas<\/strong><strong> tales <\/strong>como las neumon\u00edas o bronconeumon\u00edas. Resulta <strong>beneficiosa<\/strong> ya que contribuye a una limpieza de las v\u00edas respiratorias, por lo que solo ser\u00eda recomendable tratarla, cuando causa grandes molestias al paciente y su entorno,\u00a0 como por ejemplo <strong>insomnio<\/strong>.<\/li>\n<\/ul>\n<p style=\"text-align: justify;\">Seg\u00fan la forma de aparecer y el tiempo de duraci\u00f3n\u00a0 decimos que <strong>la tos es aguda<\/strong> cuando comienza de manera repentina y a menudo se debe a un <strong>resfriado<\/strong>, una <strong>gripe\u00a0<\/strong> o una <strong>infecci\u00f3n<\/strong>. Suele desaparecer despu\u00e9s de tres semanas. Cuando dura m\u00e1s de 8 semanas decimos que la <strong>tos es cr\u00f3nica<\/strong>. Cuando dura entre 3 a 8 semanas decimos que la <strong>tos es subaguda<\/strong> .<\/p>\n<p><span style=\"text-decoration: underline;\">Las causas<\/span> m\u00e1s frecuentes de la tos son las infecciones recientes de las v\u00edas respiratorias, tales como el resfriado com\u00fan y la gripe. Otras causas comunes pueden estar en:<\/p>\n<ul>\n<li>Irritantes como el <strong>tabaco<\/strong>, o la <strong>contaminaci\u00f3n.<\/strong><\/li>\n<li><strong>Medicamentos<\/strong> (como algunos f\u00e1rmacos para tratar la hipertensi\u00f3n)<\/li>\n<li><strong>Alergias<\/strong><\/li>\n<li><strong>Asma<\/strong>.<\/li>\n<li><strong>Enfermedad pulmonar obstructiva cr\u00f3nica.<\/strong><\/li>\n<li><strong>Enfermedad por reflujo gastroesof\u00e1gico.<\/strong><\/li>\n<li>Enfermedad pulmonar como <strong>bronquiectasia , enfermedad pulmonar intersticial o tumores.<\/strong><\/li>\n<li>Infecciones pulmonares como <strong>neumon\u00eda o bronquitis\u00a0 aguda.<\/strong><\/li>\n<li><strong>Sinusitis<\/strong> que lleva a un <strong>goteo<\/strong> hacia atr\u00e1s de la nariz (<strong>retronasal<\/strong>)<\/li>\n<\/ul>\n<p style=\"text-align: justify;\">En general, <strong>la tos h\u00fameda o productiva<\/strong> no debe ser tratada, ya que como comentamos antes, es un mecanismo de defensa del cuerpo que nos ayudar\u00e1 a expulsar el exceso de moco. No obstante puede llegar a ser incompatible con el descanso nocturno (nuestro y de la pareja) momento en que se recomienda la administraci\u00f3n de alg\u00fan <strong>antitus\u00edgeno<\/strong> (solo antes de dormir) como la codeina, noscapina, levodropropizina, &#8230;.<\/p>\n<p style=\"text-align: justify;\">En cuanto a <strong>la tos irritativa<\/strong>, se trata de un s\u00edntoma, es decir, si tratamos la causa que la origina mejorar\u00e1 el s\u00edntoma, como primera medida, se aconsejar\u00e1 siempre el abandono del h\u00e1bito tab\u00e1quico,\u00a0 o el uso de mascarillas ante la exposici\u00f3n a productos irritantes, como podr\u00edan ser disolventes o lej\u00edas.\u00a0 Otra opci\u00f3n terap\u00e9utica a tener en cuenta es la <strong>\u201chidrataci\u00f3n respiratoria\u201d<\/strong> que la realizamos mediante medicaci\u00f3n en forma de aerosoles. Finalmente, tambi\u00e9n podemos beneficiarnos de f\u00e1rmacos antitus\u00edgenos.<\/p>\n<p><a href=\"\/salud-para-todos\/wp-content\/uploads\/sites\/60\/2013\/10\/Ni\u00f1os-tosiendo.png\"><img loading=\"lazy\" class=\"aligncenter size-medium wp-image-249\" title=\"Ni\u00f1os-tosiendo\" src=\"\/salud-para-todos\/wp-content\/uploads\/sites\/60\/2013\/10\/Ni\u00f1os-tosiendo.png\" alt=\"\" width=\"300\" height=\"168\" srcset=\"https:\/\/static-blogs.hoy.es\/wp-content\/uploads\/sites\/60\/2013\/10\/Ni\u00f1os-tosiendo.png 415w, https:\/\/static-blogs.hoy.es\/wp-content\/uploads\/sites\/60\/2013\/10\/Ni\u00f1os-tosiendo-374x210.png 374w\" sizes=\"(max-width: 300px) 100vw, 300px\" \/><\/a><\/p>\n<div dir=\"ltr\" data-font-name=\"g_font_102_0\" data-canvas-width=\"76.256\">En los <strong>NI\u00d1OS<\/strong> con tos es necesario estar alertas y consultar con el <strong>pediatra\/m\u00e9dico de familia<\/strong> en caso de que aparecezca:<\/div>\n<div dir=\"ltr\" data-font-name=\"g_font_102_0\" data-canvas-width=\"340.448\">\n<ul>\n<li><strong>Dificultad para respirar<\/strong> (se marcan las costillas y se hunde el estern\u00f3n, se oyen pitos cuando respira, la respiraci\u00f3n es muy r\u00e1pida, agitada, etc.).<\/li>\n<\/ul>\n<\/div>\n<div dir=\"ltr\" data-font-name=\"g_font_102_0\" data-canvas-width=\"214.67600465297696\">\n<ul>\n<li><strong>Fiebre<\/strong> que dura <strong>m\u00e1s de tres d\u00edas<\/strong>.<\/li>\n<\/ul>\n<\/div>\n<div dir=\"ltr\" data-font-name=\"g_font_102_0\" data-canvas-width=\"186.26667070388797\">\n<ul>\n<li><strong>Dolor de o\u00eddos o supuraci\u00f3n<\/strong>.<\/li>\n<\/ul>\n<\/div>\n<div dir=\"ltr\" data-font-name=\"g_font_102_0\" data-canvas-width=\"258.88133894443513\">\n<ul>\n<li><strong>Tos y mocos durante m\u00e1s de 10-15 d\u00edas.<\/strong><\/li>\n<\/ul>\n<\/div>\n<div dir=\"ltr\" data-font-name=\"g_font_102_0\" data-canvas-width=\"258.88133894443513\"><\/div>\n<div dir=\"ltr\" data-font-name=\"g_font_102_0\" data-canvas-width=\"258.88133894443513\"><strong>Colaboraci\u00f3n de Diego Murillo Garcia, Residente de Medicina Familiar y Comunitaria.<\/strong><\/div>\n<div dir=\"ltr\" data-font-name=\"g_font_102_0\" data-canvas-width=\"258.88133894443513\"><span style=\"font-size: x-small;\"><strong>\u201cEl objetivo de este blogs es proporcionar una gu\u00eda general sobre Salud y no pretende ser un sustituto de la consulta con su M\u00e9dico de Familia, \u00a0respecto a la atenci\u00f3n y tratamiento individual\u201d.<\/strong><\/span><\/div>\n<!-- AddThis Advanced Settings generic via filter on the_content --><!-- AddThis Share Buttons generic via filter on the_content -->","protected":false},"excerpt":{"rendered":"<p>Aunque molesta la tos es una forma importante de mantener la garganta y las v\u00edas respiratorias despejadas, \u00a0por tanto, podemos considerarla como un mecanismo de defensa del aparato respiratorio frente a agentes externos, cuerpos extra\u00f1os, mucosidad&#8230;. Podemos distinguir entre dos tipos de tos: Tos seca o irritativa: cuando la tos no va acompa\u00f1ada de mucosidad, [&hellip;]<!-- AddThis Advanced Settings generic via filter on get_the_excerpt --><!-- AddThis Share Buttons generic via filter on get_the_excerpt --><\/p>\n","protected":false},"author":65,"featured_media":0,"comment_status":"open","ping_status":"closed","sticky":false,"template":"","format":"standard","meta":[],"categories":[7],"tags":[53,79,150,170,198,277,364,467,533,555,679,683,721,785,896,952,969,997,1014,1054],"_links":{"self":[{"href":"https:\/\/blogs.hoy.es\/salud-para-todos\/wp-json\/wp\/v2\/posts\/248"}],"collection":[{"href":"https:\/\/blogs.hoy.es\/salud-para-todos\/wp-json\/wp\/v2\/posts"}],"about":[{"href":"https:\/\/blogs.hoy.es\/salud-para-todos\/wp-json\/wp\/v2\/types\/post"}],"author":[{"embeddable":true,"href":"https:\/\/blogs.hoy.es\/salud-para-todos\/wp-json\/wp\/v2\/users\/65"}],"replies":[{"embeddable":true,"href":"https:\/\/blogs.hoy.es\/salud-para-todos\/wp-json\/wp\/v2\/comments?post=248"}],"version-history":[{"count":0,"href":"https:\/\/blogs.hoy.es\/salud-para-todos\/wp-json\/wp\/v2\/posts\/248\/revisions"}],"wp:attachment":[{"href":"https:\/\/blogs.hoy.es\/salud-para-todos\/wp-json\/wp\/v2\/media?parent=248"}],"wp:term":[{"taxonomy":"category","embeddable":true,"href":"https:\/\/blogs.hoy.es\/salud-para-todos\/wp-json\/wp\/v2\/categories?post=248"},{"taxonomy":"post_tag","embeddable":true,"href":"https:\/\/blogs.hoy.es\/salud-para-todos\/wp-json\/wp\/v2\/tags?post=248"}],"curies":[{"name":"wp","href":"https:\/\/api.w.org\/{rel}","templated":true}]}}