{"id":1006,"date":"2012-12-02T09:58:19","date_gmt":"2012-12-02T09:58:19","guid":{"rendered":"http:\/\/blogs.hoy.es\/senderosextremadura\/?p=1006"},"modified":"2012-12-02T09:58:19","modified_gmt":"2012-12-02T09:58:19","slug":"senderismo-navideno-en-los-barruecos-30-de-diciembre","status":"publish","type":"post","link":"https:\/\/blogs.hoy.es\/senderosextremadura\/2012\/12\/02\/senderismo-navideno-en-los-barruecos-30-de-diciembre\/","title":{"rendered":"Senderismo navide\u00f1o en Los Barruecos (30 de diciembre)"},"content":{"rendered":"<p><a href=\"https:\/\/blogs.hoy.es\/senderosextremadura\/2012\/12\/02\/senderismo-navideno-en-los-barruecos-30-de-diciembre\/marcha-senderista-2\/\" rel=\"attachment wp-att-1008\"><img loading=\"lazy\" class=\"aligncenter size-full wp-image-1008\" title=\"marcha-senderista\" src=\"\/senderosextremadura\/wp-content\/uploads\/sites\/22\/2012\/11\/marcha-senderista1.jpg\" alt=\"\" width=\"572\" height=\"813\" srcset=\"https:\/\/static-blogs.hoy.es\/wp-content\/uploads\/sites\/22\/2012\/11\/marcha-senderista1.jpg 572w, https:\/\/static-blogs.hoy.es\/wp-content\/uploads\/sites\/22\/2012\/11\/marcha-senderista1-211x300.jpg 211w\" sizes=\"(max-width: 572px) 100vw, 572px\" \/><\/a><\/p>\n<p>&nbsp;<\/p>\n<p>El Ayuntamiento de <a href=\"http:\/\/www.hoymalpartidadecaceres.es\/\" target=\"_blank\" rel=\"external nofollow\"><strong>Malpartida de C\u00e1ceres<\/strong><\/a> organiza la II Marcha Senderista Navide\u00f1a Ruta los Barruecos. Tendr\u00e1 lugar el 30 de diciembre y arrancar\u00e1 a las diez de la ma\u00f1ana en la plaza del Ayuntamiento.<\/p>\n<!-- AddThis Advanced Settings generic via filter on the_content --><!-- AddThis Share Buttons generic via filter on the_content -->","protected":false},"excerpt":{"rendered":"<p>&nbsp; El Ayuntamiento de Malpartida de C\u00e1ceres organiza la II Marcha Senderista Navide\u00f1a Ruta los Barruecos. Tendr\u00e1 lugar el 30 de diciembre y arrancar\u00e1 a las diez de la ma\u00f1ana en la plaza del Ayuntamiento.<!-- AddThis Advanced Settings generic via filter on get_the_excerpt --><!-- AddThis Share Buttons generic via filter on get_the_excerpt --><\/p>\n","protected":false},"author":27,"featured_media":0,"comment_status":"open","ping_status":"closed","sticky":false,"template":"","format":"standard","meta":[],"categories":[4],"tags":[94,121,301,565,713,906],"_links":{"self":[{"href":"https:\/\/blogs.hoy.es\/senderosextremadura\/wp-json\/wp\/v2\/posts\/1006"}],"collection":[{"href":"https:\/\/blogs.hoy.es\/senderosextremadura\/wp-json\/wp\/v2\/posts"}],"about":[{"href":"https:\/\/blogs.hoy.es\/senderosextremadura\/wp-json\/wp\/v2\/types\/post"}],"author":[{"embeddable":true,"href":"https:\/\/blogs.hoy.es\/senderosextremadura\/wp-json\/wp\/v2\/users\/27"}],"replies":[{"embeddable":true,"href":"https:\/\/blogs.hoy.es\/senderosextremadura\/wp-json\/wp\/v2\/comments?post=1006"}],"version-history":[{"count":0,"href":"https:\/\/blogs.hoy.es\/senderosextremadura\/wp-json\/wp\/v2\/posts\/1006\/revisions"}],"wp:attachment":[{"href":"https:\/\/blogs.hoy.es\/senderosextremadura\/wp-json\/wp\/v2\/media?parent=1006"}],"wp:term":[{"taxonomy":"category","embeddable":true,"href":"https:\/\/blogs.hoy.es\/senderosextremadura\/wp-json\/wp\/v2\/categories?post=1006"},{"taxonomy":"post_tag","embeddable":true,"href":"https:\/\/blogs.hoy.es\/senderosextremadura\/wp-json\/wp\/v2\/tags?post=1006"}],"curies":[{"name":"wp","href":"https:\/\/api.w.org\/{rel}","templated":true}]}}