{"id":1010,"date":"2012-11-23T10:06:49","date_gmt":"2012-11-23T10:06:49","guid":{"rendered":"http:\/\/blogs.hoy.es\/senderosextremadura\/?p=1010"},"modified":"2012-11-23T10:06:49","modified_gmt":"2012-11-23T10:06:49","slug":"ruta-por-las-villuercas-de-canamero-a-berzocana-25-de-noviembre","status":"publish","type":"post","link":"https:\/\/blogs.hoy.es\/senderosextremadura\/2012\/11\/23\/ruta-por-las-villuercas-de-canamero-a-berzocana-25-de-noviembre\/","title":{"rendered":"Ruta por las Villuercas: de Ca\u00f1amero a Berzocana (25 de noviembre)"},"content":{"rendered":"<div id=\"attachment_1011\" style=\"width: 610px\" class=\"wp-caption aligncenter\"><a href=\"https:\/\/blogs.hoy.es\/senderosextremadura\/2012\/11\/23\/ruta-por-las-villuercas-de-canamero-a-berzocana-25-de-noviembre\/villuercass\/\" rel=\"attachment wp-att-1011\"><img aria-describedby=\"caption-attachment-1011\" loading=\"lazy\" class=\"size-large wp-image-1011\" title=\"Imagen de la Sierra de las Villuercas\" src=\"\/senderosextremadura\/wp-content\/uploads\/sites\/22\/2012\/11\/VILLUERCASS.jpg\" alt=\"Imagen de la Sierra de las Villuercas\" width=\"600\" height=\"450\" srcset=\"https:\/\/static-blogs.hoy.es\/wp-content\/uploads\/sites\/22\/2012\/11\/VILLUERCASS.jpg 800w, https:\/\/static-blogs.hoy.es\/wp-content\/uploads\/sites\/22\/2012\/11\/VILLUERCASS-300x225.jpg 300w, https:\/\/static-blogs.hoy.es\/wp-content\/uploads\/sites\/22\/2012\/11\/VILLUERCASS-768x576.jpg 768w, https:\/\/static-blogs.hoy.es\/wp-content\/uploads\/sites\/22\/2012\/11\/VILLUERCASS-600x450.jpg 600w\" sizes=\"(max-width: 600px) 100vw, 600px\" \/><\/a><p id=\"caption-attachment-1011\" class=\"wp-caption-text\">Imagen de la Sierra de las Villuercas<\/p><\/div>\n<p>El pr\u00f3ximo domingo d\u00eda 25 de noviembre, el club GR100 se desplaza a la <strong>Sierra de las Villuercas<\/strong> para realizar una traves\u00eda entre las localidades de Ca\u00f1amero y Berzocana, donde seguiremos disfrutando del oto\u00f1o. La ruta no tiene dificultad ninguna y es especialmente bonita, debido a las panor\u00e1micas que tendremos de la sierra.<\/p>\n<p><strong>CARACTERISTICAS DE LA RUTA<\/strong><\/p>\n<p><strong>Recorrido:<\/strong> Ca\u00f1amero &#8211; Berzocana<\/p>\n<p><strong>Nivel de la ruta:<\/strong> Medio \/ Bajo<\/p>\n<p><strong>Distancia:<\/strong> 14,95 km<\/p>\n<p>Duraci\u00f3n: 5 horas<\/p>\n<p>El coste de actividad es de 20 euros e incluye:<\/p>\n<p>Autob\u00fas Ida\/vuelta<\/p>\n<p>Gu\u00edas acompa\u00f1antes<\/p>\n<p>Seguro<\/p>\n<p>Plazas m\u00ednimas para realizar la actividad: 20 personas.<\/p>\n<p><strong><span style=\"text-decoration: underline;\">SALIDA DE AUTOBUSES<\/span><\/strong><\/p>\n<p><strong>BADAJOZ:<\/strong> Iglesia de San Jos\u00e9 a las 7:00 a.m.<\/p>\n<p><strong>CACERES:<\/strong> Palacio de Congresos, a las 8:00 a.m.<\/p>\n<p><strong><span style=\"text-decoration: underline;\">RESERVA DE PLAZA<\/span><\/strong><\/p>\n<p>Si estas interesado en venir no olvides realizar tu reserva , envi\u00e1ndonos un email a <a href=\"mailto:actividades@clubgr100.com\" target=\"_blank\">actividades@clubgr100.com<\/a>, con tu nombre completo y n\u00famero de tel\u00e9fono, solicitando la reserva de plaza, que quedara confirmada una vez que realices el ingreso del importe de la actividad (20\u20ac),\u00a0 en el siguiente numero de cuenta:<\/p>\n<p><strong>Caja Duero <a href=\"tel:2104%200377%2039\" target=\"_blank\">2104 0377 39<\/a> <a href=\"tel:9063141868\" target=\"_blank\">9063141868<\/a>.<\/strong><\/p>\n<p>Tambi\u00e9n puedes inscribirte personalmente en:<\/p>\n<p>&#8211; <strong>INTERSPORT PONCE<\/strong> Centro Comercial Conquistadores BADAJOZ<\/p>\n<p>&#8211; <strong>INTERSPORT PONCE <\/strong>Centro Comercial EL FARO. BADAJOZ<\/p>\n<p>&#8211; <strong>GIMNASIO FITNESS 54 SPA<\/strong>, C\/G\u00f3mez de Sol\u00eds 8 BADAJOZ.<\/p>\n<p>&#8211; <strong>INTERSPORT MOSTAZO<\/strong> c\/San Pedro, 1 CACERES.<\/p>\n<p>Si quieres ampliar la informaci\u00f3n o realizarnos\u00a0 alguna consulta no dudes en llamar a los siguientes tel\u00e9fonos:<\/p>\n<p>654 551 304. DIEGO MOSTAZO (CACERES)<\/p>\n<p>608 516 568. GONZALO S\u00c1NCHEZ-SU\u00c1REZ (BADAJOZ)<\/p>\n<p>&nbsp;<\/p>\n<p>GALER\u00cdAS DE FOTOS DE LAS ZONA<\/p>\n<h2><a title=\"El Geoparque Villuercas-Ibores-Jara\" href=\"http:\/\/www.hoy.es\/multimedia\/fotos\/ultimos\/84990-geoparque-villuercas-ibores-jara-0.html\" target=\"_blank\" rel=\"external nofollow\">El Geoparque Villuercas-Ibores-Jara<\/a><\/h2>\n<h2><a title=\"Siguiendo la huella de Alfonso XI por las Villuercas\" href=\"http:\/\/www.hoy.es\/multimedia\/fotos\/ultimos\/98328-siguiendo-huella-alfonso-villuercas-0.html\" target=\"_blank\" rel=\"external nofollow\">Siguiendo la huella de Alfonso XI por las Villuercas<\/a><\/h2>\n<h2><a title=\"Las mejores vistas de Las Villuercas en la Ruta de Isabel la Cat\u00f3lica\" href=\"http:\/\/www.hoy.es\/multimedia\/fotos\/caceres\/109786-mejores-vistas-villuercas-ruta-isabel-catolica-0.html\" target=\"_blank\" rel=\"external nofollow\">Vistas de Las Villuercas en la Ruta de Isabel la Cat\u00f3lica<\/a><\/h2>\n<!-- AddThis Advanced Settings generic via filter on the_content --><!-- AddThis Share Buttons generic via filter on the_content -->","protected":false},"excerpt":{"rendered":"<p>El pr\u00f3ximo domingo d\u00eda 25 de noviembre, el club GR100 se desplaza a la Sierra de las Villuercas para realizar una traves\u00eda entre las localidades de Ca\u00f1amero y Berzocana, donde seguiremos disfrutando del oto\u00f1o. La ruta no tiene dificultad ninguna y es especialmente bonita, debido a las panor\u00e1micas que tendremos de la sierra. CARACTERISTICAS DE [&hellip;]<!-- AddThis Advanced Settings generic via filter on get_the_excerpt --><!-- AddThis Share Buttons generic via filter on get_the_excerpt --><\/p>\n","protected":false},"author":27,"featured_media":0,"comment_status":"open","ping_status":"closed","sticky":false,"template":"","format":"standard","meta":[],"categories":[4],"tags":[101,148,301,713,906,1035,1099],"_links":{"self":[{"href":"https:\/\/blogs.hoy.es\/senderosextremadura\/wp-json\/wp\/v2\/posts\/1010"}],"collection":[{"href":"https:\/\/blogs.hoy.es\/senderosextremadura\/wp-json\/wp\/v2\/posts"}],"about":[{"href":"https:\/\/blogs.hoy.es\/senderosextremadura\/wp-json\/wp\/v2\/types\/post"}],"author":[{"embeddable":true,"href":"https:\/\/blogs.hoy.es\/senderosextremadura\/wp-json\/wp\/v2\/users\/27"}],"replies":[{"embeddable":true,"href":"https:\/\/blogs.hoy.es\/senderosextremadura\/wp-json\/wp\/v2\/comments?post=1010"}],"version-history":[{"count":0,"href":"https:\/\/blogs.hoy.es\/senderosextremadura\/wp-json\/wp\/v2\/posts\/1010\/revisions"}],"wp:attachment":[{"href":"https:\/\/blogs.hoy.es\/senderosextremadura\/wp-json\/wp\/v2\/media?parent=1010"}],"wp:term":[{"taxonomy":"category","embeddable":true,"href":"https:\/\/blogs.hoy.es\/senderosextremadura\/wp-json\/wp\/v2\/categories?post=1010"},{"taxonomy":"post_tag","embeddable":true,"href":"https:\/\/blogs.hoy.es\/senderosextremadura\/wp-json\/wp\/v2\/tags?post=1010"}],"curies":[{"name":"wp","href":"https:\/\/api.w.org\/{rel}","templated":true}]}}