{"id":1013,"date":"2012-11-29T17:59:21","date_gmt":"2012-11-29T17:59:21","guid":{"rendered":"http:\/\/blogs.hoy.es\/senderosextremadura\/?p=1013"},"modified":"2012-11-29T17:59:21","modified_gmt":"2012-11-29T17:59:21","slug":"via-verde-recorrera-la-ruta-garciaz-zorita-2-de-diciembre","status":"publish","type":"post","link":"https:\/\/blogs.hoy.es\/senderosextremadura\/2012\/11\/29\/via-verde-recorrera-la-ruta-garciaz-zorita-2-de-diciembre\/","title":{"rendered":"V\u00eda Verde recorrer\u00e1 la ruta Garciaz-Zorita (2 de diciembre)"},"content":{"rendered":"<div id=\"attachment_1044\" style=\"width: 645px\" class=\"wp-caption alignright\"><a href=\"https:\/\/blogs.hoy.es\/senderosextremadura\/2012\/11\/29\/via-verde-recorrera-la-ruta-garciaz-zorita-2-de-diciembre\/paraje\/\" rel=\"attachment wp-att-1044\"><img aria-describedby=\"caption-attachment-1044\" loading=\"lazy\" class=\" wp-image-1044\" title=\"Ganado vacuno que se puede ver en la marcha. \/ JES\u00daS HIDALGO\" src=\"\/senderosextremadura\/wp-content\/uploads\/sites\/22\/2012\/11\/paraje.jpg\" alt=\"Ganado vacuno que se puede ver en la marcha. \/ JES\u00daS HIDALGO\" width=\"635\" height=\"317\" srcset=\"https:\/\/static-blogs.hoy.es\/wp-content\/uploads\/sites\/22\/2012\/11\/paraje.jpg 800w, https:\/\/static-blogs.hoy.es\/wp-content\/uploads\/sites\/22\/2012\/11\/paraje-300x150.jpg 300w, https:\/\/static-blogs.hoy.es\/wp-content\/uploads\/sites\/22\/2012\/11\/paraje-768x384.jpg 768w, https:\/\/static-blogs.hoy.es\/wp-content\/uploads\/sites\/22\/2012\/11\/paraje-600x300.jpg 600w\" sizes=\"(max-width: 635px) 100vw, 635px\" \/><\/a><p id=\"caption-attachment-1044\" class=\"wp-caption-text\">Ganado vacuno que se puede ver en la marcha. \/ JES\u00daS HIDALGO<\/p><\/div>\n<p>La <a href=\"http:\/\/www.facebook.com\/senderismo.laviaverde?ref=ts&#038;fref=ts\" target=\"_blank\" rel=\"external nofollow\"><strong>asociaci\u00f3n Senderismo La V\u00eda Verde<\/strong><\/a> de Villanueva de la Serena ha programado una ruta entre las localidades cacere\u00f1as de\u00a0 <strong> <a href=\"http:\/\/es.wikipedia.org\/wiki\/Garciaz\" target=\"_blank\" rel=\"external nofollow\">Garciaz<\/a><\/strong> y <strong>Zorita<\/strong>. Estos municipios se encuentran situados en el centro de la provincia, sobre el bloque desnivelado de Pedro G\u00f3mez en la divisoria de aguas Tajo-Guadiana de la <a title=\"Sierra de Guadalupe (Espa\u00f1a)\" href=\"http:\/\/es.wikipedia.org\/wiki\/Sierra_de_Guadalupe_%28Espa%C3%B1a%29\" rel=\"external nofollow\">Sierra de Guadalupe<\/a>. Su t\u00e9rmino municipal est\u00e1 ba\u00f1ado por dos r\u00edos que llevan sus aguas hasta el Tajo, el r\u00edo Garciaz y el r\u00edo Hornilla. El territorio\u00a0 es una ladera con lomas suaves de pizarras.<\/p>\n<p>La actividad tendr\u00e1 lugar el domingo 2 de diciembre. Se recorrer\u00e1n 18,5 kil\u00f3metros y la duraci\u00f3n prevista es de unas cinco horas. La dificultad de la marcha es media-baja. Los participantes saldr\u00e1n a las 8.30 de la ma\u00f1ana de la estaci\u00f3n de autobuses de Villanueva de la Serena. La inscripci\u00f3n se realiza a trav\u00e9s de un ingreso de 17 euros para los no socios en Banca Pueyo. Los socios pagan 12 euros. Al finalizar la ruta el grupo visitar\u00e1 la Mina Constanza, en Logros\u00e1n.<\/p>\n<p>Los organizadores han visitado antes la zona y nos han facilitado estas fotos que mostramos en una <a href=\"http:\/\/www.hoy.es\/multimedia\/fotos\/ultimos\/110826-ruta-garciazzorita-divisoria-aguas-tajoguadiana-0.html\" rel=\"external nofollow\"><strong>GALER\u00cdA<\/strong><\/a><\/p>\n<!-- AddThis Advanced Settings generic via filter on the_content --><!-- AddThis Share Buttons generic via filter on the_content -->","protected":false},"excerpt":{"rendered":"<p>La asociaci\u00f3n Senderismo La V\u00eda Verde de Villanueva de la Serena ha programado una ruta entre las localidades cacere\u00f1as de\u00a0 Garciaz y Zorita. Estos municipios se encuentran situados en el centro de la provincia, sobre el bloque desnivelado de Pedro G\u00f3mez en la divisoria de aguas Tajo-Guadiana de la Sierra de Guadalupe. Su t\u00e9rmino municipal [&hellip;]<!-- AddThis Advanced Settings generic via filter on get_the_excerpt --><!-- AddThis Share Buttons generic via filter on get_the_excerpt --><\/p>\n","protected":false},"author":27,"featured_media":0,"comment_status":"open","ping_status":"closed","sticky":false,"template":"","format":"standard","meta":[],"categories":[4],"tags":[301,337,713,906,944,1035,1119],"_links":{"self":[{"href":"https:\/\/blogs.hoy.es\/senderosextremadura\/wp-json\/wp\/v2\/posts\/1013"}],"collection":[{"href":"https:\/\/blogs.hoy.es\/senderosextremadura\/wp-json\/wp\/v2\/posts"}],"about":[{"href":"https:\/\/blogs.hoy.es\/senderosextremadura\/wp-json\/wp\/v2\/types\/post"}],"author":[{"embeddable":true,"href":"https:\/\/blogs.hoy.es\/senderosextremadura\/wp-json\/wp\/v2\/users\/27"}],"replies":[{"embeddable":true,"href":"https:\/\/blogs.hoy.es\/senderosextremadura\/wp-json\/wp\/v2\/comments?post=1013"}],"version-history":[{"count":0,"href":"https:\/\/blogs.hoy.es\/senderosextremadura\/wp-json\/wp\/v2\/posts\/1013\/revisions"}],"wp:attachment":[{"href":"https:\/\/blogs.hoy.es\/senderosextremadura\/wp-json\/wp\/v2\/media?parent=1013"}],"wp:term":[{"taxonomy":"category","embeddable":true,"href":"https:\/\/blogs.hoy.es\/senderosextremadura\/wp-json\/wp\/v2\/categories?post=1013"},{"taxonomy":"post_tag","embeddable":true,"href":"https:\/\/blogs.hoy.es\/senderosextremadura\/wp-json\/wp\/v2\/tags?post=1013"}],"curies":[{"name":"wp","href":"https:\/\/api.w.org\/{rel}","templated":true}]}}