{"id":1016,"date":"2012-11-26T10:16:54","date_gmt":"2012-11-26T10:16:54","guid":{"rendered":"http:\/\/blogs.hoy.es\/senderosextremadura\/?p=1016"},"modified":"2012-11-26T10:16:54","modified_gmt":"2012-11-26T10:16:54","slug":"seis-horas-de-ruta-hasta-el-cueso-losar-de-la-vera-2-de-diciembre","status":"publish","type":"post","link":"https:\/\/blogs.hoy.es\/senderosextremadura\/2012\/11\/26\/seis-horas-de-ruta-hasta-el-cueso-losar-de-la-vera-2-de-diciembre\/","title":{"rendered":"Seis horas de ruta hasta el Cueso, Losar de la Vera (2 de diciembre)"},"content":{"rendered":"<p style=\"text-align: left;\">Con una ruta senderista hasta el Cueso, calificada de dificultad baja, comenzar\u00e1<a href=\"https:\/\/blogs.hoy.es\/senderosextremadura\/2012\/11\/26\/seis-horas-de-ruta-hasta-el-cueso-losar-de-la-vera-2-de-diciembre\/losar\/\" rel=\"attachment wp-att-1018\"><img loading=\"lazy\" class=\"alignright  wp-image-1018\" title=\"LOSAR\" src=\"\/senderosextremadura\/wp-content\/uploads\/sites\/22\/2012\/11\/LOSAR.jpg\" alt=\"\" width=\"254\" height=\"381\" srcset=\"https:\/\/static-blogs.hoy.es\/wp-content\/uploads\/sites\/22\/2012\/11\/LOSAR.jpg 367w, https:\/\/static-blogs.hoy.es\/wp-content\/uploads\/sites\/22\/2012\/11\/LOSAR-200x300.jpg 200w\" sizes=\"(max-width: 254px) 100vw, 254px\" \/><\/a> la jornada de convivencia que ha programado la Secci\u00f3n de Monta\u00f1a del CP Losare\u00f1o para el domingo de la pr\u00f3xima semana, d\u00eda 2 de diciembre. Durante la ruta habr\u00e1 una chuletada, por lo que los organizadores piden a los participantes \u00abque lleven las viandas que estimen oportunas para asar\u00bb. Tendr\u00e1 una duraci\u00f3n de seis horas.<\/p>\n<p>ELOY GARC\u00cdA<\/p>\n<!-- AddThis Advanced Settings generic via filter on the_content --><!-- AddThis Share Buttons generic via filter on the_content -->","protected":false},"excerpt":{"rendered":"<p>Con una ruta senderista hasta el Cueso, calificada de dificultad baja, comenzar\u00e1 la jornada de convivencia que ha programado la Secci\u00f3n de Monta\u00f1a del CP Losare\u00f1o para el domingo de la pr\u00f3xima semana, d\u00eda 2 de diciembre. Durante la ruta habr\u00e1 una chuletada, por lo que los organizadores piden a los participantes \u00abque lleven las [&hellip;]<!-- AddThis Advanced Settings generic via filter on get_the_excerpt --><!-- AddThis Share Buttons generic via filter on get_the_excerpt --><\/p>\n","protected":false},"author":27,"featured_media":0,"comment_status":"open","ping_status":"closed","sticky":false,"template":"","format":"standard","meta":[],"categories":[4],"tags":[121,301,906,942,1035,1072],"_links":{"self":[{"href":"https:\/\/blogs.hoy.es\/senderosextremadura\/wp-json\/wp\/v2\/posts\/1016"}],"collection":[{"href":"https:\/\/blogs.hoy.es\/senderosextremadura\/wp-json\/wp\/v2\/posts"}],"about":[{"href":"https:\/\/blogs.hoy.es\/senderosextremadura\/wp-json\/wp\/v2\/types\/post"}],"author":[{"embeddable":true,"href":"https:\/\/blogs.hoy.es\/senderosextremadura\/wp-json\/wp\/v2\/users\/27"}],"replies":[{"embeddable":true,"href":"https:\/\/blogs.hoy.es\/senderosextremadura\/wp-json\/wp\/v2\/comments?post=1016"}],"version-history":[{"count":0,"href":"https:\/\/blogs.hoy.es\/senderosextremadura\/wp-json\/wp\/v2\/posts\/1016\/revisions"}],"wp:attachment":[{"href":"https:\/\/blogs.hoy.es\/senderosextremadura\/wp-json\/wp\/v2\/media?parent=1016"}],"wp:term":[{"taxonomy":"category","embeddable":true,"href":"https:\/\/blogs.hoy.es\/senderosextremadura\/wp-json\/wp\/v2\/categories?post=1016"},{"taxonomy":"post_tag","embeddable":true,"href":"https:\/\/blogs.hoy.es\/senderosextremadura\/wp-json\/wp\/v2\/tags?post=1016"}],"curies":[{"name":"wp","href":"https:\/\/api.w.org\/{rel}","templated":true}]}}