{"id":1019,"date":"2012-11-27T12:34:39","date_gmt":"2012-11-27T12:34:39","guid":{"rendered":"http:\/\/blogs.hoy.es\/senderosextremadura\/?p=1019"},"modified":"2012-11-27T12:34:39","modified_gmt":"2012-11-27T12:34:39","slug":"villuercas-ibores-una-de-las-otonadas-mas-espectaculares-2-de-diciembre","status":"publish","type":"post","link":"https:\/\/blogs.hoy.es\/senderosextremadura\/2012\/11\/27\/villuercas-ibores-una-de-las-otonadas-mas-espectaculares-2-de-diciembre\/","title":{"rendered":"Villuercas-Ibores, una de las oto\u00f1adas m\u00e1s espectaculares (2 de diciembre)"},"content":{"rendered":"<div id=\"attachment_1021\" style=\"width: 610px\" class=\"wp-caption alignright\"><a href=\"https:\/\/blogs.hoy.es\/senderosextremadura\/2012\/11\/27\/villuercas-ibores-una-de-las-otonadas-mas-espectaculares-2-de-diciembre\/ruta-canamero\/\" rel=\"attachment wp-att-1021\"><img aria-describedby=\"caption-attachment-1021\" loading=\"lazy\" class=\"size-large wp-image-1021\" title=\"Llegada de senderistas a Guadalupe\" src=\"\/senderosextremadura\/wp-content\/uploads\/sites\/22\/2012\/11\/ruta-canamero.jpg\" alt=\"Llegada de senderistas a Guadalupe\" width=\"600\" height=\"300\" srcset=\"https:\/\/static-blogs.hoy.es\/wp-content\/uploads\/sites\/22\/2012\/11\/ruta-canamero.jpg 800w, https:\/\/static-blogs.hoy.es\/wp-content\/uploads\/sites\/22\/2012\/11\/ruta-canamero-300x150.jpg 300w, https:\/\/static-blogs.hoy.es\/wp-content\/uploads\/sites\/22\/2012\/11\/ruta-canamero-768x384.jpg 768w, https:\/\/static-blogs.hoy.es\/wp-content\/uploads\/sites\/22\/2012\/11\/ruta-canamero-600x300.jpg 600w\" sizes=\"(max-width: 600px) 100vw, 600px\" \/><\/a><p id=\"caption-attachment-1021\" class=\"wp-caption-text\">Llegada de senderistas a Guadalupe<\/p><\/div>\n<p>a\u00f1o m\u00e1s Geogr\u00e1fica vuelve al GeoParque Villuercas, Jara e Ibores, a disfrutar de una de las oto\u00f1adas m\u00e1s espectaculares y desconocidas de nuestra regi\u00f3n.La asociaci\u00f3n realizar\u00e1 el pr\u00f3ximo domingo 2 de diciembre la &#8216;Ruta de Isabel la Cat\u00f3lica&#8217;. Una marcha de la que ya hemos informado en post anteriores, ya que es una de las m\u00e1s frecuentadas de la regi\u00f3n.<\/p>\n<p>Entre Ca\u00f1amero y Guadalupe, casta\u00f1os, robles melojos y carvallos y pinos resineros, ocultan a los protegidos arces de Montpellier en el bosque atl\u00e1ntico, mientras que las fresnedas, saucedas y alisedas de la ribera, nos invitan a so\u00f1ar con los end\u00e9micos Loros (Prunus lusitanica). Parajes como el de &#8220;La Cruz de Andrade&#8221; o &#8220;El Melonar de los Frailes&#8221; ser\u00e1n el pre\u00e1mbulo que acontece al imponente \u00e1rbol singular &#8220;Casta\u00f1o el Abuelo&#8221;, todo un hito biol\u00f3gico del que se le conocen citas de caminantes y comitivas reales desde 1.353. De regreso a casa y en funci\u00f3n del tiempo disponible, completaremos nuestro sentir oto\u00f1al con la visita al centro de invernada de Grulla com\u00fan (Grusgrus), m\u00e1s importante de Europa, donde conoceremos y observaremos el singular comportamiento de este interesante especie.<\/p>\n<p><a href=\"http:\/\/www.hoy.es\/multimedia\/fotos\/caceres\/109786-mejores-vistas-villuercas-ruta-isabel-catolica-0.html\" target=\"_blank\" rel=\"external nofollow\"><strong>GALER\u00cdA DE FOTOS DE LA RUTA<\/strong><\/a><\/p>\n<p>Salida Badajoz: 08,00 h. Plaza de la Libertad (Traseras de Correos).<br \/>\nSalida M\u00e9rida: 08,45 h. Area de Servicio ABADES.<br \/>\nDificultad: Baja. Desnivel +: 594,77 m. Altitud m\u00e1xima: 982,30 mts.<br \/>\nDistancia: 14,2 Km. Desnivel -: 555,45 m. Altitud m\u00ednima: 547,76 mts.<br \/>\nPRECIO: 20 euros. *Socios Gratis.<br \/>\nINCLUYE: Autob\u00fas (Ida y Vuelta), Monitores titulados, Int\u00e9rprete de<br \/>\nNaturaleza, Telescopios terrestres (Observaci\u00f3n de Grullas) y Seguros (RC<br \/>\ny SOV).<br \/>\nAMPL\u00cdA INFORMACI\u00d3N EN: 924 278 561<\/p>\n<div id=\"attachment_1022\" style=\"width: 610px\" class=\"wp-caption alignright\"><a href=\"https:\/\/blogs.hoy.es\/senderosextremadura\/2012\/11\/27\/villuercas-ibores-una-de-las-otonadas-mas-espectaculares-2-de-diciembre\/frailes\/\" rel=\"attachment wp-att-1022\"><img aria-describedby=\"caption-attachment-1022\" loading=\"lazy\" class=\"size-large wp-image-1022\" title=\"Pedregal conocido como Melonar de los Frailes\" src=\"\/senderosextremadura\/wp-content\/uploads\/sites\/22\/2012\/11\/frailes.jpg\" alt=\"Pedregal conocido como Melonar de los Frailes\" width=\"600\" height=\"300\" srcset=\"https:\/\/static-blogs.hoy.es\/wp-content\/uploads\/sites\/22\/2012\/11\/frailes.jpg 800w, https:\/\/static-blogs.hoy.es\/wp-content\/uploads\/sites\/22\/2012\/11\/frailes-300x150.jpg 300w, https:\/\/static-blogs.hoy.es\/wp-content\/uploads\/sites\/22\/2012\/11\/frailes-768x384.jpg 768w, https:\/\/static-blogs.hoy.es\/wp-content\/uploads\/sites\/22\/2012\/11\/frailes-600x300.jpg 600w\" sizes=\"(max-width: 600px) 100vw, 600px\" \/><\/a><p id=\"caption-attachment-1022\" class=\"wp-caption-text\">Pedregal conocido como Melonar de los Frailes<\/p><\/div>\n<!-- AddThis Advanced Settings generic via filter on the_content --><!-- AddThis Share Buttons generic via filter on the_content -->","protected":false},"excerpt":{"rendered":"<p>a\u00f1o m\u00e1s Geogr\u00e1fica vuelve al GeoParque Villuercas, Jara e Ibores, a disfrutar de una de las oto\u00f1adas m\u00e1s espectaculares y desconocidas de nuestra regi\u00f3n.La asociaci\u00f3n realizar\u00e1 el pr\u00f3ximo domingo 2 de diciembre la &#8216;Ruta de Isabel la Cat\u00f3lica&#8217;. Una marcha de la que ya hemos informado en post anteriores, ya que es una de las [&hellip;]<!-- AddThis Advanced Settings generic via filter on get_the_excerpt --><!-- AddThis Share Buttons generic via filter on get_the_excerpt --><\/p>\n","protected":false},"author":27,"featured_media":0,"comment_status":"open","ping_status":"closed","sticky":false,"template":"","format":"standard","meta":[],"categories":[3,4],"tags":[138,301,350,480,792,944,954,1035,1099],"_links":{"self":[{"href":"https:\/\/blogs.hoy.es\/senderosextremadura\/wp-json\/wp\/v2\/posts\/1019"}],"collection":[{"href":"https:\/\/blogs.hoy.es\/senderosextremadura\/wp-json\/wp\/v2\/posts"}],"about":[{"href":"https:\/\/blogs.hoy.es\/senderosextremadura\/wp-json\/wp\/v2\/types\/post"}],"author":[{"embeddable":true,"href":"https:\/\/blogs.hoy.es\/senderosextremadura\/wp-json\/wp\/v2\/users\/27"}],"replies":[{"embeddable":true,"href":"https:\/\/blogs.hoy.es\/senderosextremadura\/wp-json\/wp\/v2\/comments?post=1019"}],"version-history":[{"count":0,"href":"https:\/\/blogs.hoy.es\/senderosextremadura\/wp-json\/wp\/v2\/posts\/1019\/revisions"}],"wp:attachment":[{"href":"https:\/\/blogs.hoy.es\/senderosextremadura\/wp-json\/wp\/v2\/media?parent=1019"}],"wp:term":[{"taxonomy":"category","embeddable":true,"href":"https:\/\/blogs.hoy.es\/senderosextremadura\/wp-json\/wp\/v2\/categories?post=1019"},{"taxonomy":"post_tag","embeddable":true,"href":"https:\/\/blogs.hoy.es\/senderosextremadura\/wp-json\/wp\/v2\/tags?post=1019"}],"curies":[{"name":"wp","href":"https:\/\/api.w.org\/{rel}","templated":true}]}}