{"id":1025,"date":"2012-11-27T13:10:53","date_gmt":"2012-11-27T13:10:53","guid":{"rendered":"http:\/\/blogs.hoy.es\/senderosextremadura\/?p=1025"},"modified":"2012-11-27T13:10:53","modified_gmt":"2012-11-27T13:10:53","slug":"fuentes-de-gevora-con-el-club-del-caminante-2-de-diciembre","status":"publish","type":"post","link":"https:\/\/blogs.hoy.es\/senderosextremadura\/2012\/11\/27\/fuentes-de-gevora-con-el-club-del-caminante-2-de-diciembre\/","title":{"rendered":"Fuentes de G\u00e9vora con el Club del Caminante (2 de diciembre)"},"content":{"rendered":"<div id=\"attachment_1026\" style=\"width: 448px\" class=\"wp-caption alignright\"><a href=\"https:\/\/blogs.hoy.es\/senderosextremadura\/2012\/11\/27\/fuentes-de-gevora-con-el-club-del-caminante-2-de-diciembre\/fuentes-club\/\" rel=\"attachment wp-att-1026\"><img aria-describedby=\"caption-attachment-1026\" loading=\"lazy\" class=\" wp-image-1026 \" title=\"Cartel de la ruta\" src=\"\/senderosextremadura\/wp-content\/uploads\/sites\/22\/2012\/11\/fuentes-club.jpg\" alt=\"Cartel de la ruta\" width=\"438\" height=\"328\" srcset=\"https:\/\/static-blogs.hoy.es\/wp-content\/uploads\/sites\/22\/2012\/11\/fuentes-club.jpg 960w, https:\/\/static-blogs.hoy.es\/wp-content\/uploads\/sites\/22\/2012\/11\/fuentes-club-300x225.jpg 300w, https:\/\/static-blogs.hoy.es\/wp-content\/uploads\/sites\/22\/2012\/11\/fuentes-club-768x576.jpg 768w, https:\/\/static-blogs.hoy.es\/wp-content\/uploads\/sites\/22\/2012\/11\/fuentes-club-600x450.jpg 600w\" sizes=\"(max-width: 438px) 100vw, 438px\" \/><\/a><p id=\"caption-attachment-1026\" class=\"wp-caption-text\">Cartel de la ruta<\/p><\/div>\n<p>&nbsp;<\/p>\n<h3>El <strong>Club del Caminante de Badajoz<\/strong> propone para este pr\u00f3ximo fin de semana la ruta por &#8220;<strong>Fuentes de G\u00e9vora<\/strong>&#8220;. Los interesados pueden inscribirse hasta este jueves 29 de noviembre.<\/h3>\n<h3>La dificultad de esta marcha de 22 kil\u00f3metros es media. La salida tendr\u00e1 lugar desde el Ancla de Santa Maria a las 7.30 de la ma\u00f1ana. La \u00a0marcha empieza en La Rabaza y termina en Sao Giuliao.<\/h3>\n<h3><strong>M\u00e1s informaci\u00f3n en:<\/strong><\/h3>\n<h3><a href=\"http:\/\/www.clubcaminantebadajoz.com\" target=\"_blank\" rel=\"external nofollow\">www.clubcaminantebadajoz.com<\/a><\/h3>\n<!-- AddThis Advanced Settings generic via filter on the_content --><!-- AddThis Share Buttons generic via filter on the_content -->","protected":false},"excerpt":{"rendered":"<p>&nbsp; El Club del Caminante de Badajoz propone para este pr\u00f3ximo fin de semana la ruta por &#8220;Fuentes de G\u00e9vora&#8220;. Los interesados pueden inscribirse hasta este jueves 29 de noviembre. La dificultad de esta marcha de 22 kil\u00f3metros es media. La salida tendr\u00e1 lugar desde el Ancla de Santa Maria a las 7.30 de la [&hellip;]<!-- AddThis Advanced Settings generic via filter on get_the_excerpt --><!-- AddThis Share Buttons generic via filter on get_the_excerpt --><\/p>\n","protected":false},"author":27,"featured_media":0,"comment_status":"open","ping_status":"closed","sticky":false,"template":"","format":"standard","meta":[],"categories":[2,4],"tags":[86,132,211,329,355,551,792,906,954,1035],"_links":{"self":[{"href":"https:\/\/blogs.hoy.es\/senderosextremadura\/wp-json\/wp\/v2\/posts\/1025"}],"collection":[{"href":"https:\/\/blogs.hoy.es\/senderosextremadura\/wp-json\/wp\/v2\/posts"}],"about":[{"href":"https:\/\/blogs.hoy.es\/senderosextremadura\/wp-json\/wp\/v2\/types\/post"}],"author":[{"embeddable":true,"href":"https:\/\/blogs.hoy.es\/senderosextremadura\/wp-json\/wp\/v2\/users\/27"}],"replies":[{"embeddable":true,"href":"https:\/\/blogs.hoy.es\/senderosextremadura\/wp-json\/wp\/v2\/comments?post=1025"}],"version-history":[{"count":0,"href":"https:\/\/blogs.hoy.es\/senderosextremadura\/wp-json\/wp\/v2\/posts\/1025\/revisions"}],"wp:attachment":[{"href":"https:\/\/blogs.hoy.es\/senderosextremadura\/wp-json\/wp\/v2\/media?parent=1025"}],"wp:term":[{"taxonomy":"category","embeddable":true,"href":"https:\/\/blogs.hoy.es\/senderosextremadura\/wp-json\/wp\/v2\/categories?post=1025"},{"taxonomy":"post_tag","embeddable":true,"href":"https:\/\/blogs.hoy.es\/senderosextremadura\/wp-json\/wp\/v2\/tags?post=1025"}],"curies":[{"name":"wp","href":"https:\/\/api.w.org\/{rel}","templated":true}]}}