{"id":1029,"date":"2012-11-27T17:44:49","date_gmt":"2012-11-27T17:44:49","guid":{"rendered":"http:\/\/blogs.hoy.es\/senderosextremadura\/?p=1029"},"modified":"2012-11-27T17:44:49","modified_gmt":"2012-11-27T17:44:49","slug":"ruta-infantil-por-el-camino-de-hish-al-hanash-en-alange-1-de-diciembre","status":"publish","type":"post","link":"https:\/\/blogs.hoy.es\/senderosextremadura\/2012\/11\/27\/ruta-infantil-por-el-camino-de-hish-al-hanash-en-alange-1-de-diciembre\/","title":{"rendered":"Ruta infantil por el castillo de la Culebra de Alange (1 de diciembre)"},"content":{"rendered":"<p>&nbsp;<\/p>\n<p><a href=\"https:\/\/blogs.hoy.es\/senderosextremadura\/2012\/11\/27\/ruta-infantil-por-el-camino-de-hish-al-hanash-en-alange-1-de-diciembre\/castillo-alange\/\" rel=\"attachment wp-att-1031\"><img loading=\"lazy\" class=\" wp-image-1031\" title=\"Castilla de la Culebra de Alange. \/ A.M.\" src=\"\/senderosextremadura\/wp-content\/uploads\/sites\/22\/2012\/11\/CASTILLO-ALANGE.jpg\" alt=\"Castilla de la Culebra de Alange. \/ A.M.\" width=\"618\" height=\"324\" srcset=\"https:\/\/static-blogs.hoy.es\/wp-content\/uploads\/sites\/22\/2012\/11\/CASTILLO-ALANGE.jpg 760w, https:\/\/static-blogs.hoy.es\/wp-content\/uploads\/sites\/22\/2012\/11\/CASTILLO-ALANGE-300x158.jpg 300w, https:\/\/static-blogs.hoy.es\/wp-content\/uploads\/sites\/22\/2012\/11\/CASTILLO-ALANGE-600x316.jpg 600w\" sizes=\"(max-width: 618px) 100vw, 618px\" \/><\/a><\/p>\n<p>La Asociaci\u00f3n de Madres y Padres de Alange ha organizado una ruta infantil en colaboraci\u00f3n con el <strong>Asociaci\u00f3n Senderista y Cultural Pata del Buey<\/strong> del municipio. Tendr\u00e1 lugar el s\u00e1bado uno de diciembre a partir de las 11 de la ma\u00f1ana. Los participantes saldr\u00e1n de la ermita de San Gregorio y recorrer\u00e1n una distancia de tres kil\u00f3metros. La ruta de dificultad media-alta tendr\u00e1 una duraci\u00f3n aproximada de 2 horas y 30 minutos.<\/p>\n<p>Los participantes <strong>subir\u00e1n al cerro del Castillo de la Culebra<\/strong> que llevar\u00e1 por nombre \u201cEl camino de Hisn Al-Hanash\u201d, en recuerdo a como se conoci\u00f3 a esta poblaci\u00f3n durante la dominaci\u00f3n musulmana.<\/p>\n<p>A lo largo del recorrido, tanto ni\u00f1os como padres y dem\u00e1s acompa\u00f1antes se encontrar\u00e1n con personajes como el <strong>rebelde Ibn Marwan o el Emir de C\u00f3rdoba Muhammad I<\/strong>, que har\u00e1n viajar al senderista en el tiempo hasta el siglo IX mediante la explicaci\u00f3n de las historias acontecidas en este lugar.<\/p>\n<p>Una ruta llena de encanto por la monta\u00f1a m\u00e1s emblem\u00e1tica de Alange donde se mezclar\u00e1n historia, teatro, arqueolog\u00eda, naturaleza, deporte y convivencia entre estas dos asociaciones.<\/p>\n<p>Jos\u00e9 Mar\u00eda Ben\u00edtez Carroza.<br \/>\nPresidente de A. S. C. \u201cPata del Buey\u201d<\/p>\n<p><a href=\"http:\/\/www.hoy.es\/multimedia\/fotos\/ultimos\/107879-ruta-encantos-alange-0.html\" rel=\"external nofollow\"><strong>GALER\u00cdA DE FOTOS DE LOS ENCANTOS DE ALANGE<\/strong><\/a><\/p>\n<!-- AddThis Advanced Settings generic via filter on the_content --><!-- AddThis Share Buttons generic via filter on the_content -->","protected":false},"excerpt":{"rendered":"<p>&nbsp; La Asociaci\u00f3n de Madres y Padres de Alange ha organizado una ruta infantil en colaboraci\u00f3n con el Asociaci\u00f3n Senderista y Cultural Pata del Buey del municipio. Tendr\u00e1 lugar el s\u00e1bado uno de diciembre a partir de las 11 de la ma\u00f1ana. Los participantes saldr\u00e1n de la ermita de San Gregorio y recorrer\u00e1n una distancia [&hellip;]<!-- AddThis Advanced Settings generic via filter on get_the_excerpt --><!-- AddThis Share Buttons generic via filter on get_the_excerpt --><\/p>\n","protected":false},"author":27,"featured_media":0,"comment_status":"open","ping_status":"closed","sticky":false,"template":"","format":"standard","meta":[],"categories":[2,4],"tags":[20,86,301,713,906,954,1035],"_links":{"self":[{"href":"https:\/\/blogs.hoy.es\/senderosextremadura\/wp-json\/wp\/v2\/posts\/1029"}],"collection":[{"href":"https:\/\/blogs.hoy.es\/senderosextremadura\/wp-json\/wp\/v2\/posts"}],"about":[{"href":"https:\/\/blogs.hoy.es\/senderosextremadura\/wp-json\/wp\/v2\/types\/post"}],"author":[{"embeddable":true,"href":"https:\/\/blogs.hoy.es\/senderosextremadura\/wp-json\/wp\/v2\/users\/27"}],"replies":[{"embeddable":true,"href":"https:\/\/blogs.hoy.es\/senderosextremadura\/wp-json\/wp\/v2\/comments?post=1029"}],"version-history":[{"count":0,"href":"https:\/\/blogs.hoy.es\/senderosextremadura\/wp-json\/wp\/v2\/posts\/1029\/revisions"}],"wp:attachment":[{"href":"https:\/\/blogs.hoy.es\/senderosextremadura\/wp-json\/wp\/v2\/media?parent=1029"}],"wp:term":[{"taxonomy":"category","embeddable":true,"href":"https:\/\/blogs.hoy.es\/senderosextremadura\/wp-json\/wp\/v2\/categories?post=1029"},{"taxonomy":"post_tag","embeddable":true,"href":"https:\/\/blogs.hoy.es\/senderosextremadura\/wp-json\/wp\/v2\/tags?post=1029"}],"curies":[{"name":"wp","href":"https:\/\/api.w.org\/{rel}","templated":true}]}}