{"id":103,"date":"2012-03-05T18:42:49","date_gmt":"2012-03-05T18:42:49","guid":{"rendered":"http:\/\/blogs.hoy.es\/senderosextremadura\/?p=103"},"modified":"2012-03-05T18:42:49","modified_gmt":"2012-03-05T18:42:49","slug":"fotos-de-la-ruta-por-monfrague","status":"publish","type":"post","link":"https:\/\/blogs.hoy.es\/senderosextremadura\/2012\/03\/05\/fotos-de-la-ruta-por-monfrague\/","title":{"rendered":"Fotos de la ruta por Monfrag\u00fce"},"content":{"rendered":"<h2><strong>Geogr\u00e1fica<\/strong> recorri\u00f3 este domingo los senderos del <strong>Parque Nacional de Monfrag\u00fce<\/strong>, coincidieron con FIO, la Feria Internacional Ornitol\u00f3gica. Aqu\u00ed puedes ver<a href=\"http:\/\/www.hoy.es\/multimedia\/fotos\/ultimos\/94407-ruta-parque-nacional-monfrague-0.html\" rel=\"external nofollow\"> <strong>algunas im\u00e1genes<\/strong><\/a> de esta impresionante marcha.<\/h2>\n<div id=\"attachment_104\" style=\"width: 618px\" class=\"wp-caption alignleft\"><a href=\"http:\/\/www.hoy.es\/multimedia\/fotos\/ultimos\/94407-ruta-parque-nacional-monfrague-0.html\" rel=\"external nofollow\"><img aria-describedby=\"caption-attachment-104\" loading=\"lazy\" class=\"size-full wp-image-104  \" src=\"\/senderosextremadura\/wp-content\/uploads\/sites\/22\/2012\/03\/monfra.jpg\" alt=\"\" width=\"608\" height=\"456\" \/><\/a><p id=\"caption-attachment-104\" class=\"wp-caption-text\">PINCHA EN LA IMAGEN PARA VER M\u00c1S FOTOS DE LA RUTA<\/p><\/div>\n<p>&nbsp;<\/p>\n<p>&nbsp;<\/p>\n<p>&nbsp;<\/p>\n<p>&nbsp;<\/p>\n<p>&nbsp;<\/p>\n<p>&nbsp;<\/p>\n<p>&nbsp;<\/p>\n<p>&nbsp;<\/p>\n<p>&nbsp;<\/p>\n<p>&nbsp;<\/p>\n<p>&nbsp;<\/p>\n<p>&nbsp;<\/p>\n<p>&nbsp;<\/p>\n<p>&nbsp;<\/p>\n<p>&nbsp;<\/p>\n<p>&nbsp;<\/p>\n<p>\u00bfPARTICIPASTE EN LA RUTA? M\u00c1NDANOS\u00a0 TUS FOTOS A <a href=\"milto:senderismoextremadurahoy@gmail.com\"><strong>senderismoextremadurahoy@gmail.com<\/strong><\/a><\/p>\n<p>&nbsp;<\/p>\n<p>&nbsp;<\/p>\n<!-- AddThis Advanced Settings generic via filter on the_content --><!-- AddThis Share Buttons generic via filter on the_content -->","protected":false},"excerpt":{"rendered":"<p>Geogr\u00e1fica recorri\u00f3 este domingo los senderos del Parque Nacional de Monfrag\u00fce, coincidieron con FIO, la Feria Internacional Ornitol\u00f3gica. Aqu\u00ed puedes ver algunas im\u00e1genes de esta impresionante marcha. &nbsp; &nbsp; &nbsp; &nbsp; &nbsp; &nbsp; &nbsp; &nbsp; &nbsp; &nbsp; &nbsp; &nbsp; &nbsp; &nbsp; &nbsp; &nbsp; \u00bfPARTICIPASTE EN LA RUTA? M\u00c1NDANOS\u00a0 TUS FOTOS A senderismoextremadurahoy@gmail.com &nbsp; &nbsp;<!-- AddThis Advanced Settings generic via filter on get_the_excerpt --><!-- AddThis Share Buttons generic via filter on get_the_excerpt --><\/p>\n","protected":false},"author":27,"featured_media":0,"comment_status":"open","ping_status":"closed","sticky":false,"template":"","format":"standard","meta":[],"categories":[3],"tags":[77,121,301,314,515,547,602],"_links":{"self":[{"href":"https:\/\/blogs.hoy.es\/senderosextremadura\/wp-json\/wp\/v2\/posts\/103"}],"collection":[{"href":"https:\/\/blogs.hoy.es\/senderosextremadura\/wp-json\/wp\/v2\/posts"}],"about":[{"href":"https:\/\/blogs.hoy.es\/senderosextremadura\/wp-json\/wp\/v2\/types\/post"}],"author":[{"embeddable":true,"href":"https:\/\/blogs.hoy.es\/senderosextremadura\/wp-json\/wp\/v2\/users\/27"}],"replies":[{"embeddable":true,"href":"https:\/\/blogs.hoy.es\/senderosextremadura\/wp-json\/wp\/v2\/comments?post=103"}],"version-history":[{"count":0,"href":"https:\/\/blogs.hoy.es\/senderosextremadura\/wp-json\/wp\/v2\/posts\/103\/revisions"}],"wp:attachment":[{"href":"https:\/\/blogs.hoy.es\/senderosextremadura\/wp-json\/wp\/v2\/media?parent=103"}],"wp:term":[{"taxonomy":"category","embeddable":true,"href":"https:\/\/blogs.hoy.es\/senderosextremadura\/wp-json\/wp\/v2\/categories?post=103"},{"taxonomy":"post_tag","embeddable":true,"href":"https:\/\/blogs.hoy.es\/senderosextremadura\/wp-json\/wp\/v2\/tags?post=103"}],"curies":[{"name":"wp","href":"https:\/\/api.w.org\/{rel}","templated":true}]}}