{"id":1048,"date":"2012-12-03T19:24:37","date_gmt":"2012-12-03T19:24:37","guid":{"rendered":"http:\/\/blogs.hoy.es\/senderosextremadura\/?p=1048"},"modified":"2012-12-03T19:24:37","modified_gmt":"2012-12-03T19:24:37","slug":"xii-maraton-andando-por-badajoz-16-de-diciembre","status":"publish","type":"post","link":"https:\/\/blogs.hoy.es\/senderosextremadura\/2012\/12\/03\/xii-maraton-andando-por-badajoz-16-de-diciembre\/","title":{"rendered":"XII Marat\u00f3n &#039;Andando por Badajoz&#039; (16 de diciembre)"},"content":{"rendered":"<div align=\"justify\"><strong><a href=\"https:\/\/blogs.hoy.es\/senderosextremadura\/2012\/12\/03\/xii-maraton-andando-por-badajoz-16-de-diciembre\/maraton-badajoz\/\" rel=\"attachment wp-att-1049\"><img loading=\"lazy\" class=\"alignright size-full wp-image-1049\" title=\"maraton-badajoz\" src=\"\/senderosextremadura\/wp-content\/uploads\/sites\/22\/2012\/12\/maraton-badajoz.jpg\" alt=\"\" width=\"282\" height=\"400\" srcset=\"https:\/\/static-blogs.hoy.es\/wp-content\/uploads\/sites\/22\/2012\/12\/maraton-badajoz.jpg 282w, https:\/\/static-blogs.hoy.es\/wp-content\/uploads\/sites\/22\/2012\/12\/maraton-badajoz-212x300.jpg 212w\" sizes=\"(max-width: 282px) 100vw, 282px\" \/><\/a><span style=\"font-size: medium;\">Los badajocenses tienen una nueva oportunidad para recorrer el entorno m\u00e1s cercano, ese que casi siempre pasa desapercibido en medio de las rutinas diarias. El pr\u00f3ximo 16 de diciembre se celebra el XII Marat\u00f3n &#8216;Andando por Badajoz&#8217;, una marcha de 42 kil\u00f3metros y dificultad alta organizada por el <a href=\"http:\/\/www.clubcaminantebadajoz.com\/\" target=\"_blank\" rel=\"external nofollow\">Club del Caminante<\/a> para terminar su calendario 2012.\u00a0 Los participantes \u00a0saldr\u00e1n a las 8.30 de la ma\u00f1ana de la Plaza Alta. Se recomienda estar media hora antes de la salida para la inscripci\u00f3n, entrega de regalos y documentaci\u00f3n. El Club del Caminante tambi\u00e9n ofrecer\u00e1 dulces .<br \/>\n<\/span><\/strong><\/div>\n<div align=\"justify\"><\/div>\n<div align=\"justify\"><\/div>\n<div align=\"justify\"><span style=\"font-size: large;\"><strong>Recorrido<\/strong><\/span><\/div>\n<div align=\"justify\"><strong><br \/>\n<span style=\"font-size: medium;\">Plaza Alta, Alcazaba de Badajoz, parque de la Legi\u00f3n, nuevos parque de los r\u00edos Rivillas y Calam\u00f3n, Camino de las Torrecillas, urbanizaci\u00f3n Dehesilla Calam\u00f3n, Ca\u00f1ada Real de Sancha Brava, Los Pinares, urbanizaci\u00f3n Club Campo Pinos, El Cede\u00f1o, Carril de las Lanas, Urbanizaci\u00f3n El Manant\u00edo, Perrera Municipal, Centro de Tratamientos de Residuos S\u00f3lidos Urbanos (CTRSU), camino al Cerro del Cabrito, Camino del Valle de las Minas, Carretera EX107 (Badajoz-Olivenza), urbanizaci\u00f3n del Coraz\u00f3n de Jes\u00fas, Camino de la Casa del \u00c1lamo, Ca\u00f1ada Real de Sancha Brava, Azud, Paseo Fluvial del R\u00edo Guadiana, Puente Real, Puente de la Universidad, Puente de Palmas, Puente de la Autonom\u00eda y vuelta a la Plaza Alta.<\/span><\/strong><\/div>\n<div align=\"justify\"><\/div>\n<div align=\"justify\"><span style=\"font-size: large;\"><strong>Puntos de avituallamietno <\/strong><\/span><\/div>\n<div align=\"justify\"><strong><br \/>\n<\/strong><\/div>\n<div align=\"justify\"><strong><span style=\"font-size: medium;\">No es necesaria realizar por completa de la ruta. El abandono de la prueba debe comunicarse a la organizaci\u00f3n y se efectuar\u00e1 por los medios privados de cada participante. No obstante, se pondr\u00e1 un veh\u00edculo para urgencias a disposici\u00f3n de los participantes en los tres puestos de control y avituallamiento siguientes:<\/span><\/strong><\/div>\n<div align=\"justify\"><strong><br \/>\n<span style=\"font-size: medium;\">&#8211; Km 9,0: Venta El Roc\u00edo de la Urbanizaci\u00f3n Dehesilla Calam\u00f3n.<\/span><br \/>\n<span style=\"font-size: medium;\">&#8211; Km 21,5: Centro de Tratamiento de Residuos S\u00f3lidos Urbanos (CTRSU).<\/span><br \/>\n<span style=\"font-size: medium;\">&#8211; Km 30,5: Barriada del Coraz\u00f3n de Jes\u00fas.<\/span><\/strong><\/div>\n<div align=\"justify\"><\/div>\n<div align=\"justify\"><\/div>\n<div align=\"justify\"><\/div>\n<div align=\"justify\">\n<div id=\"attachment_1052\" style=\"width: 610px\" class=\"wp-caption alignright\"><a href=\"https:\/\/blogs.hoy.es\/senderosextremadura\/2012\/12\/03\/xii-maraton-andando-por-badajoz-16-de-diciembre\/recorrido\/\" rel=\"attachment wp-att-1052\"><img aria-describedby=\"caption-attachment-1052\" loading=\"lazy\" class=\"size-large wp-image-1052\" title=\"Recorrido de la ruta de 42 kil\u00f3metros\" src=\"\/senderosextremadura\/wp-content\/uploads\/sites\/22\/2012\/12\/recorrido.jpg\" alt=\"Recorrido de la ruta de 42 kil\u00f3metros\" width=\"600\" height=\"900\" srcset=\"https:\/\/static-blogs.hoy.es\/wp-content\/uploads\/sites\/22\/2012\/12\/recorrido.jpg 800w, https:\/\/static-blogs.hoy.es\/wp-content\/uploads\/sites\/22\/2012\/12\/recorrido-200x300.jpg 200w, https:\/\/static-blogs.hoy.es\/wp-content\/uploads\/sites\/22\/2012\/12\/recorrido-768x1152.jpg 768w, https:\/\/static-blogs.hoy.es\/wp-content\/uploads\/sites\/22\/2012\/12\/recorrido-600x900.jpg 600w\" sizes=\"(max-width: 600px) 100vw, 600px\" \/><\/a><p id=\"caption-attachment-1052\" class=\"wp-caption-text\">Recorrido de la ruta de 42 kil\u00f3metros<\/p><\/div>\n<\/div>\n<div align=\"justify\"><strong><br \/>\n<\/strong><\/div>\n<!-- AddThis Advanced Settings generic via filter on the_content --><!-- AddThis Share Buttons generic via filter on the_content -->","protected":false},"excerpt":{"rendered":"<p>Los badajocenses tienen una nueva oportunidad para recorrer el entorno m\u00e1s cercano, ese que casi siempre pasa desapercibido en medio de las rutinas diarias. El pr\u00f3ximo 16 de diciembre se celebra el XII Marat\u00f3n &#8216;Andando por Badajoz&#8217;, una marcha de 42 kil\u00f3metros y dificultad alta organizada por el Club del Caminante para terminar su calendario [&hellip;]<!-- AddThis Advanced Settings generic via filter on get_the_excerpt --><!-- AddThis Share Buttons generic via filter on get_the_excerpt --><\/p>\n","protected":false},"author":27,"featured_media":0,"comment_status":"open","ping_status":"closed","sticky":false,"template":"","format":"standard","meta":[],"categories":[3],"tags":[],"_links":{"self":[{"href":"https:\/\/blogs.hoy.es\/senderosextremadura\/wp-json\/wp\/v2\/posts\/1048"}],"collection":[{"href":"https:\/\/blogs.hoy.es\/senderosextremadura\/wp-json\/wp\/v2\/posts"}],"about":[{"href":"https:\/\/blogs.hoy.es\/senderosextremadura\/wp-json\/wp\/v2\/types\/post"}],"author":[{"embeddable":true,"href":"https:\/\/blogs.hoy.es\/senderosextremadura\/wp-json\/wp\/v2\/users\/27"}],"replies":[{"embeddable":true,"href":"https:\/\/blogs.hoy.es\/senderosextremadura\/wp-json\/wp\/v2\/comments?post=1048"}],"version-history":[{"count":0,"href":"https:\/\/blogs.hoy.es\/senderosextremadura\/wp-json\/wp\/v2\/posts\/1048\/revisions"}],"wp:attachment":[{"href":"https:\/\/blogs.hoy.es\/senderosextremadura\/wp-json\/wp\/v2\/media?parent=1048"}],"wp:term":[{"taxonomy":"category","embeddable":true,"href":"https:\/\/blogs.hoy.es\/senderosextremadura\/wp-json\/wp\/v2\/categories?post=1048"},{"taxonomy":"post_tag","embeddable":true,"href":"https:\/\/blogs.hoy.es\/senderosextremadura\/wp-json\/wp\/v2\/tags?post=1048"}],"curies":[{"name":"wp","href":"https:\/\/api.w.org\/{rel}","templated":true}]}}