{"id":1053,"date":"2012-12-07T11:33:33","date_gmt":"2012-12-07T11:33:33","guid":{"rendered":"http:\/\/blogs.hoy.es\/senderosextremadura\/?p=1053"},"modified":"2012-12-07T11:33:33","modified_gmt":"2012-12-07T11:33:33","slug":"caminando-por-la-raya-de-monsanto-a-pena-garcia-16-de-septiembre","status":"publish","type":"post","link":"https:\/\/blogs.hoy.es\/senderosextremadura\/2012\/12\/07\/caminando-por-la-raya-de-monsanto-a-pena-garcia-16-de-septiembre\/","title":{"rendered":"Caminando por la Raya, de Monsanto a Pe\u00f1a Garc\u00eda (16 de diciembre)"},"content":{"rendered":"<p style=\"text-align: left;\"><a href=\"https:\/\/blogs.hoy.es\/senderosextremadura\/2012\/12\/07\/caminando-por-la-raya-de-monsanto-a-pena-garcia-16-de-septiembre\/monsanto\/\" rel=\"attachment wp-att-1054\"><img loading=\"lazy\" class=\"size-large wp-image-1054 aligncenter\" title=\"monsanto\" src=\"\/senderosextremadura\/wp-content\/uploads\/sites\/22\/2012\/12\/monsanto.jpg\" alt=\"\" width=\"600\" height=\"848\" srcset=\"https:\/\/static-blogs.hoy.es\/wp-content\/uploads\/sites\/22\/2012\/12\/monsanto.jpg 679w, https:\/\/static-blogs.hoy.es\/wp-content\/uploads\/sites\/22\/2012\/12\/monsanto-212x300.jpg 212w, https:\/\/static-blogs.hoy.es\/wp-content\/uploads\/sites\/22\/2012\/12\/monsanto-600x848.jpg 600w\" sizes=\"(max-width: 600px) 100vw, 600px\" \/><\/a>Para terminar el a\u00f1o, el <strong>Club GR 100<\/strong> se marcha a la localidad portuguesa de <strong>Monsanto<\/strong>. El grupo realizar\u00e1 la ruta senderista de Monsanto &#8211; Penha Garc\u00eda. Una vez terminada la \u00a0marcha tendr\u00e1 lugar la comida de Navidad del club, incluida en el precio. Plazas limitadas a 50.<\/p>\n<p style=\"text-align: left;\"><strong>Un poco de historia&#8230;<\/strong><\/p>\n<p style=\"text-align: left;\">Pe\u00f1a Garc\u00eda, para los espa\u00f1oles, est\u00e1 a 15 kil\u00f3metros de la frontera de Monforti\u00f1o, a la que se llega desde la carretera que una Zarza la Mayor con Moraleja. Es uno de los lugares m\u00e1s interesantes de la Raya. Situada en las estribaciones de la Sierra de Malcata, tuvo poblaci\u00f3n en el Neol\u00edtico, fue castro de la Lusitania y luego poblado romano. Tras la Reconquista, perteneci\u00f3 a la cacere\u00f1a Orden de Santiago, cuyos caballeros despreciaron aquel enclave a trasmano. Pas\u00f3 entonces a la Orden del Temple, que fortific\u00f3 el lugar convenientemente, y acab\u00f3 en la del Cristo. En el siglo XVI ser\u00e1 de nuevo posesi\u00f3n real y se convertir\u00e1 en ayuntamiento independiente hasta quedarse en fregres\u00eda en 1836.<\/p>\n<p style=\"text-align: left;\">Para m\u00e1s informaci\u00f3n contactar con el club en <a href=\"mailto:actividades@clubgr100.com\"><strong>actividades@clubgr100.com<\/strong><\/a><\/p>\n<!-- AddThis Advanced Settings generic via filter on the_content --><!-- AddThis Share Buttons generic via filter on the_content -->","protected":false},"excerpt":{"rendered":"<p>Para terminar el a\u00f1o, el Club GR 100 se marcha a la localidad portuguesa de Monsanto. El grupo realizar\u00e1 la ruta senderista de Monsanto &#8211; Penha Garc\u00eda. Una vez terminada la \u00a0marcha tendr\u00e1 lugar la comida de Navidad del club, incluida en el precio. Plazas limitadas a 50. Un poco de historia&#8230; Pe\u00f1a Garc\u00eda, para [&hellip;]<!-- AddThis Advanced Settings generic via filter on get_the_excerpt --><!-- AddThis Share Buttons generic via filter on get_the_excerpt --><\/p>\n","protected":false},"author":27,"featured_media":0,"comment_status":"open","ping_status":"closed","sticky":false,"template":"","format":"standard","meta":[],"categories":[4],"tags":[121,301,474,514,618,646,672,713,893,906,942],"_links":{"self":[{"href":"https:\/\/blogs.hoy.es\/senderosextremadura\/wp-json\/wp\/v2\/posts\/1053"}],"collection":[{"href":"https:\/\/blogs.hoy.es\/senderosextremadura\/wp-json\/wp\/v2\/posts"}],"about":[{"href":"https:\/\/blogs.hoy.es\/senderosextremadura\/wp-json\/wp\/v2\/types\/post"}],"author":[{"embeddable":true,"href":"https:\/\/blogs.hoy.es\/senderosextremadura\/wp-json\/wp\/v2\/users\/27"}],"replies":[{"embeddable":true,"href":"https:\/\/blogs.hoy.es\/senderosextremadura\/wp-json\/wp\/v2\/comments?post=1053"}],"version-history":[{"count":0,"href":"https:\/\/blogs.hoy.es\/senderosextremadura\/wp-json\/wp\/v2\/posts\/1053\/revisions"}],"wp:attachment":[{"href":"https:\/\/blogs.hoy.es\/senderosextremadura\/wp-json\/wp\/v2\/media?parent=1053"}],"wp:term":[{"taxonomy":"category","embeddable":true,"href":"https:\/\/blogs.hoy.es\/senderosextremadura\/wp-json\/wp\/v2\/categories?post=1053"},{"taxonomy":"post_tag","embeddable":true,"href":"https:\/\/blogs.hoy.es\/senderosextremadura\/wp-json\/wp\/v2\/tags?post=1053"}],"curies":[{"name":"wp","href":"https:\/\/api.w.org\/{rel}","templated":true}]}}