{"id":1056,"date":"2012-12-07T17:28:46","date_gmt":"2012-12-07T17:28:46","guid":{"rendered":"http:\/\/blogs.hoy.es\/senderosextremadura\/?p=1056"},"modified":"2012-12-07T17:28:46","modified_gmt":"2012-12-07T17:28:46","slug":"ruta-de-los-doce-apostoles-en-salvaleon-30-de-diciembre","status":"publish","type":"post","link":"https:\/\/blogs.hoy.es\/senderosextremadura\/2012\/12\/07\/ruta-de-los-doce-apostoles-en-salvaleon-30-de-diciembre\/","title":{"rendered":"Ruta de &#039;Los doce ap\u00f3stoles&#039;, en Salvale\u00f3n (30 de diciembre)"},"content":{"rendered":"<div>\n<div id=\"attachment_1057\" style=\"width: 382px\" class=\"wp-caption alignright\"><a href=\"https:\/\/blogs.hoy.es\/senderosextremadura\/2012\/12\/07\/ruta-de-los-doce-apostoles-en-salvaleon-30-de-diciembre\/apostoles\/\" rel=\"attachment wp-att-1057\"><img aria-describedby=\"caption-attachment-1057\" loading=\"lazy\" class=\" wp-image-1057\" title=\"Cartel de la ruta\" src=\"\/senderosextremadura\/wp-content\/uploads\/sites\/22\/2012\/12\/apostoles.jpg\" alt=\"Cartel de la ruta\" width=\"372\" height=\"538\" \/><\/a><p id=\"caption-attachment-1057\" class=\"wp-caption-text\">Cartel de la ruta<\/p><\/div>\n<p>El pr\u00f3ximo 30 de diciembre se celebra la<strong> marcha &#8216;Los Doce Ap\u00f3sotles<\/strong>&#8216;, perteneciente al\u00a0 <strong>Circuito Extreme\u00f1o de Rutas Senderistas 2012.<\/strong> La ruta de 17 kil\u00f3metros\u00a0 es circular, tiene salida y llegada en la Plaza de Espa\u00f1a de <strong>Salvale\u00f3n<\/strong>, en la comarca Sierra Suroeste.<\/p>\n<\/div>\n<div><\/div>\n<div><span style=\"font-size: large;\"><strong>Recorrido<\/strong><\/span><\/div>\n<div><\/div>\n<div>La marcha prosigue\u00a0 por la calle Granada, para tomar el camino de Nogales, que nos conduce a una dehesa de encinas y alcornoques espectacular con algunos ejemplares de gran belleza por su antig\u00fcedad.\u00a0Esta dehesa desemboca en el paraje de &#8216;Los doce ap\u00f3stoles&#8217;, situado entre la <strong>sierra de Monsalud y la de Rozallana<\/strong>, a 400 metros de altitud.<\/div>\n<div><\/div>\n<div>Debe su nombre a la existencia de 12 alcornoques centenarios de los cuales quedan 7 debido al paso del tiempo. Dejamos este paraje para tomar el Camino Anting\u00fco de Barcarrota, donde se pierde la senda subiendo entre el matorral mediterraneo que impregna el ambiente de espectaculares olores a <strong>t<\/strong>omillo, or\u00e9gano, jara y menta entre otros. Volvemos a retomar la dehesa, pero esta vez m\u00e1s abierta y donde nos encontramos un ejemplar magn\u00edfico de alcornoque, cruzamos un arroyo y pasamos por un Pilar para continuar por la dehesa hasta encontrar el camino que nos conduce de nuevo a Salvale\u00f3n.<\/div>\n<div><\/div>\n<div>El <strong>plazo de inscripci\u00f3n ya est\u00e1 abierto y finaliza el 23 de diciembre,<\/strong> se deben tramitar las inscripciones a trav\u00e9s del mail o tel\u00e9fono siguientes:<\/div>\n<div><\/div>\n<div><a href=\"mailto:senderismosalvaleon@gmail.com\" target=\"_blank\"><strong>senderismosalvaleon@gmail.com<\/strong><\/a><\/div>\n<div><strong>924 752850<\/strong><\/div>\n<!-- AddThis Advanced Settings generic via filter on the_content --><!-- AddThis Share Buttons generic via filter on the_content -->","protected":false},"excerpt":{"rendered":"<p>El pr\u00f3ximo 30 de diciembre se celebra la marcha &#8216;Los Doce Ap\u00f3sotles&#8216;, perteneciente al\u00a0 Circuito Extreme\u00f1o de Rutas Senderistas 2012. La ruta de 17 kil\u00f3metros\u00a0 es circular, tiene salida y llegada en la Plaza de Espa\u00f1a de Salvale\u00f3n, en la comarca Sierra Suroeste. Recorrido La marcha prosigue\u00a0 por la calle Granada, para tomar el camino [&hellip;]<!-- AddThis Advanced Settings generic via filter on get_the_excerpt --><!-- AddThis Share Buttons generic via filter on get_the_excerpt --><\/p>\n","protected":false},"author":27,"featured_media":0,"comment_status":"open","ping_status":"closed","sticky":false,"template":"","format":"standard","meta":[],"categories":[4],"tags":[86,310,581,713,884,942,970,1035],"_links":{"self":[{"href":"https:\/\/blogs.hoy.es\/senderosextremadura\/wp-json\/wp\/v2\/posts\/1056"}],"collection":[{"href":"https:\/\/blogs.hoy.es\/senderosextremadura\/wp-json\/wp\/v2\/posts"}],"about":[{"href":"https:\/\/blogs.hoy.es\/senderosextremadura\/wp-json\/wp\/v2\/types\/post"}],"author":[{"embeddable":true,"href":"https:\/\/blogs.hoy.es\/senderosextremadura\/wp-json\/wp\/v2\/users\/27"}],"replies":[{"embeddable":true,"href":"https:\/\/blogs.hoy.es\/senderosextremadura\/wp-json\/wp\/v2\/comments?post=1056"}],"version-history":[{"count":0,"href":"https:\/\/blogs.hoy.es\/senderosextremadura\/wp-json\/wp\/v2\/posts\/1056\/revisions"}],"wp:attachment":[{"href":"https:\/\/blogs.hoy.es\/senderosextremadura\/wp-json\/wp\/v2\/media?parent=1056"}],"wp:term":[{"taxonomy":"category","embeddable":true,"href":"https:\/\/blogs.hoy.es\/senderosextremadura\/wp-json\/wp\/v2\/categories?post=1056"},{"taxonomy":"post_tag","embeddable":true,"href":"https:\/\/blogs.hoy.es\/senderosextremadura\/wp-json\/wp\/v2\/tags?post=1056"}],"curies":[{"name":"wp","href":"https:\/\/api.w.org\/{rel}","templated":true}]}}