{"id":1059,"date":"2012-12-10T18:58:29","date_gmt":"2012-12-10T18:58:29","guid":{"rendered":"http:\/\/blogs.hoy.es\/senderosextremadura\/?p=1059"},"modified":"2012-12-10T18:58:29","modified_gmt":"2012-12-10T18:58:29","slug":"navalvillar-de-pela-puerta-de-la-siberia-16-de-diciembre","status":"publish","type":"post","link":"https:\/\/blogs.hoy.es\/senderosextremadura\/2012\/12\/10\/navalvillar-de-pela-puerta-de-la-siberia-16-de-diciembre\/","title":{"rendered":"Navalvillar de Pela, puerta de La Siberia (16 de diciembre)"},"content":{"rendered":"<p><a href=\"https:\/\/blogs.hoy.es\/senderosextremadura\/2012\/12\/10\/navalvillar-de-pela-puerta-de-la-siberia-16-de-diciembre\/destino-siberia-2\/\" rel=\"attachment wp-att-1061\"><img loading=\"lazy\" class=\"alignright size-medium wp-image-1061\" title=\"destino-siberia\" src=\"\/senderosextremadura\/wp-content\/uploads\/sites\/22\/2012\/12\/destino-siberia1.jpg\" alt=\"\" width=\"300\" height=\"225\" srcset=\"https:\/\/static-blogs.hoy.es\/wp-content\/uploads\/sites\/22\/2012\/12\/destino-siberia1.jpg 800w, https:\/\/static-blogs.hoy.es\/wp-content\/uploads\/sites\/22\/2012\/12\/destino-siberia1-300x225.jpg 300w, https:\/\/static-blogs.hoy.es\/wp-content\/uploads\/sites\/22\/2012\/12\/destino-siberia1-768x576.jpg 768w, https:\/\/static-blogs.hoy.es\/wp-content\/uploads\/sites\/22\/2012\/12\/destino-siberia1-600x450.jpg 600w\" sizes=\"(max-width: 300px) 100vw, 300px\" \/><\/a>El Patronato Municipal de Deportes del <strong>Ayuntamiento de <a href=\"http:\/\/www.navalvillardepela.es\/\" target=\"_blank\" rel=\"external nofollow\">Navalvillar de Pela<\/a><\/strong> organiza una ruta de senderismo en colaboraci\u00f3n con el <strong>grupo Siberia Extrem<\/strong>. Se ha elegido un recorrido circular Navalvillar de Pela-Sierra del Bravo y la cita ser\u00e1 el domingo <strong>16 de diciembre<\/strong>. La ruta cuenta con una distancia de <strong>15 kil\u00f3metros<\/strong>, es de una dificultad baja-media, la duraci\u00f3n aproximada es de cuatro horas y el desnivel de unos 300 metros. La salida ser\u00e1 desde el parque a las 10.00 de la ma\u00f1ana.\u00a0 Desde la organizaci\u00f3n se aconseja llevar agua, comida y calzado c\u00f3modo.<\/p>\n<p>El <strong>plazo de inscripci\u00f3n finaliza el d\u00eda 14<\/strong> de diciembre y se pueden inscribir en el Ayuntamiento y en Librer\u00eda Sagitario.<\/p>\n<p><strong>Situaci\u00f3n geogr\u00e1fica<\/strong><\/p>\n<p>Navalvillar de Pela se encuentra enclavada en un asentamiento llano, cercana a la zona de Vegas Altas, acogi\u00e9ndose al abrigo de la Sierra de Pela, antiguamente llamada de Entrambas Pelas. A 368 metros de altitud, constituye la <strong>puerta de la Siberia<\/strong> por el itinerario procedente de Villanueva de la Serena, localidad a la que pertenece su partido judicial. El municipio est\u00e1 integrado en la <strong>Mancomunidad de la Siberia<\/strong>.<\/p>\n<!-- AddThis Advanced Settings generic via filter on the_content --><!-- AddThis Share Buttons generic via filter on the_content -->","protected":false},"excerpt":{"rendered":"<p>El Patronato Municipal de Deportes del Ayuntamiento de Navalvillar de Pela organiza una ruta de senderismo en colaboraci\u00f3n con el grupo Siberia Extrem. Se ha elegido un recorrido circular Navalvillar de Pela-Sierra del Bravo y la cita ser\u00e1 el domingo 16 de diciembre. La ruta cuenta con una distancia de 15 kil\u00f3metros, es de una [&hellip;]<!-- AddThis Advanced Settings generic via filter on get_the_excerpt --><!-- AddThis Share Buttons generic via filter on get_the_excerpt --><\/p>\n","protected":false},"author":27,"featured_media":0,"comment_status":"open","ping_status":"closed","sticky":false,"template":"","format":"standard","meta":[],"categories":[4],"tags":[86,301,561,906,968,1035],"_links":{"self":[{"href":"https:\/\/blogs.hoy.es\/senderosextremadura\/wp-json\/wp\/v2\/posts\/1059"}],"collection":[{"href":"https:\/\/blogs.hoy.es\/senderosextremadura\/wp-json\/wp\/v2\/posts"}],"about":[{"href":"https:\/\/blogs.hoy.es\/senderosextremadura\/wp-json\/wp\/v2\/types\/post"}],"author":[{"embeddable":true,"href":"https:\/\/blogs.hoy.es\/senderosextremadura\/wp-json\/wp\/v2\/users\/27"}],"replies":[{"embeddable":true,"href":"https:\/\/blogs.hoy.es\/senderosextremadura\/wp-json\/wp\/v2\/comments?post=1059"}],"version-history":[{"count":0,"href":"https:\/\/blogs.hoy.es\/senderosextremadura\/wp-json\/wp\/v2\/posts\/1059\/revisions"}],"wp:attachment":[{"href":"https:\/\/blogs.hoy.es\/senderosextremadura\/wp-json\/wp\/v2\/media?parent=1059"}],"wp:term":[{"taxonomy":"category","embeddable":true,"href":"https:\/\/blogs.hoy.es\/senderosextremadura\/wp-json\/wp\/v2\/categories?post=1059"},{"taxonomy":"post_tag","embeddable":true,"href":"https:\/\/blogs.hoy.es\/senderosextremadura\/wp-json\/wp\/v2\/tags?post=1059"}],"curies":[{"name":"wp","href":"https:\/\/api.w.org\/{rel}","templated":true}]}}