{"id":1063,"date":"2012-12-11T11:18:44","date_gmt":"2012-12-11T11:18:44","guid":{"rendered":"http:\/\/blogs.hoy.es\/senderosextremadura\/?p=1063"},"modified":"2012-12-11T11:18:44","modified_gmt":"2012-12-11T11:18:44","slug":"montaneros-de-plasencia-colocaran-un-belen-a-2-399-metros-de-altitud","status":"publish","type":"post","link":"https:\/\/blogs.hoy.es\/senderosextremadura\/2012\/12\/11\/montaneros-de-plasencia-colocaran-un-belen-a-2-399-metros-de-altitud\/","title":{"rendered":"Monta\u00f1eros de Plasencia colocar\u00e1n un bel\u00e9n a 2.399 metros de altitud"},"content":{"rendered":"<div><a href=\"https:\/\/blogs.hoy.es\/senderosextremadura\/2012\/12\/11\/montaneros-de-plasencia-colocaran-un-belen-a-2-399-metros-de-altitud\/monta\/\" rel=\"attachment wp-att-1064\"><img loading=\"lazy\" class=\"alignright size-medium wp-image-1064\" title=\"\" src=\"\/senderosextremadura\/wp-content\/uploads\/sites\/22\/2012\/12\/monta.jpg\" alt=\"\" width=\"300\" height=\"107\" srcset=\"https:\/\/static-blogs.hoy.es\/wp-content\/uploads\/sites\/22\/2012\/12\/monta.jpg 647w, https:\/\/static-blogs.hoy.es\/wp-content\/uploads\/sites\/22\/2012\/12\/monta-300x107.jpg 300w, https:\/\/static-blogs.hoy.es\/wp-content\/uploads\/sites\/22\/2012\/12\/monta-600x214.jpg 600w\" sizes=\"(max-width: 300px) 100vw, 300px\" \/><\/a>ASO | El Grupo Placentino de Monta\u00f1a intentar\u00e1 este pr\u00f3ximo fin de semana colocar en el pico La Covacha (2.399 metros) el portal de Bel\u00e9n, actividad que esta asociaci\u00f3n lleva realizando desde hace 36 a\u00f1os. Se trata de un rito navide\u00f1o en el que los monta\u00f1eros placentinos ascienden hasta esta cumbre de Gredos que hace l\u00edmite entre Castilla y Extremadura, para dejar el Bel\u00e9n que retiran pasado Reyes.<\/div>\n<div>Los participantes cada a\u00f1o utilizan una ruta de acceso distinta.<\/div>\n<div>En diciembre de 2011 se subi\u00f3 por la Laguna del Barco, el a\u00f1os anterior por la Angostura y este a\u00f1o tienen previsto acceder a esta monta\u00f1a se desde la poblaci\u00f3n de Navalguijo, (Avila), ascendiendo todo el valle de la garganta de los Caballeros hasta la laguna del mismo nombre, en donde se vivaquear\u00e1. En caso de mal tiempo bajo la laguna existe un refugio que podr\u00e1 servir de cobijo durante la noche y madrugada del s\u00e1bado al domingo.<\/div>\n<div>Por la ma\u00f1ana siguiente, si el tiempo no lo impide, tras ascender a la cumbre y dejar el portal la expedici\u00f3n bajar\u00e1 por la cuerda del corral del Diablo hasta regresar de nuevo al punto de partida. Se trata de una ruta no exenta de dificultad, por lo que para participar se requiere experiencia dada las condiciones de nieve y hielo de la sierra.<\/div>\n<div>Los monta\u00f1eros han organizado dos salidas de Plasencia, para facilitar la participaci\u00f3n. La primera se hace a las 13.00 horas del s\u00e1bado y la segunda a las 16.00 el autob\u00fas pare de la avenida del Valle y cuesta do s euros,<\/div>\n<div>El Grupo Placentino de Monta\u00f1a recuerda el material de uso obligatorio para participar: crampones, piolet, gafas, guantes, saco invernal y esterilla, ropa adecuada para la actividad, polvorones, panderetas u otros instrumentos para celebrar la puesta del bel\u00e9n en la cumbre con el cl\u00e1sico villancico.<\/div>\n<div>Por otra parte, los senderistas de la Asociaci\u00f3n El Bord\u00f3n, tienen programado este fin de semana cumplir con una de sus tradicionales actividades navide\u00f1as. Se trata de la colocaci\u00f3n de un portal de Bel\u00e9n en la cima del cerro el Gordo (1000 metros), del t\u00e9rmino de Plasencia. La cita es el pr\u00f3ximo domingo 16 a las 9 horas en la explanada de la Ermita de la Virgen del Puerto, desde donde se emprende el camino hacia el destino<\/div>\n<div>Se trata de una actividad familiar que cumple con una tradici\u00f3n y transmitir los valores de relaci\u00f3n social, conocimiento del entorno, cuidado y respeto al medio ambiente, ejercicio saludable.<\/div>\n<div>Instalado el bel\u00e9n, los excursionistas har\u00e1n un alto para degustar distintos productos t\u00edpicos de estas fiestas.<\/div>\n<div>La organizaci\u00f3n sugiere a los que participen que incluyan en su mochila polvorones, turr\u00f3n, mazapanes o el cava, adem\u00e1s de otros productos del ib\u00e9rico, una buena hogaza de pan y vino, sin olvidar los instrumentos como la pandereta y la zambomba ayudar\u00e1n a entonar conocidos y populares villancicos.<\/div>\n<!-- AddThis Advanced Settings generic via filter on the_content --><!-- AddThis Share Buttons generic via filter on the_content -->","protected":false},"excerpt":{"rendered":"<p>ASO | El Grupo Placentino de Monta\u00f1a intentar\u00e1 este pr\u00f3ximo fin de semana colocar en el pico La Covacha (2.399 metros) el portal de Bel\u00e9n, actividad que esta asociaci\u00f3n lleva realizando desde hace 36 a\u00f1os. Se trata de un rito navide\u00f1o en el que los monta\u00f1eros placentinos ascienden hasta esta cumbre de Gredos que hace [&hellip;]<!-- AddThis Advanced Settings generic via filter on get_the_excerpt --><!-- AddThis Share Buttons generic via filter on get_the_excerpt --><\/p>\n","protected":false},"author":27,"featured_media":0,"comment_status":"open","ping_status":"closed","sticky":false,"template":"","format":"standard","meta":[],"categories":[3],"tags":[121,301,524,529,639,906],"_links":{"self":[{"href":"https:\/\/blogs.hoy.es\/senderosextremadura\/wp-json\/wp\/v2\/posts\/1063"}],"collection":[{"href":"https:\/\/blogs.hoy.es\/senderosextremadura\/wp-json\/wp\/v2\/posts"}],"about":[{"href":"https:\/\/blogs.hoy.es\/senderosextremadura\/wp-json\/wp\/v2\/types\/post"}],"author":[{"embeddable":true,"href":"https:\/\/blogs.hoy.es\/senderosextremadura\/wp-json\/wp\/v2\/users\/27"}],"replies":[{"embeddable":true,"href":"https:\/\/blogs.hoy.es\/senderosextremadura\/wp-json\/wp\/v2\/comments?post=1063"}],"version-history":[{"count":0,"href":"https:\/\/blogs.hoy.es\/senderosextremadura\/wp-json\/wp\/v2\/posts\/1063\/revisions"}],"wp:attachment":[{"href":"https:\/\/blogs.hoy.es\/senderosextremadura\/wp-json\/wp\/v2\/media?parent=1063"}],"wp:term":[{"taxonomy":"category","embeddable":true,"href":"https:\/\/blogs.hoy.es\/senderosextremadura\/wp-json\/wp\/v2\/categories?post=1063"},{"taxonomy":"post_tag","embeddable":true,"href":"https:\/\/blogs.hoy.es\/senderosextremadura\/wp-json\/wp\/v2\/tags?post=1063"}],"curies":[{"name":"wp","href":"https:\/\/api.w.org\/{rel}","templated":true}]}}