{"id":1065,"date":"2012-12-11T11:24:50","date_gmt":"2012-12-11T11:24:50","guid":{"rendered":"http:\/\/blogs.hoy.es\/senderosextremadura\/?p=1065"},"modified":"2012-12-11T11:24:50","modified_gmt":"2012-12-11T11:24:50","slug":"ruta-navidena-por-la-nava-de-santiago-16-de-septiembre","status":"publish","type":"post","link":"https:\/\/blogs.hoy.es\/senderosextremadura\/2012\/12\/11\/ruta-navidena-por-la-nava-de-santiago-16-de-septiembre\/","title":{"rendered":"Ruta navide\u00f1a por La Nava de Santiago (16 de diciembre)"},"content":{"rendered":"<p><a href=\"https:\/\/blogs.hoy.es\/senderosextremadura\/2012\/12\/11\/ruta-navidena-por-la-nava-de-santiago-16-de-septiembre\/nava-santiago\/\" rel=\"attachment wp-att-1066\"><img loading=\"lazy\" class=\"alignleft size-medium wp-image-1066\" title=\"nava-santiago\" src=\"\/senderosextremadura\/wp-content\/uploads\/sites\/22\/2012\/12\/nava-santiago.jpg\" alt=\"\" width=\"212\" height=\"300\" srcset=\"https:\/\/static-blogs.hoy.es\/wp-content\/uploads\/sites\/22\/2012\/12\/nava-santiago.jpg 1131w, https:\/\/static-blogs.hoy.es\/wp-content\/uploads\/sites\/22\/2012\/12\/nava-santiago-212x300.jpg 212w, https:\/\/static-blogs.hoy.es\/wp-content\/uploads\/sites\/22\/2012\/12\/nava-santiago-768x1086.jpg 768w, https:\/\/static-blogs.hoy.es\/wp-content\/uploads\/sites\/22\/2012\/12\/nava-santiago-600x849.jpg 600w\" sizes=\"(max-width: 212px) 100vw, 212px\" \/><\/a>Senderismo La Vereina (C\u00e1ceres)\u00a0 ha organizado una ruta navide\u00f1a\u00a0 por La Nava de Santiago.\u00a0 La marcha de dificultad baja tendr\u00e1 lugar el pr\u00f3ximo domingo 16 de septiembre. La Vereina propone dos recorridos por un paisaje diferente: uno largo de 22 kil\u00f3metros y otro corto de 16.<br \/>\nDuraci\u00f3n: M\u00e1ximo de cinco horas.<br \/>\nInscripciones en este mismo blog o llamando a los tel\u00e9fonos:<br \/>\n620557088 \/ 676165268 \/ 625029587<\/p>\n<div>CUOTA: s\u00f3lo 5 euros (gratis\u00a0 para menores de 16 a\u00f1os acompa\u00f1ados).<br \/>\nPAGO\u00a0N\u00ba cuenta 30090068892188329318\u00a0Caja Rural de Extremadura<\/div>\n<div><strong>Plazo de inscripci\u00f3n:<\/strong> \u00a014 de diciembre a las 14 horas.<\/div>\n<div><\/div>\n<div><\/div>\n<!-- AddThis Advanced Settings generic via filter on the_content --><!-- AddThis Share Buttons generic via filter on the_content -->","protected":false},"excerpt":{"rendered":"<p>Senderismo La Vereina (C\u00e1ceres)\u00a0 ha organizado una ruta navide\u00f1a\u00a0 por La Nava de Santiago.\u00a0 La marcha de dificultad baja tendr\u00e1 lugar el pr\u00f3ximo domingo 16 de septiembre. La Vereina propone dos recorridos por un paisaje diferente: uno largo de 22 kil\u00f3metros y otro corto de 16. Duraci\u00f3n: M\u00e1ximo de cinco horas. Inscripciones en este mismo [&hellip;]<!-- AddThis Advanced Settings generic via filter on get_the_excerpt --><!-- AddThis Share Buttons generic via filter on get_the_excerpt --><\/p>\n","protected":false},"author":27,"featured_media":0,"comment_status":"open","ping_status":"closed","sticky":false,"template":"","format":"standard","meta":[],"categories":[4],"tags":[121,554,893,906,1075],"_links":{"self":[{"href":"https:\/\/blogs.hoy.es\/senderosextremadura\/wp-json\/wp\/v2\/posts\/1065"}],"collection":[{"href":"https:\/\/blogs.hoy.es\/senderosextremadura\/wp-json\/wp\/v2\/posts"}],"about":[{"href":"https:\/\/blogs.hoy.es\/senderosextremadura\/wp-json\/wp\/v2\/types\/post"}],"author":[{"embeddable":true,"href":"https:\/\/blogs.hoy.es\/senderosextremadura\/wp-json\/wp\/v2\/users\/27"}],"replies":[{"embeddable":true,"href":"https:\/\/blogs.hoy.es\/senderosextremadura\/wp-json\/wp\/v2\/comments?post=1065"}],"version-history":[{"count":0,"href":"https:\/\/blogs.hoy.es\/senderosextremadura\/wp-json\/wp\/v2\/posts\/1065\/revisions"}],"wp:attachment":[{"href":"https:\/\/blogs.hoy.es\/senderosextremadura\/wp-json\/wp\/v2\/media?parent=1065"}],"wp:term":[{"taxonomy":"category","embeddable":true,"href":"https:\/\/blogs.hoy.es\/senderosextremadura\/wp-json\/wp\/v2\/categories?post=1065"},{"taxonomy":"post_tag","embeddable":true,"href":"https:\/\/blogs.hoy.es\/senderosextremadura\/wp-json\/wp\/v2\/tags?post=1065"}],"curies":[{"name":"wp","href":"https:\/\/api.w.org\/{rel}","templated":true}]}}