{"id":1069,"date":"2012-12-14T11:17:45","date_gmt":"2012-12-14T11:17:45","guid":{"rendered":"http:\/\/blogs.hoy.es\/senderosextremadura\/?p=1069"},"modified":"2012-12-14T11:17:45","modified_gmt":"2012-12-14T11:17:45","slug":"ruta-ornitologica-rio-gevora-aves-en-los-bosques-de-galeria-15-de-diciembre","status":"publish","type":"post","link":"https:\/\/blogs.hoy.es\/senderosextremadura\/2012\/12\/14\/ruta-ornitologica-rio-gevora-aves-en-los-bosques-de-galeria-15-de-diciembre\/","title":{"rendered":"Ruta ornitol\u00f3gica &#039;R\u00edo G\u00e9vora: aves en los bosques de galer\u00eda&#039; (15 de diciembre)"},"content":{"rendered":"<div id=\"attachment_1071\" style=\"width: 310px\" class=\"wp-caption aligncenter\"><a href=\"https:\/\/blogs.hoy.es\/senderosextremadura\/2012\/12\/14\/ruta-ornitologica-rio-gevora-aves-en-los-bosques-de-galeria-15-de-diciembre\/lacodosera\/\" rel=\"attachment wp-att-1071\"><img aria-describedby=\"caption-attachment-1071\" loading=\"lazy\" class=\"size-medium wp-image-1071\" title=\"Bosques de galer\u00eda en La Codosera |  http:\/\/web.dip-badajoz.es\/proyectos\/guadiana_internacional\/\" src=\"\/senderosextremadura\/wp-content\/uploads\/sites\/22\/2012\/12\/lacodosera.jpg\" alt=\"Bosques de galer\u00eda en La Codosera |  http:\/\/web.dip-badajoz.es\/proyectos\/guadiana_internacional\/\" width=\"300\" height=\"201\" srcset=\"https:\/\/static-blogs.hoy.es\/wp-content\/uploads\/sites\/22\/2012\/12\/lacodosera.jpg 800w, https:\/\/static-blogs.hoy.es\/wp-content\/uploads\/sites\/22\/2012\/12\/lacodosera-300x201.jpg 300w, https:\/\/static-blogs.hoy.es\/wp-content\/uploads\/sites\/22\/2012\/12\/lacodosera-768x515.jpg 768w, https:\/\/static-blogs.hoy.es\/wp-content\/uploads\/sites\/22\/2012\/12\/lacodosera-600x402.jpg 600w\" sizes=\"(max-width: 300px) 100vw, 300px\" \/><\/a><p id=\"caption-attachment-1071\" class=\"wp-caption-text\">Bosques de galer\u00eda en La Codosera | http:\/\/web.dip-badajoz.es\/proyectos\/guadiana_internacional\/<\/p><\/div>\n<p>El s\u00e1bado 15 de diciembre parte de La Codosera la ruta ornitol\u00f3gica \u201cR\u00edo G\u00e9vora: las aves en los bosques de galer\u00eda\u201d. Es la primera de las actividades que, bajo el nombre \u201cConoce Nuestras Rutas\u201d, se desarrollar\u00e1n del 15 de diciembre al 30 de marzo en las comarcas de Olivenza y L\u00e1cara-Los Bald\u00edos, organizadas y financiadas por el Plan de Competitividad Tur\u00edstica \u201cGuadiana Internacional\u201d, gestionado por el \u00c1rea de Igualdad y Desarrollo Local dela Diputaci\u00f3nde Badajoz.<\/p>\n<p>La ruta se desarrollar\u00e1 por esta zona transfronteriza en la que abundan los roqueros en conjunci\u00f3n con zonas fluviales de gran inter\u00e9s biol\u00f3gico y en la que se pueden observar, desde las grandes rapaces, a los peque\u00f1os paseriformes t\u00edpicos de los bosques de galer\u00eda. El nivel de dificultad es bajo y consta de 40 kil\u00f3metros que se realizar\u00e1n en un veh\u00edculo de la organizaci\u00f3n. La duraci\u00f3n ser\u00e1 de 5 a 7 horas y pueden realizarla todas las personas desde los 12 a\u00f1os, aunque a esta edad los ni\u00f1os deber\u00e1n ir acompa\u00f1ados por padres o tutores.<br \/>\nLos participantes estar\u00e1n guiados por un equipo t\u00e9cnico compuesto por dos gu\u00edas ornitol\u00f3gicos y una persona de apoyo, quienes aportar\u00e1n el material , compuesto de prism\u00e1ticos de gama media, un telescopio de gama alta por cada cuatro participantes y gu\u00edas de identificaci\u00f3n de aves.<br \/>\nLos asistentes podr\u00e1n llevar material \u00f3ptico o fotogr\u00e1fico propio, calzado y vestimenta para salidas al campo, bebida y picnic.<\/p>\n<p>Para esta ruta est\u00e1n agotadas todas las plazas, aunque todav\u00eda quedan para la siguiente: Sierra de San Pedro\u201dlas grandes y peque\u00f1as rapaces\u201d, una ruta ornitol\u00f3gica que saldr\u00e1 de la localidad de Alburquerque el pr\u00f3ximo d\u00eda 22 de diciembre.<\/p>\n<p>Programa de la ruta ornitol\u00f3gica \u201cR\u00edo G\u00e9vora\u201d:<br \/>\n-9:00 horas .Llegada de los participantes a La Codosera (Plaza del Ayuntamiento).<br \/>\n-9:15 horas. Presentaci\u00f3n de gu\u00edas y ruta.<br \/>\n-9:30 horas. Taller de \u00f3ptica (tipos y manejo de aparatos \u00f3pticos para observaci\u00f3n, enfoque, calibraci\u00f3n y cuidados).<br \/>\n-10:00 horas. Salida pr\u00e1ctica por h\u00e1bitats y ruta (se visitar\u00e1n al menos ocho zonas de observaci\u00f3n)<br \/>\n-10:30 horas. Taller de identificaci\u00f3n en una zona de observaci\u00f3n (manejo de gu\u00eda de identificaci\u00f3n, descarte por caracteres como medidas, color, lugar de observaci\u00f3n, comportamiento&#8230;)<br \/>\n11:30 horas. Continuaci\u00f3n de ruta ( picnic)<br \/>\n-De 14:00 a 15:00 horas. Finalizaci\u00f3n de la ruta enLa Codosera (Plaza del Ayuntamiento). Consejos y conclusiones.<\/p>\n<p>Todos los interesados pueden\u00a0 encontrar esta informaci\u00f3n y el folleto digital en la p\u00e1gina <strong><a href=\"http:\/\/web.dip-badajoz.es\/proyectos\/guadiana_internacional\/\" target=\"_blank\" rel=\"external nofollow\">web del Plan de Competitividad Tur\u00edstica Guadiana Internacional<\/a><\/strong><\/p>\n<p>guadianaint@dip-badajoz.es<br \/>\n924212311<\/p>\n<p>&nbsp;<\/p>\n<div>\n<p>&nbsp;<\/p>\n<\/div>\n<p>&nbsp;<\/p>\n<!-- AddThis Advanced Settings generic via filter on the_content --><!-- AddThis Share Buttons generic via filter on the_content -->","protected":false},"excerpt":{"rendered":"<p>El s\u00e1bado 15 de diciembre parte de La Codosera la ruta ornitol\u00f3gica \u201cR\u00edo G\u00e9vora: las aves en los bosques de galer\u00eda\u201d. Es la primera de las actividades que, bajo el nombre \u201cConoce Nuestras Rutas\u201d, se desarrollar\u00e1n del 15 de diciembre al 30 de marzo en las comarcas de Olivenza y L\u00e1cara-Los Bald\u00edos, organizadas y financiadas [&hellip;]<!-- AddThis Advanced Settings generic via filter on get_the_excerpt --><!-- AddThis Share Buttons generic via filter on get_the_excerpt --><\/p>\n","protected":false},"author":27,"featured_media":0,"comment_status":"open","ping_status":"closed","sticky":false,"template":"","format":"standard","meta":[],"categories":[4],"tags":[86,228,301,367,551,594,713,906],"_links":{"self":[{"href":"https:\/\/blogs.hoy.es\/senderosextremadura\/wp-json\/wp\/v2\/posts\/1069"}],"collection":[{"href":"https:\/\/blogs.hoy.es\/senderosextremadura\/wp-json\/wp\/v2\/posts"}],"about":[{"href":"https:\/\/blogs.hoy.es\/senderosextremadura\/wp-json\/wp\/v2\/types\/post"}],"author":[{"embeddable":true,"href":"https:\/\/blogs.hoy.es\/senderosextremadura\/wp-json\/wp\/v2\/users\/27"}],"replies":[{"embeddable":true,"href":"https:\/\/blogs.hoy.es\/senderosextremadura\/wp-json\/wp\/v2\/comments?post=1069"}],"version-history":[{"count":0,"href":"https:\/\/blogs.hoy.es\/senderosextremadura\/wp-json\/wp\/v2\/posts\/1069\/revisions"}],"wp:attachment":[{"href":"https:\/\/blogs.hoy.es\/senderosextremadura\/wp-json\/wp\/v2\/media?parent=1069"}],"wp:term":[{"taxonomy":"category","embeddable":true,"href":"https:\/\/blogs.hoy.es\/senderosextremadura\/wp-json\/wp\/v2\/categories?post=1069"},{"taxonomy":"post_tag","embeddable":true,"href":"https:\/\/blogs.hoy.es\/senderosextremadura\/wp-json\/wp\/v2\/tags?post=1069"}],"curies":[{"name":"wp","href":"https:\/\/api.w.org\/{rel}","templated":true}]}}