{"id":1072,"date":"2012-12-14T11:36:15","date_gmt":"2012-12-14T11:36:15","guid":{"rendered":"http:\/\/blogs.hoy.es\/senderosextremadura\/?p=1072"},"modified":"2012-12-14T11:36:15","modified_gmt":"2012-12-14T11:36:15","slug":"ocho-rutas-para-terminar-el-ano-caminando","status":"publish","type":"post","link":"https:\/\/blogs.hoy.es\/senderosextremadura\/2012\/12\/14\/ocho-rutas-para-terminar-el-ano-caminando\/","title":{"rendered":"Ocho rutas para terminar el a\u00f1o caminando"},"content":{"rendered":"<p><span style=\"font-size: medium;\"><a href=\"https:\/\/blogs.hoy.es\/senderosextremadura\/2012\/12\/14\/ocho-rutas-para-terminar-el-ano-caminando\/rutas-fin\/\" rel=\"attachment wp-att-1074\"><img loading=\"lazy\" class=\"aligncenter size-large wp-image-1074\" title=\"\" src=\"\/senderosextremadura\/wp-content\/uploads\/sites\/22\/2012\/12\/rutas-fin.jpg\" alt=\"\" width=\"600\" height=\"338\" srcset=\"https:\/\/static-blogs.hoy.es\/wp-content\/uploads\/sites\/22\/2012\/12\/rutas-fin.jpg 960w, https:\/\/static-blogs.hoy.es\/wp-content\/uploads\/sites\/22\/2012\/12\/rutas-fin-300x169.jpg 300w, https:\/\/static-blogs.hoy.es\/wp-content\/uploads\/sites\/22\/2012\/12\/rutas-fin-768x433.jpg 768w, https:\/\/static-blogs.hoy.es\/wp-content\/uploads\/sites\/22\/2012\/12\/rutas-fin-600x338.jpg 600w\" sizes=\"(max-width: 600px) 100vw, 600px\" \/><\/a><\/span><\/p>\n<p><span style=\"font-size: medium;\">Termina 2012 pero el <strong>senderismo<\/strong> no se toma vacaciones navide\u00f1as. La recta final del a\u00f1o tambi\u00e9n viene cargada de buenas propuestas para caminar por <strong>Extremadura<\/strong> y el pa\u00eds vecino. Los clubes y asociaciones senderistas rematan sus calendarios con marchas por todas las comarcas de la regi\u00f3n. Os dejamos algunas propuestas para este pr\u00f3ximo fin de semana y el siguiente, v\u00edspera de fin de a\u00f1o. Que el tiempo no te impida salir a disfrutar de la naturaleza y el deporte al aire libre. \u00bfQu\u00e9 mejor manera de quemar las copiosas comidas navide\u00f1as?\u00a0<\/span><\/p>\n<p><a href=\"https:\/\/blogs.hoy.es\/senderosextremadura\/2012\/12\/14\/ruta-ornitologica-rio-gevora-aves-en-los-bosques-de-galeria-15-de-diciembre\/\" target=\"_blank\"><strong>LA CODOSERA |Ruta ornitol\u00f3gica \u2018R\u00edo G\u00e9vora: aves en los bosques de galer\u00eda (15 de diciembre)<\/strong><\/a><\/p>\n<p><strong><a href=\"https:\/\/blogs.hoy.es\/senderosextremadura\/2012\/12\/11\/ruta-navidena-por-la-nava-de-santiago-16-de-septiembre\/\" target=\"_blank\">LA NAVA DE SANTIAGO | Ruta navide\u00f1a con La Vereina \u00a0(16 de diciembre)<\/a><\/strong><\/p>\n<p><strong><a href=\"https:\/\/blogs.hoy.es\/senderosextremadura\/2012\/12\/10\/navalvillar-de-pela-puerta-de-la-siberia-16-de-diciembre\/\" target=\"_blank\">NAVALVILLAR DE PELA | 15 kil\u00f3metros de marcha por la puerta de La Siberia (16 de diciembre)<\/a><\/strong><\/p>\n<p><a href=\"https:\/\/blogs.hoy.es\/senderosextremadura\/2012\/12\/07\/caminando-por-la-raya-de-monsanto-a-pena-garcia-16-de-septiembre\/\" target=\"_blank\"><strong>PORTUGAL | Caminando por La Raya, de Monsanto a Pe\u00f1a Garc\u00eda (16 de diciembre)<\/strong><\/a><\/p>\n<p><strong><a href=\"https:\/\/blogs.hoy.es\/senderosextremadura\/2012\/12\/05\/la-ruta-transerena-2012-recorre-los-puentes-del-rio-ortiga-4-de-noviembre\/\" target=\"_blank\">LA HABA| \u00a0La TranSerena regresa para recorrer los puentes del r\u00edo Ortiga (16 de diciembre)<\/a><\/strong><\/p>\n<p><strong><a href=\"https:\/\/blogs.hoy.es\/senderosextremadura\/2012\/12\/03\/xii-maraton-andando-por-badajoz-16-de-diciembre\/\" target=\"_blank\">BADAJOZ | \u00a042 kil\u00f3metros en el XII Marat\u00f3n Andando por Badajoz (16 de diciembre)<\/a><\/strong><\/p>\n<p><strong><a href=\"https:\/\/blogs.hoy.es\/senderosextremadura\/2012\/12\/07\/ruta-de-los-doce-apostoles-en-salvaleon-30-de-diciembre\/\" target=\"_blank\">SALVALE\u00d3N | \u00a0Marcha de \u2018Los doce ap\u00f3stoles\u2019, en Salvale\u00f3n (30 de diciembre)<\/a><\/strong><\/p>\n<p><a href=\"https:\/\/blogs.hoy.es\/senderosextremadura\/2012\/12\/02\/senderismo-navideno-en-los-barruecos-30-de-diciembre\/\" target=\"_blank\"><strong>MALPARTIDA DE C\u00c1CERES | Ruta navide\u00f1a por Los Barruecos (30 de diciembre)<\/strong><\/a><\/p>\n<p>&nbsp;<\/p>\n<p>&nbsp;<\/p>\n<!-- AddThis Advanced Settings generic via filter on the_content --><!-- AddThis Share Buttons generic via filter on the_content -->","protected":false},"excerpt":{"rendered":"<p>Termina 2012 pero el senderismo no se toma vacaciones navide\u00f1as. La recta final del a\u00f1o tambi\u00e9n viene cargada de buenas propuestas para caminar por Extremadura y el pa\u00eds vecino. Los clubes y asociaciones senderistas rematan sus calendarios con marchas por todas las comarcas de la regi\u00f3n. Os dejamos algunas propuestas para este pr\u00f3ximo fin de [&hellip;]<!-- AddThis Advanced Settings generic via filter on get_the_excerpt --><!-- AddThis Share Buttons generic via filter on get_the_excerpt --><\/p>\n","protected":false},"author":27,"featured_media":0,"comment_status":"open","ping_status":"closed","sticky":false,"template":"","format":"standard","meta":[],"categories":[3,4],"tags":[],"_links":{"self":[{"href":"https:\/\/blogs.hoy.es\/senderosextremadura\/wp-json\/wp\/v2\/posts\/1072"}],"collection":[{"href":"https:\/\/blogs.hoy.es\/senderosextremadura\/wp-json\/wp\/v2\/posts"}],"about":[{"href":"https:\/\/blogs.hoy.es\/senderosextremadura\/wp-json\/wp\/v2\/types\/post"}],"author":[{"embeddable":true,"href":"https:\/\/blogs.hoy.es\/senderosextremadura\/wp-json\/wp\/v2\/users\/27"}],"replies":[{"embeddable":true,"href":"https:\/\/blogs.hoy.es\/senderosextremadura\/wp-json\/wp\/v2\/comments?post=1072"}],"version-history":[{"count":0,"href":"https:\/\/blogs.hoy.es\/senderosextremadura\/wp-json\/wp\/v2\/posts\/1072\/revisions"}],"wp:attachment":[{"href":"https:\/\/blogs.hoy.es\/senderosextremadura\/wp-json\/wp\/v2\/media?parent=1072"}],"wp:term":[{"taxonomy":"category","embeddable":true,"href":"https:\/\/blogs.hoy.es\/senderosextremadura\/wp-json\/wp\/v2\/categories?post=1072"},{"taxonomy":"post_tag","embeddable":true,"href":"https:\/\/blogs.hoy.es\/senderosextremadura\/wp-json\/wp\/v2\/tags?post=1072"}],"curies":[{"name":"wp","href":"https:\/\/api.w.org\/{rel}","templated":true}]}}