{"id":1075,"date":"2012-12-17T20:38:33","date_gmt":"2012-12-17T20:38:33","guid":{"rendered":"http:\/\/blogs.hoy.es\/senderosextremadura\/?p=1075"},"modified":"2012-12-17T20:38:33","modified_gmt":"2012-12-17T20:38:33","slug":"los-senderistas-de-la-zarza-colocaran-un-belen-en-la-sierra-de-la-calderita-22-de-diciembre","status":"publish","type":"post","link":"https:\/\/blogs.hoy.es\/senderosextremadura\/2012\/12\/17\/los-senderistas-de-la-zarza-colocaran-un-belen-en-la-sierra-de-la-calderita-22-de-diciembre\/","title":{"rendered":"Los senderistas de La Zarza colocar\u00e1n un Bel\u00e9n en la Sierra de la Calderita (22 de diciembre)"},"content":{"rendered":"<p>El pr\u00f3ximo s\u00e1bado, d\u00eda 22, el <strong>Club de Senderismo &#8220;Pe\u00f1as Blancas&#8221; de La Zarza<\/strong> va a subir a la Sierra de la Calderita para instalar el tradicional Bel\u00e9n. A partir de las 9:30 horas, el Club invitar\u00e1 a migas -en la Caseta Municipal- a todos los participantes para proceder posteriormente al comienzo de la ruta -abierta a todo el p\u00fablico-. A la vuelta, se celebrar\u00e1 una caldereta-convivencia (s\u00f3lo para socios e invitados) en el bar Rinc\u00f3n Extreme\u00f1o. Con esta actividad dar\u00e1n por finalizada la temporada.<\/p>\n<!-- AddThis Advanced Settings generic via filter on the_content --><!-- AddThis Share Buttons generic via filter on the_content -->","protected":false},"excerpt":{"rendered":"<p>El pr\u00f3ximo s\u00e1bado, d\u00eda 22, el Club de Senderismo &#8220;Pe\u00f1as Blancas&#8221; de La Zarza va a subir a la Sierra de la Calderita para instalar el tradicional Bel\u00e9n. A partir de las 9:30 horas, el Club invitar\u00e1 a migas -en la Caseta Municipal- a todos los participantes para proceder posteriormente al comienzo de la ruta [&hellip;]<!-- AddThis Advanced Settings generic via filter on get_the_excerpt --><!-- AddThis Share Buttons generic via filter on get_the_excerpt --><\/p>\n","protected":false},"author":27,"featured_media":0,"comment_status":"open","ping_status":"closed","sticky":false,"template":"","format":"standard","meta":[],"categories":[4],"tags":[86,301,792,906,1035,1116],"_links":{"self":[{"href":"https:\/\/blogs.hoy.es\/senderosextremadura\/wp-json\/wp\/v2\/posts\/1075"}],"collection":[{"href":"https:\/\/blogs.hoy.es\/senderosextremadura\/wp-json\/wp\/v2\/posts"}],"about":[{"href":"https:\/\/blogs.hoy.es\/senderosextremadura\/wp-json\/wp\/v2\/types\/post"}],"author":[{"embeddable":true,"href":"https:\/\/blogs.hoy.es\/senderosextremadura\/wp-json\/wp\/v2\/users\/27"}],"replies":[{"embeddable":true,"href":"https:\/\/blogs.hoy.es\/senderosextremadura\/wp-json\/wp\/v2\/comments?post=1075"}],"version-history":[{"count":0,"href":"https:\/\/blogs.hoy.es\/senderosextremadura\/wp-json\/wp\/v2\/posts\/1075\/revisions"}],"wp:attachment":[{"href":"https:\/\/blogs.hoy.es\/senderosextremadura\/wp-json\/wp\/v2\/media?parent=1075"}],"wp:term":[{"taxonomy":"category","embeddable":true,"href":"https:\/\/blogs.hoy.es\/senderosextremadura\/wp-json\/wp\/v2\/categories?post=1075"},{"taxonomy":"post_tag","embeddable":true,"href":"https:\/\/blogs.hoy.es\/senderosextremadura\/wp-json\/wp\/v2\/tags?post=1075"}],"curies":[{"name":"wp","href":"https:\/\/api.w.org\/{rel}","templated":true}]}}