{"id":1078,"date":"2012-12-17T20:44:14","date_gmt":"2012-12-17T20:44:14","guid":{"rendered":"http:\/\/blogs.hoy.es\/senderosextremadura\/?p=1078"},"modified":"2012-12-17T20:44:14","modified_gmt":"2012-12-17T20:44:14","slug":"el-club-del-caminante-cerro-el-ano-con-su-maraton-de-42-kilometros-fotos","status":"publish","type":"post","link":"https:\/\/blogs.hoy.es\/senderosextremadura\/2012\/12\/17\/el-club-del-caminante-cerro-el-ano-con-su-maraton-de-42-kilometros-fotos\/","title":{"rendered":"El Club del Caminante cerr\u00f3 el a\u00f1o con su marat\u00f3n de 42 kil\u00f3metros (FOTOS)"},"content":{"rendered":"<div>\n<div id=\"attachment_1081\" style=\"width: 610px\" class=\"wp-caption aligncenter\"><a href=\"https:\/\/blogs.hoy.es\/senderosextremadura\/2012\/12\/17\/el-club-del-caminante-cerro-el-ano-con-su-maraton-de-42-kilometros-fotos\/galeria-ruta\/\" rel=\"attachment wp-att-1081\"><img aria-describedby=\"caption-attachment-1081\" loading=\"lazy\" class=\"size-large wp-image-1081\" title=\"Foto de familia en la Plaza Alta de Badajoz. \/ J.V. ARNELAS\" src=\"\/senderosextremadura\/wp-content\/uploads\/sites\/22\/2012\/12\/galeria-ruta.jpg\" alt=\"Foto de familia en la Plaza Alta de Badajoz. \/ J.V. ARNELAS\" width=\"600\" height=\"376\" srcset=\"https:\/\/static-blogs.hoy.es\/wp-content\/uploads\/sites\/22\/2012\/12\/galeria-ruta.jpg 909w, https:\/\/static-blogs.hoy.es\/wp-content\/uploads\/sites\/22\/2012\/12\/galeria-ruta-300x188.jpg 300w, https:\/\/static-blogs.hoy.es\/wp-content\/uploads\/sites\/22\/2012\/12\/galeria-ruta-768x482.jpg 768w, https:\/\/static-blogs.hoy.es\/wp-content\/uploads\/sites\/22\/2012\/12\/galeria-ruta-600x376.jpg 600w\" sizes=\"(max-width: 600px) 100vw, 600px\" \/><\/a><p id=\"caption-attachment-1081\" class=\"wp-caption-text\">Foto de familia en la Plaza Alta de Badajoz. \/ J.V. ARNELAS<\/p><\/div>\n<p>\u00c1NGELA P\u00c9REZ | Apenas acababa de amanecer cuando un centenar de personas, con una media de edad entre 30 y 55 a\u00f1os, se agolpaba en pleno coraz\u00f3n de la ciudad, en la <strong>Plaza Alta<\/strong>, a las 8.30 horas para dar comienzo a la ya tradicional marat\u00f3n &#8216;andando por Badajoz&#8217; (<a href=\"http:\/\/www.hoy.es\/multimedia\/fotos\/ultimos\/111760-centenar-personas-participan-ruta-andando-badajoz-0.html\" rel=\"external nofollow\"><strong>fotos de la ruta<\/strong><\/a>).<\/p>\n<\/div>\n<div>Se trata de la XII edici\u00f3n de esta actividad, organizada por el <strong>Club del Caminante<\/strong> de la capital, con la que culmina \u00abde una manera especial\u00bb el a\u00f1o, con un recorrido mucho m\u00e1s amplio, de 42 kil\u00f3metros, que el de cualquier otra caminata, para reiniciar sus acciones el pr\u00f3ximo 13 de enero con la ruta Badajoz-Elvas, han explicado el presidente y el vicepresidente del Club, <strong>Paco Rodr\u00edguez y Javier \u00c1lvarez<\/strong>. \u00abLa participaci\u00f3n, teniendo en cuenta las previsiones meteorol\u00f3gicas que hab\u00eda, ha sido un \u00e9xito, aunque posiblemente se hubiese duplicado si no hubiera habido prevista lluvia\u00bb, relata el presidente.<\/div>\n<div><\/div>\n<div><a href=\"http:\/\/www.hoy.es\/v\/20121217\/badajoz\/centenar-personas-recorren-alrededores-20121217.html\" rel=\"external nofollow\"><strong>Leer el art\u00edculo completo<\/strong><\/a><\/div>\n<!-- AddThis Advanced Settings generic via filter on the_content --><!-- AddThis Share Buttons generic via filter on the_content -->","protected":false},"excerpt":{"rendered":"<p>\u00c1NGELA P\u00c9REZ | Apenas acababa de amanecer cuando un centenar de personas, con una media de edad entre 30 y 55 a\u00f1os, se agolpaba en pleno coraz\u00f3n de la ciudad, en la Plaza Alta, a las 8.30 horas para dar comienzo a la ya tradicional marat\u00f3n &#8216;andando por Badajoz&#8217; (fotos de la ruta). Se trata [&hellip;]<!-- AddThis Advanced Settings generic via filter on get_the_excerpt --><!-- AddThis Share Buttons generic via filter on get_the_excerpt --><\/p>\n","protected":false},"author":27,"featured_media":0,"comment_status":"open","ping_status":"closed","sticky":false,"template":"","format":"standard","meta":[],"categories":[3,4],"tags":[86,135,301,906,942,1035],"_links":{"self":[{"href":"https:\/\/blogs.hoy.es\/senderosextremadura\/wp-json\/wp\/v2\/posts\/1078"}],"collection":[{"href":"https:\/\/blogs.hoy.es\/senderosextremadura\/wp-json\/wp\/v2\/posts"}],"about":[{"href":"https:\/\/blogs.hoy.es\/senderosextremadura\/wp-json\/wp\/v2\/types\/post"}],"author":[{"embeddable":true,"href":"https:\/\/blogs.hoy.es\/senderosextremadura\/wp-json\/wp\/v2\/users\/27"}],"replies":[{"embeddable":true,"href":"https:\/\/blogs.hoy.es\/senderosextremadura\/wp-json\/wp\/v2\/comments?post=1078"}],"version-history":[{"count":0,"href":"https:\/\/blogs.hoy.es\/senderosextremadura\/wp-json\/wp\/v2\/posts\/1078\/revisions"}],"wp:attachment":[{"href":"https:\/\/blogs.hoy.es\/senderosextremadura\/wp-json\/wp\/v2\/media?parent=1078"}],"wp:term":[{"taxonomy":"category","embeddable":true,"href":"https:\/\/blogs.hoy.es\/senderosextremadura\/wp-json\/wp\/v2\/categories?post=1078"},{"taxonomy":"post_tag","embeddable":true,"href":"https:\/\/blogs.hoy.es\/senderosextremadura\/wp-json\/wp\/v2\/tags?post=1078"}],"curies":[{"name":"wp","href":"https:\/\/api.w.org\/{rel}","templated":true}]}}