{"id":1088,"date":"2012-12-23T11:30:33","date_gmt":"2012-12-23T11:30:33","guid":{"rendered":"http:\/\/blogs.hoy.es\/senderosextremadura\/?p=1088"},"modified":"2012-12-23T11:30:33","modified_gmt":"2012-12-23T11:30:33","slug":"senderismo-y-aves-en-la-cantera-de-alcantara-29-de-diciembre","status":"publish","type":"post","link":"https:\/\/blogs.hoy.es\/senderosextremadura\/2012\/12\/23\/senderismo-y-aves-en-la-cantera-de-alcantara-29-de-diciembre\/","title":{"rendered":"Senderismo y aves en la cantera de Alc\u00e1ntara (29 de diciembre)"},"content":{"rendered":"<div id=\"attachment_1090\" style=\"width: 490px\" class=\"wp-caption alignright\"><a href=\"https:\/\/blogs.hoy.es\/senderosextremadura\/2012\/12\/23\/senderismo-y-aves-en-la-cantera-de-alcantara-29-de-diciembre\/cantera\/\" rel=\"attachment wp-att-1090\"><img aria-describedby=\"caption-attachment-1090\" loading=\"lazy\" class=\" wp-image-1090  \" title=\"Cartel de la ruta\" src=\"\/senderosextremadura\/wp-content\/uploads\/sites\/22\/2012\/12\/cantera.jpg\" alt=\"Cartel de la ruta\" width=\"480\" height=\"678\" srcset=\"https:\/\/static-blogs.hoy.es\/wp-content\/uploads\/sites\/22\/2012\/12\/cantera.jpg 679w, https:\/\/static-blogs.hoy.es\/wp-content\/uploads\/sites\/22\/2012\/12\/cantera-212x300.jpg 212w, https:\/\/static-blogs.hoy.es\/wp-content\/uploads\/sites\/22\/2012\/12\/cantera-600x848.jpg 600w\" sizes=\"(max-width: 480px) 100vw, 480px\" \/><\/a><p id=\"caption-attachment-1090\" class=\"wp-caption-text\">Cartel de la ruta<\/p><\/div>\n<p>El Centro de Interpretaci\u00f3n del <strong>Parque Natural Tajo Internacional<\/strong> te invita a participar en una ruta senderista hasta la cantera de Alc\u00e1ntara (C\u00e1ceres). La marcha de 4,5 kil\u00f3metros (ida) tendr\u00e1 lugar este s\u00e1bado 29 de diciembre y partir\u00e1 a las 10 de la ma\u00f1ana del propio centro de interpretaci\u00f3n, en el centro del municipio. Los senderistas llegar\u00e1n caminando hasta la cantera, un singular paraje que hace las delicias de los visitantes y alcantarinos en verano y durante todo el a\u00f1o de los amantes de la ornitolog\u00eda.<\/p>\n<p>En la <strong><a href=\"http:\/\/taejo.eu\/es\" rel=\"external nofollow\">web del Parque Natural<\/a><\/strong> puedes encontrar toda la informaci\u00f3n sobre este lugar y otros hermosos rincones para la pr\u00e1ctica del senderismo. La cantera est\u00e1 ubicada en la carretera comarcal EX-117, direcci\u00f3n Piedras Albas.\u00a0De esta cantera se extrajeron en la d\u00e9cada de los sesenta los \u00e1ridos para la construcci\u00f3n de la presa Jos\u00e9 Mar\u00eda de Oriol; como consecuencia, se ha formado un hermoso lago artificial, con aguas de manantiales muy aptas para el ba\u00f1o, que es utilizado cada verano como piscina natural.<\/p>\n<p>El desnivel producido llega hasta los cien metros. No obstante, las orillas del lago no son profundas y permiten el ba\u00f1o sin ning\u00fan peligro.<br \/>\nNo es dif\u00edcil ver cada a\u00f1o algunas parejas de cig\u00fce\u00f1as negras y de alimoches, anidando en los escarpados riscos del lago.<br \/>\nLa cantera forma parte, adem\u00e1s, de una ruta circular (PR-CC 105) homologada por la FEDME. Se trata de un itinerario circular con inicio y final en el puente Romano de Alc\u00e1ntara, pasando por el menhir del Cabezo y la localidad de Estorninos. Es un recorrido que entra\u00f1a cierta dificultad, tanto por su extensi\u00f3n como por algunos de los desniveles que supera, aunque salvo en algunos tramos, transita por caminos en buen estado.<\/p>\n<p><a href=\"http:\/\/taejo.eu\/es\/rutas\" rel=\"external nofollow\">Rutas del Parque Natural Tajo Internacional.<\/a><\/p>\n<!-- AddThis Advanced Settings generic via filter on the_content --><!-- AddThis Share Buttons generic via filter on the_content -->","protected":false},"excerpt":{"rendered":"<p>El Centro de Interpretaci\u00f3n del Parque Natural Tajo Internacional te invita a participar en una ruta senderista hasta la cantera de Alc\u00e1ntara (C\u00e1ceres). La marcha de 4,5 kil\u00f3metros (ida) tendr\u00e1 lugar este s\u00e1bado 29 de diciembre y partir\u00e1 a las 10 de la ma\u00f1ana del propio centro de interpretaci\u00f3n, en el centro del municipio. Los [&hellip;]<!-- AddThis Advanced Settings generic via filter on get_the_excerpt --><!-- AddThis Share Buttons generic via filter on get_the_excerpt --><\/p>\n","protected":false},"author":27,"featured_media":0,"comment_status":"open","ping_status":"closed","sticky":false,"template":"","format":"standard","meta":[],"categories":[4],"tags":[23,155,301,406,551,713,874,954,1004,1035],"_links":{"self":[{"href":"https:\/\/blogs.hoy.es\/senderosextremadura\/wp-json\/wp\/v2\/posts\/1088"}],"collection":[{"href":"https:\/\/blogs.hoy.es\/senderosextremadura\/wp-json\/wp\/v2\/posts"}],"about":[{"href":"https:\/\/blogs.hoy.es\/senderosextremadura\/wp-json\/wp\/v2\/types\/post"}],"author":[{"embeddable":true,"href":"https:\/\/blogs.hoy.es\/senderosextremadura\/wp-json\/wp\/v2\/users\/27"}],"replies":[{"embeddable":true,"href":"https:\/\/blogs.hoy.es\/senderosextremadura\/wp-json\/wp\/v2\/comments?post=1088"}],"version-history":[{"count":0,"href":"https:\/\/blogs.hoy.es\/senderosextremadura\/wp-json\/wp\/v2\/posts\/1088\/revisions"}],"wp:attachment":[{"href":"https:\/\/blogs.hoy.es\/senderosextremadura\/wp-json\/wp\/v2\/media?parent=1088"}],"wp:term":[{"taxonomy":"category","embeddable":true,"href":"https:\/\/blogs.hoy.es\/senderosextremadura\/wp-json\/wp\/v2\/categories?post=1088"},{"taxonomy":"post_tag","embeddable":true,"href":"https:\/\/blogs.hoy.es\/senderosextremadura\/wp-json\/wp\/v2\/tags?post=1088"}],"curies":[{"name":"wp","href":"https:\/\/api.w.org\/{rel}","templated":true}]}}