{"id":1094,"date":"2013-01-02T12:12:21","date_gmt":"2013-01-02T12:12:21","guid":{"rendered":"http:\/\/blogs.hoy.es\/senderosextremadura\/?p=1094"},"modified":"2013-01-02T12:12:21","modified_gmt":"2013-01-02T12:12:21","slug":"ruta-por-la-sierra-de-la-lamparona-13-de-enero","status":"publish","type":"post","link":"https:\/\/blogs.hoy.es\/senderosextremadura\/2013\/01\/02\/ruta-por-la-sierra-de-la-lamparona-13-de-enero\/","title":{"rendered":"Ruta por la Sierra de la Lamparona (13 de enero)"},"content":{"rendered":"<div id=\"attachment_1096\" style=\"width: 610px\" class=\"wp-caption aligncenter\"><a href=\"https:\/\/blogs.hoy.es\/senderosextremadura\/2013\/01\/02\/ruta-por-la-sierra-de-la-lamparona-13-de-enero\/sierra-lamparona\/\" rel=\"attachment wp-att-1096\"><img aria-describedby=\"caption-attachment-1096\" loading=\"lazy\" class=\"size-large wp-image-1096\" title=\"Sierra de la Lamparona, en La Codosera\" src=\"\/senderosextremadura\/wp-content\/uploads\/sites\/22\/2013\/01\/sierra-lamparona.jpg\" alt=\"Sierra de la Lamparona, en La Codosera\" width=\"600\" height=\"278\" srcset=\"https:\/\/static-blogs.hoy.es\/wp-content\/uploads\/sites\/22\/2013\/01\/sierra-lamparona.jpg 647w, https:\/\/static-blogs.hoy.es\/wp-content\/uploads\/sites\/22\/2013\/01\/sierra-lamparona-300x139.jpg 300w, https:\/\/static-blogs.hoy.es\/wp-content\/uploads\/sites\/22\/2013\/01\/sierra-lamparona-600x278.jpg 600w\" sizes=\"(max-width: 600px) 100vw, 600px\" \/><\/a><p id=\"caption-attachment-1096\" class=\"wp-caption-text\">Sierra de la Lamparona, en La Codosera<\/p><\/div>\n<p><a href=\"http:\/\/www.facebook.com\/senderismo.laviaverde\" target=\"_blank\" rel=\"external nofollow\"><strong>Senderismo La V\u00eda Verde<\/strong><\/a> de Villanueva de la Serena comienza el a\u00f1o con una<strong> ruta por la Sierra de La Lamparona<\/strong>, en La Codosera.\u00a0 La\u00a0 marcha tendr\u00e1 lugar el domingo d\u00eda 13 y los caminantes recorrer\u00e1n una distancia de\u00a0 <strong>16 kil\u00f3metros<\/strong>. El nivel de dificultad es medio-bajo. Est\u00e1 previsto que la ruta tenga una duraci\u00f3n de unas cinco horas. La salida hacia La Codosera tendr\u00e1 lugar a las 7,30 horas desde la estaci\u00f3n de <strong>autobuses de Villanueva de la Serena.<\/strong><\/p>\n<p>Los socios pagar\u00e1n 12 euros por inscripci\u00f3n, y los no socios 17.<\/p>\n<p><a href=\"http:\/\/www.hoy.es\/multimedia\/fotos\/badajoz\/95701-ruta-lamparona-sierra-codosera-8.html\" target=\"_blank\" rel=\"external nofollow\"><strong>GALER\u00cdA DE FOTOS DE LA RUTA<\/strong><\/a><\/p>\n<!-- AddThis Advanced Settings generic via filter on the_content --><!-- AddThis Share Buttons generic via filter on the_content -->","protected":false},"excerpt":{"rendered":"<p>Senderismo La V\u00eda Verde de Villanueva de la Serena comienza el a\u00f1o con una ruta por la Sierra de La Lamparona, en La Codosera.\u00a0 La\u00a0 marcha tendr\u00e1 lugar el domingo d\u00eda 13 y los caminantes recorrer\u00e1n una distancia de\u00a0 16 kil\u00f3metros. El nivel de dificultad es medio-bajo. Est\u00e1 previsto que la ruta tenga una duraci\u00f3n [&hellip;]<!-- AddThis Advanced Settings generic via filter on get_the_excerpt --><!-- AddThis Share Buttons generic via filter on get_the_excerpt --><\/p>\n","protected":false},"author":27,"featured_media":0,"comment_status":"open","ping_status":"closed","sticky":false,"template":"","format":"standard","meta":[],"categories":[4],"tags":[86,228,836,873,917,944,1035,1075,1085],"_links":{"self":[{"href":"https:\/\/blogs.hoy.es\/senderosextremadura\/wp-json\/wp\/v2\/posts\/1094"}],"collection":[{"href":"https:\/\/blogs.hoy.es\/senderosextremadura\/wp-json\/wp\/v2\/posts"}],"about":[{"href":"https:\/\/blogs.hoy.es\/senderosextremadura\/wp-json\/wp\/v2\/types\/post"}],"author":[{"embeddable":true,"href":"https:\/\/blogs.hoy.es\/senderosextremadura\/wp-json\/wp\/v2\/users\/27"}],"replies":[{"embeddable":true,"href":"https:\/\/blogs.hoy.es\/senderosextremadura\/wp-json\/wp\/v2\/comments?post=1094"}],"version-history":[{"count":0,"href":"https:\/\/blogs.hoy.es\/senderosextremadura\/wp-json\/wp\/v2\/posts\/1094\/revisions"}],"wp:attachment":[{"href":"https:\/\/blogs.hoy.es\/senderosextremadura\/wp-json\/wp\/v2\/media?parent=1094"}],"wp:term":[{"taxonomy":"category","embeddable":true,"href":"https:\/\/blogs.hoy.es\/senderosextremadura\/wp-json\/wp\/v2\/categories?post=1094"},{"taxonomy":"post_tag","embeddable":true,"href":"https:\/\/blogs.hoy.es\/senderosextremadura\/wp-json\/wp\/v2\/tags?post=1094"}],"curies":[{"name":"wp","href":"https:\/\/api.w.org\/{rel}","templated":true}]}}