{"id":1097,"date":"2013-01-14T12:23:54","date_gmt":"2013-01-14T12:23:54","guid":{"rendered":"http:\/\/blogs.hoy.es\/senderosextremadura\/?p=1097"},"modified":"2013-01-14T12:23:54","modified_gmt":"2013-01-14T12:23:54","slug":"ii-ruta-solidaria-en-caceres-a-favor-de-los-bancos-de-alimentos","status":"publish","type":"post","link":"https:\/\/blogs.hoy.es\/senderosextremadura\/2013\/01\/14\/ii-ruta-solidaria-en-caceres-a-favor-de-los-bancos-de-alimentos\/","title":{"rendered":"II Ruta Solidaria en C\u00e1ceres a favor de los Bancos de Alimentos (19 de enero)"},"content":{"rendered":"<div id=\"attachment_1098\" style=\"width: 370px\" class=\"wp-caption alignright\"><a href=\"https:\/\/blogs.hoy.es\/senderosextremadura\/2013\/01\/14\/ii-ruta-solidaria-en-caceres-a-favor-de-los-bancos-de-alimentos\/vereina\/\" rel=\"attachment wp-att-1098\"><img aria-describedby=\"caption-attachment-1098\" loading=\"lazy\" class=\" wp-image-1098 \" title=\"Cartel de la ruta solidaria\" src=\"\/senderosextremadura\/wp-content\/uploads\/sites\/22\/2013\/01\/vereina.jpg\" alt=\"Cartel de la ruta solidaria\" width=\"360\" height=\"509\" srcset=\"https:\/\/static-blogs.hoy.es\/wp-content\/uploads\/sites\/22\/2013\/01\/vereina.jpg 679w, https:\/\/static-blogs.hoy.es\/wp-content\/uploads\/sites\/22\/2013\/01\/vereina-212x300.jpg 212w, https:\/\/static-blogs.hoy.es\/wp-content\/uploads\/sites\/22\/2013\/01\/vereina-600x848.jpg 600w\" sizes=\"(max-width: 360px) 100vw, 360px\" \/><\/a><p id=\"caption-attachment-1098\" class=\"wp-caption-text\">Cartel de la ruta solidaria<\/p><\/div>\n<p>El Club Deportivo <a href=\"http:\/\/www.lavereina.es\/pc.html\" target=\"_blank\" rel=\"external nofollow\"><strong>La Vereina de C\u00e1ceres<\/strong><\/a> ha organizado la <strong>II Ruta Solidaria a favor de los Bancos de Alimentos.<\/strong> Esta marcha ben\u00e9fica de unos diez kil\u00f3metros por la ciudad de C\u00e1ceres tendr\u00e1 lugar el s\u00e1bado 19 de enero.<\/p>\n<p><strong>Programa de la actividad<\/strong><br \/>\n10:00 desayuno en El Montaito (enfrente del Hospital San Pedro de Alc\u00e1ntara de C\u00e1ceres)<br \/>\n10:30 Comienzo la ruta con un recorrido de unos diez kil\u00f3metros: San Francisco, subida a Santa Clara, San Mateo, San Jorge, Santa Mar\u00eda, Plaza Mayor, Plaza Concepci\u00f3n, Barrio Nuevo, Plaza de toros, Sierra de Aguas Vivas (donde habr\u00e1 un avituallamiento), Olivar chico de los frailes para acabar en el parque del Pr\u00edncipe.<br \/>\nPrecio: 6 euros que se donar\u00e1n \u00edntegramente a los bancos de alimentos.<br \/>\nPuedes apuntarte desde ya en el Hotel Don Carlos (calle Donoso Cort\u00e9s, 13-15, C\u00e1ceres).<\/p>\n<p>M\u00e1s informaci\u00f3n en l <a href=\"http:\/\/www.lavereina.es\/pc.html\" target=\"_blank\" rel=\"external nofollow\"><strong> web de La Vereina.<\/strong><\/a><\/p>\n<!-- AddThis Advanced Settings generic via filter on the_content --><!-- AddThis Share Buttons generic via filter on the_content -->","protected":false},"excerpt":{"rendered":"<p>El Club Deportivo La Vereina de C\u00e1ceres ha organizado la II Ruta Solidaria a favor de los Bancos de Alimentos. Esta marcha ben\u00e9fica de unos diez kil\u00f3metros por la ciudad de C\u00e1ceres tendr\u00e1 lugar el s\u00e1bado 19 de enero. Programa de la actividad 10:00 desayuno en El Montaito (enfrente del Hospital San Pedro de Alc\u00e1ntara [&hellip;]<!-- AddThis Advanced Settings generic via filter on get_the_excerpt --><!-- AddThis Share Buttons generic via filter on get_the_excerpt --><\/p>\n","protected":false},"author":27,"featured_media":0,"comment_status":"open","ping_status":"closed","sticky":false,"template":"","format":"standard","meta":[],"categories":[4],"tags":[121,435,785,917,998],"_links":{"self":[{"href":"https:\/\/blogs.hoy.es\/senderosextremadura\/wp-json\/wp\/v2\/posts\/1097"}],"collection":[{"href":"https:\/\/blogs.hoy.es\/senderosextremadura\/wp-json\/wp\/v2\/posts"}],"about":[{"href":"https:\/\/blogs.hoy.es\/senderosextremadura\/wp-json\/wp\/v2\/types\/post"}],"author":[{"embeddable":true,"href":"https:\/\/blogs.hoy.es\/senderosextremadura\/wp-json\/wp\/v2\/users\/27"}],"replies":[{"embeddable":true,"href":"https:\/\/blogs.hoy.es\/senderosextremadura\/wp-json\/wp\/v2\/comments?post=1097"}],"version-history":[{"count":0,"href":"https:\/\/blogs.hoy.es\/senderosextremadura\/wp-json\/wp\/v2\/posts\/1097\/revisions"}],"wp:attachment":[{"href":"https:\/\/blogs.hoy.es\/senderosextremadura\/wp-json\/wp\/v2\/media?parent=1097"}],"wp:term":[{"taxonomy":"category","embeddable":true,"href":"https:\/\/blogs.hoy.es\/senderosextremadura\/wp-json\/wp\/v2\/categories?post=1097"},{"taxonomy":"post_tag","embeddable":true,"href":"https:\/\/blogs.hoy.es\/senderosextremadura\/wp-json\/wp\/v2\/tags?post=1097"}],"curies":[{"name":"wp","href":"https:\/\/api.w.org\/{rel}","templated":true}]}}