{"id":1100,"date":"2013-01-03T17:21:47","date_gmt":"2013-01-03T17:21:47","guid":{"rendered":"http:\/\/blogs.hoy.es\/senderosextremadura\/?p=1100"},"modified":"2013-01-03T17:21:47","modified_gmt":"2013-01-03T17:21:47","slug":"22-kilometros-caminando-hasta-elvas-13-de-enero","status":"publish","type":"post","link":"https:\/\/blogs.hoy.es\/senderosextremadura\/2013\/01\/03\/22-kilometros-caminando-hasta-elvas-13-de-enero\/","title":{"rendered":"22 kil\u00f3metros caminando hasta Elvas (13 de enero)"},"content":{"rendered":"<div id=\"attachment_1101\" style=\"width: 610px\" class=\"wp-caption aligncenter\"><a href=\"https:\/\/blogs.hoy.es\/senderosextremadura\/2013\/01\/03\/22-kilometros-caminando-hasta-elvas-13-de-enero\/elvas\/\" rel=\"attachment wp-att-1101\"><img aria-describedby=\"caption-attachment-1101\" loading=\"lazy\" class=\"size-full wp-image-1101\" title=\"Vistas del acueducto de Elvas\" src=\"\/senderosextremadura\/wp-content\/uploads\/sites\/22\/2013\/01\/elvas.jpg\" alt=\"Vistas del acueducto de Elvas\" width=\"600\" height=\"400\" srcset=\"https:\/\/static-blogs.hoy.es\/wp-content\/uploads\/sites\/22\/2013\/01\/elvas.jpg 600w, https:\/\/static-blogs.hoy.es\/wp-content\/uploads\/sites\/22\/2013\/01\/elvas-300x200.jpg 300w\" sizes=\"(max-width: 600px) 100vw, 600px\" \/><\/a><p id=\"caption-attachment-1101\" class=\"wp-caption-text\">Vistas del acueducto de Elvas<\/p><\/div>\n<p><span style=\"font-size: medium;\">El <a href=\"www.clubcaminantebadajoz.com\/\"><strong>Club del Caminante de Badajoz<\/strong><\/a> realizar\u00e1 una ruta el pr\u00f3ximo 13 de enero muy cerca de la capital pacense. Se trata de un recorrido de <strong>22 kil\u00f3metros<\/strong> hasta la vecina localidad portuguesa de Elvas. La dificultad de la marcha es baja. Como siempre, los caminantes emprender\u00e1n la marcha desde el Ancla de Santa Marina a las 08:30, para terminar el recorrido en Elvas.<\/span><\/p>\n<p><span style=\"font-size: medium;\">Esta ciudad del Alentejo portugu\u00e9s, la tercera en tama\u00f1o de la regi\u00f3n, siempre merece una visita. Alberga la mayor colecci\u00f3n de fortificaciones baluarte del mundo, que fueron declaradas <a title=\"Patrimonio de la Humanidad\" href=\"http:\/\/es.wikipedia.org\/wiki\/Patrimonio_de_la_Humanidad\" rel=\"external nofollow\">Patrimonio de la Humanidad<\/a> por la <a title=\"Unesco\" href=\"http:\/\/es.wikipedia.org\/wiki\/Unesco\" rel=\"external nofollow\">Unesco<\/a> el 30 junio de 2012, as\u00ed como todo el centro hist\u00f3rico de la ciudad.<\/span><\/p>\n<p><span style=\"font-size: medium;\">Esta ruta es un cl\u00e1sico del Club del Caminante. &#8220;Fue la primera que se hizo hace muchos a\u00f1os y dio paso a la creaci\u00f3n del club. Por eso la hemos mantenido\u00a0 durante todos los a\u00f1os y es la que inicia nuestro calendario. Salvo un a\u00f1o, que se hizo desde Elvas hasta Badajoz&#8221;, cuenta Francisco Javier Carreres.<\/span><\/p>\n<p><span style=\"font-size: medium;\">&#8220;El recorrido de la ruta a lo largo de los a\u00f1os ha sido diverso y unas veces ha sido por caminos y en otras ocasiones una mezcla de caminos y carretera. Alg\u00fan a\u00f1o nos hemos desviado para visitar la estaci\u00f3n de ferrocarril de Elvas, una preciosidad y que muchos desconocen, y hemos entrado a Elvas por el barrio de Boa-Fe&#8221;, recuerda Carreres.<\/span><\/p>\n<!-- AddThis Advanced Settings generic via filter on the_content --><!-- AddThis Share Buttons generic via filter on the_content -->","protected":false},"excerpt":{"rendered":"<p>El Club del Caminante de Badajoz realizar\u00e1 una ruta el pr\u00f3ximo 13 de enero muy cerca de la capital pacense. Se trata de un recorrido de 22 kil\u00f3metros hasta la vecina localidad portuguesa de Elvas. La dificultad de la marcha es baja. Como siempre, los caminantes emprender\u00e1n la marcha desde el Ancla de Santa Marina [&hellip;]<!-- AddThis Advanced Settings generic via filter on get_the_excerpt --><!-- AddThis Share Buttons generic via filter on get_the_excerpt --><\/p>\n","protected":false},"author":27,"featured_media":0,"comment_status":"open","ping_status":"closed","sticky":false,"template":"","format":"standard","meta":[],"categories":[3],"tags":[86,277,836,873],"_links":{"self":[{"href":"https:\/\/blogs.hoy.es\/senderosextremadura\/wp-json\/wp\/v2\/posts\/1100"}],"collection":[{"href":"https:\/\/blogs.hoy.es\/senderosextremadura\/wp-json\/wp\/v2\/posts"}],"about":[{"href":"https:\/\/blogs.hoy.es\/senderosextremadura\/wp-json\/wp\/v2\/types\/post"}],"author":[{"embeddable":true,"href":"https:\/\/blogs.hoy.es\/senderosextremadura\/wp-json\/wp\/v2\/users\/27"}],"replies":[{"embeddable":true,"href":"https:\/\/blogs.hoy.es\/senderosextremadura\/wp-json\/wp\/v2\/comments?post=1100"}],"version-history":[{"count":0,"href":"https:\/\/blogs.hoy.es\/senderosextremadura\/wp-json\/wp\/v2\/posts\/1100\/revisions"}],"wp:attachment":[{"href":"https:\/\/blogs.hoy.es\/senderosextremadura\/wp-json\/wp\/v2\/media?parent=1100"}],"wp:term":[{"taxonomy":"category","embeddable":true,"href":"https:\/\/blogs.hoy.es\/senderosextremadura\/wp-json\/wp\/v2\/categories?post=1100"},{"taxonomy":"post_tag","embeddable":true,"href":"https:\/\/blogs.hoy.es\/senderosextremadura\/wp-json\/wp\/v2\/tags?post=1100"}],"curies":[{"name":"wp","href":"https:\/\/api.w.org\/{rel}","templated":true}]}}