{"id":1104,"date":"2013-01-14T11:18:47","date_gmt":"2013-01-14T11:18:47","guid":{"rendered":"http:\/\/blogs.hoy.es\/senderosextremadura\/?p=1104"},"modified":"2013-01-14T11:18:47","modified_gmt":"2013-01-14T11:18:47","slug":"el-circuito-extremeno-de-rutas-senderistas-de-2013-incluye-14-pruebas","status":"publish","type":"post","link":"https:\/\/blogs.hoy.es\/senderosextremadura\/2013\/01\/14\/el-circuito-extremeno-de-rutas-senderistas-de-2013-incluye-14-pruebas\/","title":{"rendered":"Circuito Extreme\u00f1o de Rutas Senderistas 2013"},"content":{"rendered":"<p><a href=\"https:\/\/blogs.hoy.es\/senderosextremadura\/2013\/01\/14\/el-circuito-extremeno-de-rutas-senderistas-de-2013-incluye-14-pruebas\/cartel-circuito-senderista-2013\/\" rel=\"attachment wp-att-1167\"><img loading=\"lazy\" class=\"aligncenter  wp-image-1167\" title=\"Cartel Circuito senderista 2013\" src=\"\/senderosextremadura\/wp-content\/uploads\/sites\/22\/2013\/01\/Cartel-Circuito-senderista-2013.jpg\" alt=\"\" width=\"625\" height=\"885\" srcset=\"https:\/\/static-blogs.hoy.es\/wp-content\/uploads\/sites\/22\/2013\/01\/Cartel-Circuito-senderista-2013.jpg 851w, https:\/\/static-blogs.hoy.es\/wp-content\/uploads\/sites\/22\/2013\/01\/Cartel-Circuito-senderista-2013-212x300.jpg 212w, https:\/\/static-blogs.hoy.es\/wp-content\/uploads\/sites\/22\/2013\/01\/Cartel-Circuito-senderista-2013-768x1088.jpg 768w, https:\/\/static-blogs.hoy.es\/wp-content\/uploads\/sites\/22\/2013\/01\/Cartel-Circuito-senderista-2013-600x850.jpg 600w\" sizes=\"(max-width: 625px) 100vw, 625px\" \/><\/a><\/p>\n<p>Ya conocemos el calendario completo del <strong>Circuito Extreme\u00f1o de Rutas Senderistas de 2013<\/strong>. Este a\u00f1o\u00a0 contar\u00e1 con 14 pruebas, <strong>detalla la <\/strong><a href=\"http:\/\/www.fexme.com\/portal\/\" target=\"_blank\" rel=\"external nofollow\"><strong>Federaci\u00f3n Extreme\u00f1a de Monta\u00f1a y Escalada<\/strong><\/a>(Fexme) en su web, entidad encargada de la gesti\u00f3n del circuito.<\/p>\n<p>Los entornos de <strong>Villar del Rey, Pinofranqueado, La Zarza, Escurial, Miajadas, Olivenza, Las Mestas, Casares de Hurdes, Guadalupe, Ca\u00f1amero, Zarza la Mayor, Alange, Trasierra, La Garganta, Segura de Toro, La Garrovilla<\/strong> y<strong> Salvale\u00f3n<\/strong> ser\u00e1n este a\u00f1o protagonistas del circuito.<\/p>\n<p>De las 26 solicitudes para organizar las pruebas el circuito, la Fexme ha elegido las pruebas con <strong>mayor calidad organizativa<\/strong> y que se desarrollar\u00e1n por <strong>senderos homologados<\/strong>.<\/p>\n<p>&#8220;De esta forma, las rutas del circuito servir\u00e1n para atraer a senderistas y turistas de naturaleza, independientemente del d\u00eda, estaci\u00f3n o de la organizaci\u00f3n de la prueba, como muestra de lo que ofrece la Comunidad Aut\u00f3noma&#8221;, se\u00f1ala la Fexme.<\/p>\n<p>El Circuito Extreme\u00f1o de Rutas Senderistas pretende <strong>impulsar en la regi\u00f3n la pr\u00e1ctica deportiva<\/strong> como un medio id\u00f3neo para el fomento de la actividad f\u00edsica en la naturaleza y de la actividad tur\u00edstica, ya que el senderismo es una deporte que se integra en lo que se conoce como deporte para todos.<\/p>\n<p>Pero su inter\u00e9s va m\u00e1s all\u00e1 del deporte, ya que ve el disfrute del medio ambiente como yacimiento de empleo tanto directo (animaci\u00f3n deportiva, gu\u00edas, transporte), como indirecto.<\/p>\n<div id=\"attachment_1107\" style=\"width: 610px\" class=\"wp-caption aligncenter\"><a href=\"https:\/\/blogs.hoy.es\/senderosextremadura\/2013\/01\/14\/el-circuito-extremeno-de-rutas-senderistas-de-2013-incluye-14-pruebas\/rutass-calendario\/\" rel=\"attachment wp-att-1107\"><img aria-describedby=\"caption-attachment-1107\" loading=\"lazy\" class=\"size-full wp-image-1107\" title=\"Localizaci\u00f3n de las rutas. \/ www.fexme.com\" src=\"\/senderosextremadura\/wp-content\/uploads\/sites\/22\/2013\/01\/RUTASS-CALENDARIO.jpg\" alt=\"Localizaci\u00f3n de las rutas. \/ www.fexme.com\" width=\"600\" height=\"800\" srcset=\"https:\/\/static-blogs.hoy.es\/wp-content\/uploads\/sites\/22\/2013\/01\/RUTASS-CALENDARIO.jpg 600w, https:\/\/static-blogs.hoy.es\/wp-content\/uploads\/sites\/22\/2013\/01\/RUTASS-CALENDARIO-225x300.jpg 225w\" sizes=\"(max-width: 600px) 100vw, 600px\" \/><\/a><p id=\"caption-attachment-1107\" class=\"wp-caption-text\">Localizaci\u00f3n de las rutas. \/ www.fexme.com<\/p><\/div>\n<p>&nbsp;<\/p>\n<!-- AddThis Advanced Settings generic via filter on the_content --><!-- AddThis Share Buttons generic via filter on the_content -->","protected":false},"excerpt":{"rendered":"<p>Ya conocemos el calendario completo del Circuito Extreme\u00f1o de Rutas Senderistas de 2013. Este a\u00f1o\u00a0 contar\u00e1 con 14 pruebas, detalla la Federaci\u00f3n Extreme\u00f1a de Monta\u00f1a y Escalada(Fexme) en su web, entidad encargada de la gesti\u00f3n del circuito. Los entornos de Villar del Rey, Pinofranqueado, La Zarza, Escurial, Miajadas, Olivenza, Las Mestas, Casares de Hurdes, Guadalupe, [&hellip;]<!-- AddThis Advanced Settings generic via filter on get_the_excerpt --><!-- AddThis Share Buttons generic via filter on get_the_excerpt --><\/p>\n","protected":false},"author":27,"featured_media":0,"comment_status":"open","ping_status":"closed","sticky":false,"template":"","format":"standard","meta":[],"categories":[4],"tags":[86,121,128,253,254,310,873,906,917,1035],"_links":{"self":[{"href":"https:\/\/blogs.hoy.es\/senderosextremadura\/wp-json\/wp\/v2\/posts\/1104"}],"collection":[{"href":"https:\/\/blogs.hoy.es\/senderosextremadura\/wp-json\/wp\/v2\/posts"}],"about":[{"href":"https:\/\/blogs.hoy.es\/senderosextremadura\/wp-json\/wp\/v2\/types\/post"}],"author":[{"embeddable":true,"href":"https:\/\/blogs.hoy.es\/senderosextremadura\/wp-json\/wp\/v2\/users\/27"}],"replies":[{"embeddable":true,"href":"https:\/\/blogs.hoy.es\/senderosextremadura\/wp-json\/wp\/v2\/comments?post=1104"}],"version-history":[{"count":0,"href":"https:\/\/blogs.hoy.es\/senderosextremadura\/wp-json\/wp\/v2\/posts\/1104\/revisions"}],"wp:attachment":[{"href":"https:\/\/blogs.hoy.es\/senderosextremadura\/wp-json\/wp\/v2\/media?parent=1104"}],"wp:term":[{"taxonomy":"category","embeddable":true,"href":"https:\/\/blogs.hoy.es\/senderosextremadura\/wp-json\/wp\/v2\/categories?post=1104"},{"taxonomy":"post_tag","embeddable":true,"href":"https:\/\/blogs.hoy.es\/senderosextremadura\/wp-json\/wp\/v2\/tags?post=1104"}],"curies":[{"name":"wp","href":"https:\/\/api.w.org\/{rel}","templated":true}]}}