{"id":1108,"date":"2013-01-05T18:15:03","date_gmt":"2013-01-05T18:15:03","guid":{"rendered":"http:\/\/blogs.hoy.es\/senderosextremadura\/?p=1108"},"modified":"2013-01-05T18:15:03","modified_gmt":"2013-01-05T18:15:03","slug":"campo-aranuelo-programa-19-rutas-por-extremadura-salamanca-y-avila","status":"publish","type":"post","link":"https:\/\/blogs.hoy.es\/senderosextremadura\/2013\/01\/05\/campo-aranuelo-programa-19-rutas-por-extremadura-salamanca-y-avila\/","title":{"rendered":"Campo Ara\u00f1uelo programa 19 rutas por Extremadura, Salamanca y \u00c1vila"},"content":{"rendered":"<p>El <strong>Centro Excursionista del Campo Ara\u00f1uelo (CECA)<\/strong> ha programado 19 rutas senderistas en su calendario de 2013 que se extender\u00e1n desde el 20 de enero al 1 de diciembre con itinerarios por Extremadura y las provincias de Salamanca, \u00c1vila y Madrid.<\/p>\n<p>Este colectivo senderista estrenar\u00e1 el a\u00f1o con la renovaci\u00f3n de su junta directiva en una asamblea que se celebrar\u00e1 el pr\u00f3ximo viernes, d\u00eda 11, en la que Pedro Gonz\u00e1lez asumir\u00e1 la presidencia e sustituci\u00f3n de Azucena D\u00edaz.<\/p>\n<p>Como fechas claves del calendario, destaca la Semana de Monta\u00f1ismo, que se celebrar\u00e1 desde el 16 al 21 de abril; y el fin de semana que el grupo disfrutar\u00e1 los d\u00edas 12 y 13 de octubre en la sierra madrile\u00f1a.<\/p>\n<p>Adem\u00e1s, habr\u00e1 una ruta nocturna y tres itinerarios de nivel 4 de dificultad.<\/p>\n<p>El calendario incluye igualmente jornadas senderistas y de convivencia por buena parte de los mejores parajes extreme\u00f1os.<\/p>\n<p>Fuente: EFE<\/p>\n<!-- AddThis Advanced Settings generic via filter on the_content --><!-- AddThis Share Buttons generic via filter on the_content -->","protected":false},"excerpt":{"rendered":"<p>El Centro Excursionista del Campo Ara\u00f1uelo (CECA) ha programado 19 rutas senderistas en su calendario de 2013 que se extender\u00e1n desde el 20 de enero al 1 de diciembre con itinerarios por Extremadura y las provincias de Salamanca, \u00c1vila y Madrid. Este colectivo senderista estrenar\u00e1 el a\u00f1o con la renovaci\u00f3n de su junta directiva en [&hellip;]<!-- AddThis Advanced Settings generic via filter on get_the_excerpt --><!-- AddThis Share Buttons generic via filter on get_the_excerpt --><\/p>\n","protected":false},"author":27,"featured_media":0,"comment_status":"open","ping_status":"closed","sticky":false,"template":"","format":"standard","meta":[],"categories":[4],"tags":[121,873,906,917],"_links":{"self":[{"href":"https:\/\/blogs.hoy.es\/senderosextremadura\/wp-json\/wp\/v2\/posts\/1108"}],"collection":[{"href":"https:\/\/blogs.hoy.es\/senderosextremadura\/wp-json\/wp\/v2\/posts"}],"about":[{"href":"https:\/\/blogs.hoy.es\/senderosextremadura\/wp-json\/wp\/v2\/types\/post"}],"author":[{"embeddable":true,"href":"https:\/\/blogs.hoy.es\/senderosextremadura\/wp-json\/wp\/v2\/users\/27"}],"replies":[{"embeddable":true,"href":"https:\/\/blogs.hoy.es\/senderosextremadura\/wp-json\/wp\/v2\/comments?post=1108"}],"version-history":[{"count":0,"href":"https:\/\/blogs.hoy.es\/senderosextremadura\/wp-json\/wp\/v2\/posts\/1108\/revisions"}],"wp:attachment":[{"href":"https:\/\/blogs.hoy.es\/senderosextremadura\/wp-json\/wp\/v2\/media?parent=1108"}],"wp:term":[{"taxonomy":"category","embeddable":true,"href":"https:\/\/blogs.hoy.es\/senderosextremadura\/wp-json\/wp\/v2\/categories?post=1108"},{"taxonomy":"post_tag","embeddable":true,"href":"https:\/\/blogs.hoy.es\/senderosextremadura\/wp-json\/wp\/v2\/tags?post=1108"}],"curies":[{"name":"wp","href":"https:\/\/api.w.org\/{rel}","templated":true}]}}