{"id":1110,"date":"2013-01-30T11:29:39","date_gmt":"2013-01-30T11:29:39","guid":{"rendered":"http:\/\/blogs.hoy.es\/senderosextremadura\/?p=1110"},"modified":"2013-01-30T11:29:39","modified_gmt":"2013-01-30T11:29:39","slug":"miles-de-senderistas-recrearan-el-2-de-febrero-ultimo-viaje-de-carlos-v","status":"publish","type":"post","link":"https:\/\/blogs.hoy.es\/senderosextremadura\/2013\/01\/30\/miles-de-senderistas-recrearan-el-2-de-febrero-ultimo-viaje-de-carlos-v\/","title":{"rendered":"Miles de senderistas recrear\u00e1n el viaje del Emperador (2 de febrero)"},"content":{"rendered":"<div id=\"attachment_1137\" style=\"width: 310px\" class=\"wp-caption alignright\"><a href=\"https:\/\/blogs.hoy.es\/senderosextremadura\/2013\/01\/30\/miles-de-senderistas-recrearan-el-2-de-febrero-ultimo-viaje-de-carlos-v\/ruta-emperador\/\" rel=\"attachment wp-att-1137\"><img aria-describedby=\"caption-attachment-1137\" loading=\"lazy\" class=\"size-medium wp-image-1137\" title=\"Senderistas en la ruta del Emperador\" src=\"\/senderosextremadura\/wp-content\/uploads\/sites\/22\/2013\/01\/ruta-emperador.jpg\" alt=\"Senderistas en la ruta del Emperador\" width=\"300\" height=\"225\" srcset=\"https:\/\/static-blogs.hoy.es\/wp-content\/uploads\/sites\/22\/2013\/01\/ruta-emperador.jpg 1600w, https:\/\/static-blogs.hoy.es\/wp-content\/uploads\/sites\/22\/2013\/01\/ruta-emperador-300x225.jpg 300w, https:\/\/static-blogs.hoy.es\/wp-content\/uploads\/sites\/22\/2013\/01\/ruta-emperador-768x576.jpg 768w, https:\/\/static-blogs.hoy.es\/wp-content\/uploads\/sites\/22\/2013\/01\/ruta-emperador-600x450.jpg 600w\" sizes=\"(max-width: 300px) 100vw, 300px\" \/><\/a><p id=\"caption-attachment-1137\" class=\"wp-caption-text\">Senderistas en la ruta del Emperador<\/p><\/div>\n<p>El 2 de febrero es el d\u00eda en el que miles de personas participar\u00e1n en la<strong> XIV Ruta del Emperador,<\/strong>marcha senderista que recrea el \u00faltimo viaje que realiz\u00f3 Carlos V el 3 de febrero de 1557 desde el castillo de los condes de Oropesa, de Jarandilla de la Vera hasta el Real Monasterio de Yuste. En esta <a href=\"http:\/\/www.hoy.es\/multimedia\/fotos\/regional\/113209-ruta-emperador-0.html\" rel=\"external nofollow\"><strong>GALER\u00cdA<\/strong><\/a>\u00a0 puedes ver algunas im\u00e1genes de la pasada edici\u00f3n.<\/p>\n<p>Esta actividad, declarada de inter\u00e9s tur\u00edstico regional, est\u00e1 organizada por la <a href=\"http:\/\/www.mancomunidaddelavera.es\/\" rel=\"external nofollow\"><strong>Mancomunidad de La Vera<\/strong><\/a> en colaboraci\u00f3n con los ayuntamientos y asociaciones de la comarca.<\/p>\n<p>Igualmente, colaboran en ella el Ministerio de Medio Ambiente, la Junta de Extremadura, la Diputaci\u00f3n de C\u00e1ceres, Patrimonio Nacional y la Fundaci\u00f3n Academia Europea de Yuste, entre otras instituciones.<\/p>\n<p>Este a\u00f1o, las celebraciones en el marco de la Ruta del Emperador, que cuenta con miles de seguidores llegados de toda Espa\u00f1a, se llevar\u00e1n a cabo durante <strong>dos fines de semana<\/strong> mediante la realizaci\u00f3n de distintas actividades con las que se pretende poner en valor la belleza natural, patrimonial y cultural de esta zona cacere\u00f1a.<\/p>\n<p>La Ruta del Emperador, que recorre alrededor de <strong>10 kil\u00f3metros<\/strong>, comenzar\u00e1 en <strong>Jarandilla de la Vera<\/strong> con la recepci\u00f3n de los participantes para, posteriormente, emprender el recorrido por el antiguo camino real, seg\u00fan ha confirmado hoy a Efe la Mancomunidad de la Vera.<\/p>\n<p>Los senderistas har\u00e1n un alto en el camino al llegar a <strong>Aldeanueva de la Vera<\/strong>, despu\u00e9s seguir\u00e1n la marcha hasta llegar a Cuacos de Yuste y posteriormente, la comitiva se desplazar\u00e1 hasta el Real Monasterio de Yuste.<\/p>\n<p>La programaci\u00f3n del s\u00e1bado 2 de febrero se ver\u00e1 complementada el s\u00e1bado anterior, 26 de enero, con la celebraci\u00f3n de la XI Ruta del Emperador Ecuestre y varios actos culturales y musicales en las localidades de Jarandilla, Cuacos de Yuste y Aldeanueva de la Vera.<\/p>\n<p>De igual forma, el domingo 3 de febrero tendr\u00e1 lugar la primera edici\u00f3n de la Ruta del Emperador en bicicleta.<\/p>\n<p>Fuente:EFE<\/p>\n<p><a href=\"https:\/\/docs.google.com\/file\/d\/0B2LLpQg3m7LoNHVtU25Nb2FaUDg\/edit\" target=\"_blank\"><strong>PDF- Mostrar todos los detalles de la actividad<\/strong><\/a><\/p>\n<p>&nbsp;<\/p>\n<p>&nbsp;<\/p>\n<!-- AddThis Advanced Settings generic via filter on the_content --><!-- AddThis Share Buttons generic via filter on the_content -->","protected":false},"excerpt":{"rendered":"<p>El 2 de febrero es el d\u00eda en el que miles de personas participar\u00e1n en la XIV Ruta del Emperador,marcha senderista que recrea el \u00faltimo viaje que realiz\u00f3 Carlos V el 3 de febrero de 1557 desde el castillo de los condes de Oropesa, de Jarandilla de la Vera hasta el Real Monasterio de Yuste. [&hellip;]<!-- AddThis Advanced Settings generic via filter on get_the_excerpt --><!-- AddThis Share Buttons generic via filter on get_the_excerpt --><\/p>\n","protected":false},"author":27,"featured_media":0,"comment_status":"open","ping_status":"closed","sticky":false,"template":"","format":"standard","meta":[],"categories":[4],"tags":[419,724,836,906,911],"_links":{"self":[{"href":"https:\/\/blogs.hoy.es\/senderosextremadura\/wp-json\/wp\/v2\/posts\/1110"}],"collection":[{"href":"https:\/\/blogs.hoy.es\/senderosextremadura\/wp-json\/wp\/v2\/posts"}],"about":[{"href":"https:\/\/blogs.hoy.es\/senderosextremadura\/wp-json\/wp\/v2\/types\/post"}],"author":[{"embeddable":true,"href":"https:\/\/blogs.hoy.es\/senderosextremadura\/wp-json\/wp\/v2\/users\/27"}],"replies":[{"embeddable":true,"href":"https:\/\/blogs.hoy.es\/senderosextremadura\/wp-json\/wp\/v2\/comments?post=1110"}],"version-history":[{"count":0,"href":"https:\/\/blogs.hoy.es\/senderosextremadura\/wp-json\/wp\/v2\/posts\/1110\/revisions"}],"wp:attachment":[{"href":"https:\/\/blogs.hoy.es\/senderosextremadura\/wp-json\/wp\/v2\/media?parent=1110"}],"wp:term":[{"taxonomy":"category","embeddable":true,"href":"https:\/\/blogs.hoy.es\/senderosextremadura\/wp-json\/wp\/v2\/categories?post=1110"},{"taxonomy":"post_tag","embeddable":true,"href":"https:\/\/blogs.hoy.es\/senderosextremadura\/wp-json\/wp\/v2\/tags?post=1110"}],"curies":[{"name":"wp","href":"https:\/\/api.w.org\/{rel}","templated":true}]}}