{"id":1113,"date":"2013-01-07T11:48:18","date_gmt":"2013-01-07T11:48:18","guid":{"rendered":"http:\/\/blogs.hoy.es\/senderosextremadura\/?p=1113"},"modified":"2013-01-07T11:48:18","modified_gmt":"2013-01-07T11:48:18","slug":"xalima-caminara-desde-alcantara-a-estorninos-27-de-enero","status":"publish","type":"post","link":"https:\/\/blogs.hoy.es\/senderosextremadura\/2013\/01\/07\/xalima-caminara-desde-alcantara-a-estorninos-27-de-enero\/","title":{"rendered":"Xalima caminar\u00e1 desde Alc\u00e1ntara a Estorninos (27 de enero)"},"content":{"rendered":"<div id=\"story-texto\">\n<div id=\"attachment_1115\" style=\"width: 235px\" class=\"wp-caption alignright\"><a href=\"https:\/\/blogs.hoy.es\/senderosextremadura\/2013\/01\/07\/xalima-caminara-desde-alcantara-a-estorninos-27-de-enero\/alcantaras-2\/\" rel=\"attachment wp-att-1115\"><img aria-describedby=\"caption-attachment-1115\" loading=\"lazy\" class=\"size-medium wp-image-1115\" title=\"Puente Romano de Alc\u00e1ntara. \/ A.MURILLO\" src=\"\/senderosextremadura\/wp-content\/uploads\/sites\/22\/2013\/01\/alcantaras1.jpg\" alt=\"Puente Romano de Alc\u00e1ntara. \/ A.MURILLO\" width=\"225\" height=\"300\" srcset=\"https:\/\/static-blogs.hoy.es\/wp-content\/uploads\/sites\/22\/2013\/01\/alcantaras1.jpg 720w, https:\/\/static-blogs.hoy.es\/wp-content\/uploads\/sites\/22\/2013\/01\/alcantaras1-225x300.jpg 225w, https:\/\/static-blogs.hoy.es\/wp-content\/uploads\/sites\/22\/2013\/01\/alcantaras1-600x800.jpg 600w\" sizes=\"(max-width: 225px) 100vw, 225px\" \/><\/a><p id=\"caption-attachment-1115\" class=\"wp-caption-text\">Puente Romano de Alc\u00e1ntara. \/ A.MURILLO<\/p><\/div>\n<p>La <strong>asociaci\u00f3n de monta\u00f1a Xalima<\/strong> llevar\u00e1 a cabo una ruta de senderismo que saldr\u00e1 de <strong>Alc\u00e1ntara y pasar\u00e1 por Estorninos,<\/strong>retornando de nuevo a la localidad de Alc\u00e1ntara, el pr\u00f3ximo d\u00eda 27 de enero.<\/p>\n<div>La salida tendr\u00e1 lugar a partir de las 8.00 horas, desde la avenida de Extremadura, n\u00famero 10, de <strong>Moraleja<\/strong>. La dificultad de la misma ser\u00e1 moderada, con un desnivel positivo de 420 metros, un desnivel negativo de 418 metros, una altura m\u00e1xima de 410 metros y una altura m\u00ednima de 137 metros. Contar\u00e1 con una longitud de 18 kil\u00f3metros aproximadamente y una duraci\u00f3n de unas cinco horas.<\/div>\n<div>Las inscripciones se realizar\u00e1n en lencer\u00eda Maxi Solana de Moraleja, hasta el d\u00eda 24 de enero. Ser\u00e1 gratuita para los socios, y para los no socios el precio ser\u00e1 de 10 euros, mientras que los federados pagar\u00e1n dos euros menos.<\/div>\n<\/div>\n<!-- AddThis Advanced Settings generic via filter on the_content --><!-- AddThis Share Buttons generic via filter on the_content -->","protected":false},"excerpt":{"rendered":"<p>La asociaci\u00f3n de monta\u00f1a Xalima llevar\u00e1 a cabo una ruta de senderismo que saldr\u00e1 de Alc\u00e1ntara y pasar\u00e1 por Estorninos,retornando de nuevo a la localidad de Alc\u00e1ntara, el pr\u00f3ximo d\u00eda 27 de enero. La salida tendr\u00e1 lugar a partir de las 8.00 horas, desde la avenida de Extremadura, n\u00famero 10, de Moraleja. La dificultad de [&hellip;]<!-- AddThis Advanced Settings generic via filter on get_the_excerpt --><!-- AddThis Share Buttons generic via filter on get_the_excerpt --><\/p>\n","protected":false},"author":27,"featured_media":0,"comment_status":"open","ping_status":"closed","sticky":false,"template":"","format":"standard","meta":[],"categories":[4],"tags":[23,121,301,538,836,873,917],"_links":{"self":[{"href":"https:\/\/blogs.hoy.es\/senderosextremadura\/wp-json\/wp\/v2\/posts\/1113"}],"collection":[{"href":"https:\/\/blogs.hoy.es\/senderosextremadura\/wp-json\/wp\/v2\/posts"}],"about":[{"href":"https:\/\/blogs.hoy.es\/senderosextremadura\/wp-json\/wp\/v2\/types\/post"}],"author":[{"embeddable":true,"href":"https:\/\/blogs.hoy.es\/senderosextremadura\/wp-json\/wp\/v2\/users\/27"}],"replies":[{"embeddable":true,"href":"https:\/\/blogs.hoy.es\/senderosextremadura\/wp-json\/wp\/v2\/comments?post=1113"}],"version-history":[{"count":0,"href":"https:\/\/blogs.hoy.es\/senderosextremadura\/wp-json\/wp\/v2\/posts\/1113\/revisions"}],"wp:attachment":[{"href":"https:\/\/blogs.hoy.es\/senderosextremadura\/wp-json\/wp\/v2\/media?parent=1113"}],"wp:term":[{"taxonomy":"category","embeddable":true,"href":"https:\/\/blogs.hoy.es\/senderosextremadura\/wp-json\/wp\/v2\/categories?post=1113"},{"taxonomy":"post_tag","embeddable":true,"href":"https:\/\/blogs.hoy.es\/senderosextremadura\/wp-json\/wp\/v2\/tags?post=1113"}],"curies":[{"name":"wp","href":"https:\/\/api.w.org\/{rel}","templated":true}]}}