{"id":1120,"date":"2013-01-09T17:43:16","date_gmt":"2013-01-09T17:43:16","guid":{"rendered":"http:\/\/blogs.hoy.es\/senderosextremadura\/?p=1120"},"modified":"2013-01-09T17:43:16","modified_gmt":"2013-01-09T17:43:16","slug":"calendario-para-2013-de-senderismo-almoharin","status":"publish","type":"post","link":"https:\/\/blogs.hoy.es\/senderosextremadura\/2013\/01\/09\/calendario-para-2013-de-senderismo-almoharin\/","title":{"rendered":"Calendario para 2013 de Senderismo Almohar\u00edn"},"content":{"rendered":"<p><span style=\"font-size: medium;\"><a href=\"https:\/\/blogs.hoy.es\/senderosextremadura\/2013\/01\/09\/calendario-para-2013-de-senderismo-almoharin\/foto-almo\/\" rel=\"attachment wp-att-1125\"><img loading=\"lazy\" class=\"alignright size-medium wp-image-1125\" title=\"Imagen de la Ruta del Garbanzo 2012. \/ A.M.\" src=\"\/senderosextremadura\/wp-content\/uploads\/sites\/22\/2013\/01\/foto-almo.jpg\" alt=\"\" width=\"300\" height=\"225\" srcset=\"https:\/\/static-blogs.hoy.es\/wp-content\/uploads\/sites\/22\/2013\/01\/foto-almo.jpg 760w, https:\/\/static-blogs.hoy.es\/wp-content\/uploads\/sites\/22\/2013\/01\/foto-almo-300x225.jpg 300w, https:\/\/static-blogs.hoy.es\/wp-content\/uploads\/sites\/22\/2013\/01\/foto-almo-600x450.jpg 600w\" sizes=\"(max-width: 300px) 100vw, 300px\" \/><\/a>Compartimos con vosotros el calendario para 2o13 de la <strong>Asociaci\u00f3n Senderista de Almohar\u00edn<\/strong>. El club es conocido en la regi\u00f3n por su buena organizaci\u00f3n de la <a href=\"http:\/\/www.hoy.es\/multimedia\/fotos\/ultimos\/97397-ruta-sierra-almoharin-0.html\" target=\"_blank\" rel=\"external nofollow\"><strong>Ruta del Garbanzo<\/strong><\/a>, una marcha que recorre el entorno del municipio cacere\u00f1o mundialmente conocido por la calidad de sus higos.<\/span><\/p>\n<table width=\"497\">\n<tbody>\n<tr valign=\"top\">\n<td height=\"19\"><strong>FECHA<\/strong>&nbsp;<\/p>\n<p>3-01<\/td>\n<td><strong>RUTA<\/strong>&nbsp;<\/p>\n<p>LA HOYA \u2013 PILAR M.MORENO<\/td>\n<td><strong>DIFICULTAD<\/strong><br \/>\nBAJA<\/td>\n<td><strong>TRANSPORTE<\/strong>&nbsp;<\/p>\n<p>Pie<\/td>\n<td colspan=\"4\"><\/td>\n<\/tr>\n<tr valign=\"top\">\n<td height=\"19\">20-01<\/td>\n<td>BENQUERENCIA &#8211; BOTIJA<\/td>\n<td>B<\/td>\n<td>Coche<\/td>\n<td colspan=\"4\"><\/td>\n<\/tr>\n<tr valign=\"top\">\n<td height=\"19\">27-01<\/td>\n<td>LOS CANCHOS<\/td>\n<td>B<\/td>\n<td>Pie<\/td>\n<td colspan=\"4\"><\/td>\n<\/tr>\n<tr valign=\"top\">\n<td height=\"19\">03-02<\/td>\n<td>CARLOS V (Jarandilla-Yuste) (Org.)<\/td>\n<td>B<\/td>\n<td>Autob\u00fas<\/td>\n<td colspan=\"4\"><\/td>\n<\/tr>\n<tr valign=\"top\">\n<td height=\"19\"><\/td>\n<td><\/td>\n<td><\/td>\n<td><\/td>\n<td colspan=\"4\"><\/td>\n<\/tr>\n<tr valign=\"top\">\n<td height=\"19\">17-02<\/td>\n<td>LOS MOLINOS ARROYOMOLINOS<\/td>\n<td>M<\/td>\n<td>Coche<\/td>\n<td colspan=\"4\"><\/td>\n<\/tr>\n<tr valign=\"top\">\n<td height=\"19\">24-02<\/td>\n<td>ZARZA DE MONT\u00c1NCHEZ<\/td>\n<td>M-B<\/td>\n<td>Coche<\/td>\n<td colspan=\"4\"><\/td>\n<\/tr>\n<tr valign=\"top\">\n<td height=\"19\">03-03<\/td>\n<td>LA ZARZA (Piedras Blancas) (Org.)<\/td>\n<td>M<\/td>\n<td>Autob\u00fas<\/td>\n<td colspan=\"4\"><\/td>\n<\/tr>\n<tr valign=\"top\">\n<td height=\"19\">10-03<\/td>\n<td>VALDEFUENTES (Feria del Queso)<\/td>\n<td>B<\/td>\n<td>Coche<\/td>\n<td colspan=\"4\"><\/td>\n<\/tr>\n<tr valign=\"top\">\n<td height=\"19\">17-03<\/td>\n<td>CONVIVENCIA\u00a0 SOPETR\u00c1N<\/td>\n<td>B<\/td>\n<td>Pie<\/td>\n<td colspan=\"3\"><\/td>\n<\/tr>\n<tr valign=\"top\">\n<td height=\"19\">24-03<\/td>\n<td>TORRE Sta. MARIA<\/td>\n<td>M<\/td>\n<td>Coche<\/td>\n<td colspan=\"3\"><\/td>\n<\/tr>\n<tr valign=\"top\">\n<td height=\"19\">30-03<\/td>\n<td>ENCINA TERRONA (Org. Mancomunidad)<\/td>\n<td>B<\/td>\n<td>Coche<\/td>\n<td colspan=\"3\"><\/td>\n<\/tr>\n<tr valign=\"top\">\n<td height=\"19\">07-04<\/td>\n<td>GARGANTA DESCUERNACABRAS (C. Deleitosa)<\/td>\n<td>M<\/td>\n<td>Autob\u00fas<\/td>\n<td colspan=\"3\"><\/td>\n<\/tr>\n<tr valign=\"top\">\n<td height=\"19\">14-04<\/td>\n<td>RUTA DE LOS GARBANZOS\u00a0 (Org.)<\/td>\n<td>M<\/td>\n<td>Pie<\/td>\n<td colspan=\"3\"><\/td>\n<\/tr>\n<tr valign=\"top\">\n<td height=\"19\">21-04<\/td>\n<td>ROBLEDILLO<\/td>\n<td>B<\/td>\n<td>Coche<\/td>\n<td colspan=\"3\"><\/td>\n<\/tr>\n<tr valign=\"top\">\n<td height=\"19\">28-04<\/td>\n<td>MINA JAYONA \u2013 LLERENA (Org.)<\/td>\n<td>M<\/td>\n<td>Autob\u00fas<\/td>\n<td colspan=\"3\"><\/td>\n<\/tr>\n<tr valign=\"top\">\n<td height=\"19\">12-05<\/td>\n<td>ATALAYA \u2013 SIERRA DON JOS\u00c9<\/td>\n<td>B<\/td>\n<td>Pie<\/td>\n<td colspan=\"3\"><\/td>\n<\/tr>\n<tr valign=\"top\">\n<td height=\"19\">19-05<\/td>\n<td>GARCIAZ<\/td>\n<td>M<\/td>\n<td>Autob\u00fas<\/td>\n<td colspan=\"3\"><\/td>\n<\/tr>\n<tr valign=\"top\">\n<td height=\"19\">26-05<\/td>\n<td>LA JARILLA \u2013 HUERTA PELLEJERO (Arroyomolinos)<\/td>\n<td>B<\/td>\n<td>Coche<\/td>\n<td colspan=\"3\"><\/td>\n<\/tr>\n<tr valign=\"top\">\n<td height=\"19\">02-06<\/td>\n<td>OVEJUELA \u2013 ROBLEDILLO DE GATA<\/td>\n<td>M<\/td>\n<td>Autob\u00fas<\/td>\n<td colspan=\"3\"><\/td>\n<\/tr>\n<tr valign=\"top\">\n<td height=\"19\">15-06 (S)<\/td>\n<td>RUTA NOCTURNA<\/td>\n<td>B<\/td>\n<td>Pie<\/td>\n<td colspan=\"3\"><\/td>\n<\/tr>\n<tr valign=\"top\">\n<td height=\"19\">23-06<\/td>\n<td>TORRE Sta. M\u00aa. (Org. Mancomunidad)<\/td>\n<td>\u00a0B<\/td>\n<td>Coche<\/td>\n<td><\/td>\n<td><\/td>\n<td colspan=\"2\"><\/td>\n<\/tr>\n<tr valign=\"top\">\n<td height=\"19\">29-06 (S)<\/td>\n<td>RUTA NOCTURNA<\/td>\n<td>B<\/td>\n<td>Pie<\/td>\n<td colspan=\"3\"><\/td>\n<\/tr>\n<tr valign=\"top\">\n<td height=\"19\">07-07<\/td>\n<td>DIA DE PLAYA<\/td>\n<td>B<\/td>\n<td>Autob\u00fas<\/td>\n<td colspan=\"3\"><\/td>\n<\/tr>\n<tr valign=\"top\">\n<td height=\"19\">21-07<\/td>\n<td>GARGANTA CUARTOS LOSAR DE LA VERA<\/td>\n<td>B<\/td>\n<td>Autob\u00fas<\/td>\n<td colspan=\"3\"><\/td>\n<\/tr>\n<\/tbody>\n<\/table>\n<p>Para m\u00e1s informaci\u00f3 contactar con el club en <a href=\"mailto:senderismoalmojarin@hotmail.com\" target=\"_blank\">senderismoalmojarin@hotmail.<wbr>com<\/wbr><\/a><\/p>\n<!-- AddThis Advanced Settings generic via filter on the_content --><!-- AddThis Share Buttons generic via filter on the_content -->","protected":false},"excerpt":{"rendered":"<p>Compartimos con vosotros el calendario para 2o13 de la Asociaci\u00f3n Senderista de Almohar\u00edn. El club es conocido en la regi\u00f3n por su buena organizaci\u00f3n de la Ruta del Garbanzo, una marcha que recorre el entorno del municipio cacere\u00f1o mundialmente conocido por la calidad de sus higos. FECHA&nbsp; 3-01 RUTA&nbsp; LA HOYA \u2013 PILAR M.MORENO DIFICULTAD [&hellip;]<!-- AddThis Advanced Settings generic via filter on get_the_excerpt --><!-- AddThis Share Buttons generic via filter on get_the_excerpt --><\/p>\n","protected":false},"author":27,"featured_media":0,"comment_status":"open","ping_status":"closed","sticky":false,"template":"","format":"standard","meta":[],"categories":[4],"tags":[],"_links":{"self":[{"href":"https:\/\/blogs.hoy.es\/senderosextremadura\/wp-json\/wp\/v2\/posts\/1120"}],"collection":[{"href":"https:\/\/blogs.hoy.es\/senderosextremadura\/wp-json\/wp\/v2\/posts"}],"about":[{"href":"https:\/\/blogs.hoy.es\/senderosextremadura\/wp-json\/wp\/v2\/types\/post"}],"author":[{"embeddable":true,"href":"https:\/\/blogs.hoy.es\/senderosextremadura\/wp-json\/wp\/v2\/users\/27"}],"replies":[{"embeddable":true,"href":"https:\/\/blogs.hoy.es\/senderosextremadura\/wp-json\/wp\/v2\/comments?post=1120"}],"version-history":[{"count":0,"href":"https:\/\/blogs.hoy.es\/senderosextremadura\/wp-json\/wp\/v2\/posts\/1120\/revisions"}],"wp:attachment":[{"href":"https:\/\/blogs.hoy.es\/senderosextremadura\/wp-json\/wp\/v2\/media?parent=1120"}],"wp:term":[{"taxonomy":"category","embeddable":true,"href":"https:\/\/blogs.hoy.es\/senderosextremadura\/wp-json\/wp\/v2\/categories?post=1120"},{"taxonomy":"post_tag","embeddable":true,"href":"https:\/\/blogs.hoy.es\/senderosextremadura\/wp-json\/wp\/v2\/tags?post=1120"}],"curies":[{"name":"wp","href":"https:\/\/api.w.org\/{rel}","templated":true}]}}