{"id":1122,"date":"2013-01-10T11:10:40","date_gmt":"2013-01-10T11:10:40","guid":{"rendered":"http:\/\/blogs.hoy.es\/senderosextremadura\/?p=1122"},"modified":"2013-01-10T11:10:40","modified_gmt":"2013-01-10T11:10:40","slug":"geografica-te-lleva-hasta-la-ermita-del-barbon-27-de-enero","status":"publish","type":"post","link":"https:\/\/blogs.hoy.es\/senderosextremadura\/2013\/01\/10\/geografica-te-lleva-hasta-la-ermita-del-barbon-27-de-enero\/","title":{"rendered":"Geogr\u00e1fica te lleva hasta la ermita del Barb\u00f3n (27 de enero)"},"content":{"rendered":"<p><a href=\"https:\/\/blogs.hoy.es\/senderosextremadura\/2013\/01\/10\/geografica-te-lleva-hasta-la-ermita-del-barbon-27-de-enero\/530503_10151330252366030_348668350_n-2\/\" rel=\"attachment wp-att-1124\"><img loading=\"lazy\" class=\"alignright size-medium wp-image-1124\" title=\"Cartel de la ruta\" src=\"\/senderosextremadura\/wp-content\/uploads\/sites\/22\/2013\/01\/530503_10151330252366030_348668350_n-2.jpg\" alt=\"\" width=\"225\" height=\"300\" srcset=\"https:\/\/static-blogs.hoy.es\/wp-content\/uploads\/sites\/22\/2013\/01\/530503_10151330252366030_348668350_n-2.jpg 600w, https:\/\/static-blogs.hoy.es\/wp-content\/uploads\/sites\/22\/2013\/01\/530503_10151330252366030_348668350_n-2-225x300.jpg 225w\" sizes=\"(max-width: 225px) 100vw, 225px\" \/><\/a>Arranca el calendario de actividades de <strong><a href=\"http:\/\/www.asociaciongeografica.com\/\" target=\"_blank\" rel=\"external nofollow\">Geogr\u00e1fica<\/a><\/strong> para 2013. Las estribaciones m\u00e1s occidentales de Extremadura nos regala una atractiva senda que transcurre por uno de los conjuntos de d\u00f3lmenes m\u00e1s importante del planeta. Pinos, casta\u00f1os y encinas, ser\u00e1n las encargadas de velar por la continuidad de nuestra huella en el camino, donde nos encontraremos\u00a0con los restos de la Ermita de Barb\u00f3n, entre la Sierra de San Pedro y Los Bald\u00edos. Monumentos arqueol\u00f3gicos y naturales es todo cuanto Geogr\u00e1fica tiene reservado en su pr\u00f3xima experiencia. \u00bfTe lo vas a perder?<\/p>\n<p>Dificultad: Baja.<br \/>\nDistancia: 15,2 kil\u00f3metros.<br \/>\nPrecio: 20 euros. *Socios Gratis.<\/p>\n<p>INCLUYE: Autob\u00fas (Ida y Vuelta), Monitores titulados, Int\u00e9rprete de Naturaleza y Seguros (RC y SOV).<\/p>\n<p>AMPL\u00cdA INFORMACI\u00d3N EN: 924 278 561 o\u00a0<a href=\"http:\/\/www.asociaciongeografica.com\/\" target=\"_blank\" rel=\"external nofollow\">www.asociaciongeografica.com\/<\/a><\/p>\n<p>INSCRIPCIONES:<br \/>\n&#8211; Asociaci\u00f3n Geogr\u00e1fica. C\/ Nevero Doce, 15.<br \/>\n&#8211; El Caballo. Avda. de Col\u00f3n, 2.<br \/>\n&#8211; Autoservicios Jimenez. Avda. Sinforiano Madro\u00f1ero, 30.<br \/>\n&#8211; Sprinter. CC. Ronda Norte, \u00a0Badajoz.<\/p>\n<p>&nbsp;<\/p>\n<p>Puedes obtener m\u00e1s informaci\u00f3n en el <strong><a href=\"http:\/\/www.facebook.com\/AsociacionGeografica\" target=\"_blank\" rel=\"external nofollow\">perfil de Facebook de Geogr\u00e1fica<\/a><\/strong><\/p>\n<!-- AddThis Advanced Settings generic via filter on the_content --><!-- AddThis Share Buttons generic via filter on the_content -->","protected":false},"excerpt":{"rendered":"<p>Arranca el calendario de actividades de Geogr\u00e1fica para 2013. Las estribaciones m\u00e1s occidentales de Extremadura nos regala una atractiva senda que transcurre por uno de los conjuntos de d\u00f3lmenes m\u00e1s importante del planeta. Pinos, casta\u00f1os y encinas, ser\u00e1n las encargadas de velar por la continuidad de nuestra huella en el camino, donde nos encontraremos\u00a0con los [&hellip;]<!-- AddThis Advanced Settings generic via filter on get_the_excerpt --><!-- AddThis Share Buttons generic via filter on get_the_excerpt --><\/p>\n","protected":false},"author":27,"featured_media":0,"comment_status":"open","ping_status":"closed","sticky":false,"template":"","format":"standard","meta":[],"categories":[4],"tags":[70,86,90,121,836,906,917,944,1035],"_links":{"self":[{"href":"https:\/\/blogs.hoy.es\/senderosextremadura\/wp-json\/wp\/v2\/posts\/1122"}],"collection":[{"href":"https:\/\/blogs.hoy.es\/senderosextremadura\/wp-json\/wp\/v2\/posts"}],"about":[{"href":"https:\/\/blogs.hoy.es\/senderosextremadura\/wp-json\/wp\/v2\/types\/post"}],"author":[{"embeddable":true,"href":"https:\/\/blogs.hoy.es\/senderosextremadura\/wp-json\/wp\/v2\/users\/27"}],"replies":[{"embeddable":true,"href":"https:\/\/blogs.hoy.es\/senderosextremadura\/wp-json\/wp\/v2\/comments?post=1122"}],"version-history":[{"count":0,"href":"https:\/\/blogs.hoy.es\/senderosextremadura\/wp-json\/wp\/v2\/posts\/1122\/revisions"}],"wp:attachment":[{"href":"https:\/\/blogs.hoy.es\/senderosextremadura\/wp-json\/wp\/v2\/media?parent=1122"}],"wp:term":[{"taxonomy":"category","embeddable":true,"href":"https:\/\/blogs.hoy.es\/senderosextremadura\/wp-json\/wp\/v2\/categories?post=1122"},{"taxonomy":"post_tag","embeddable":true,"href":"https:\/\/blogs.hoy.es\/senderosextremadura\/wp-json\/wp\/v2\/tags?post=1122"}],"curies":[{"name":"wp","href":"https:\/\/api.w.org\/{rel}","templated":true}]}}