{"id":1126,"date":"2013-01-10T18:35:11","date_gmt":"2013-01-10T18:35:11","guid":{"rendered":"http:\/\/blogs.hoy.es\/senderosextremadura\/?p=1126"},"modified":"2013-01-10T18:35:11","modified_gmt":"2013-01-10T18:35:11","slug":"ruta-de-senderismo-los-buitres-20-de-enero","status":"publish","type":"post","link":"https:\/\/blogs.hoy.es\/senderosextremadura\/2013\/01\/10\/ruta-de-senderismo-los-buitres-20-de-enero\/","title":{"rendered":"Ruta de senderismo &#039;Los buitres&#039; (20 de enero)"},"content":{"rendered":"<p><span style=\"font-size: medium;\"><strong><a href=\"https:\/\/blogs.hoy.es\/senderosextremadura\/2013\/01\/10\/ruta-de-senderismo-los-buitres-20-de-enero\/salvaleon\/\" rel=\"attachment wp-att-1127\"><img loading=\"lazy\" class=\"size-medium wp-image-1127 alignright\" title=\"Cartel de la ruta\" src=\"\/senderosextremadura\/wp-content\/uploads\/sites\/22\/2013\/01\/salvaleon.jpg\" alt=\"\" width=\"300\" height=\"211\" srcset=\"https:\/\/static-blogs.hoy.es\/wp-content\/uploads\/sites\/22\/2013\/01\/salvaleon.jpg 960w, https:\/\/static-blogs.hoy.es\/wp-content\/uploads\/sites\/22\/2013\/01\/salvaleon-300x212.jpg 300w, https:\/\/static-blogs.hoy.es\/wp-content\/uploads\/sites\/22\/2013\/01\/salvaleon-768x542.jpg 768w, https:\/\/static-blogs.hoy.es\/wp-content\/uploads\/sites\/22\/2013\/01\/salvaleon-600x424.jpg 600w\" sizes=\"(max-width: 300px) 100vw, 300px\" \/><\/a>Senderismo Salvale\u00f3n<\/strong> ha programado para el domingo 20 de enero la ruta de &#8216;Los buitres&#8217;. Os dejamos el cartel\u00a0y en breve ampliaremos la informaci\u00f3n de la marcha. La ruta tiene dificultad media y se recorrer\u00e1n 21 kil\u00f3metros. Al final de la misma se degustar\u00e1 jam\u00f3n, producto estrella de esta zona de la provincia de Badajoz.<\/span><\/p>\n<p>&nbsp;<\/p>\n<!-- AddThis Advanced Settings generic via filter on the_content --><!-- AddThis Share Buttons generic via filter on the_content -->","protected":false},"excerpt":{"rendered":"<p>Senderismo Salvale\u00f3n ha programado para el domingo 20 de enero la ruta de &#8216;Los buitres&#8217;. Os dejamos el cartel\u00a0y en breve ampliaremos la informaci\u00f3n de la marcha. La ruta tiene dificultad media y se recorrer\u00e1n 21 kil\u00f3metros. Al final de la misma se degustar\u00e1 jam\u00f3n, producto estrella de esta zona de la provincia de Badajoz. [&hellip;]<!-- AddThis Advanced Settings generic via filter on get_the_excerpt --><!-- AddThis Share Buttons generic via filter on get_the_excerpt --><\/p>\n","protected":false},"author":27,"featured_media":0,"comment_status":"open","ping_status":"closed","sticky":false,"template":"","format":"standard","meta":[],"categories":[3],"tags":[301,836,873,884],"_links":{"self":[{"href":"https:\/\/blogs.hoy.es\/senderosextremadura\/wp-json\/wp\/v2\/posts\/1126"}],"collection":[{"href":"https:\/\/blogs.hoy.es\/senderosextremadura\/wp-json\/wp\/v2\/posts"}],"about":[{"href":"https:\/\/blogs.hoy.es\/senderosextremadura\/wp-json\/wp\/v2\/types\/post"}],"author":[{"embeddable":true,"href":"https:\/\/blogs.hoy.es\/senderosextremadura\/wp-json\/wp\/v2\/users\/27"}],"replies":[{"embeddable":true,"href":"https:\/\/blogs.hoy.es\/senderosextremadura\/wp-json\/wp\/v2\/comments?post=1126"}],"version-history":[{"count":0,"href":"https:\/\/blogs.hoy.es\/senderosextremadura\/wp-json\/wp\/v2\/posts\/1126\/revisions"}],"wp:attachment":[{"href":"https:\/\/blogs.hoy.es\/senderosextremadura\/wp-json\/wp\/v2\/media?parent=1126"}],"wp:term":[{"taxonomy":"category","embeddable":true,"href":"https:\/\/blogs.hoy.es\/senderosextremadura\/wp-json\/wp\/v2\/categories?post=1126"},{"taxonomy":"post_tag","embeddable":true,"href":"https:\/\/blogs.hoy.es\/senderosextremadura\/wp-json\/wp\/v2\/tags?post=1126"}],"curies":[{"name":"wp","href":"https:\/\/api.w.org\/{rel}","templated":true}]}}