{"id":1129,"date":"2013-01-14T10:01:46","date_gmt":"2013-01-14T10:01:46","guid":{"rendered":"http:\/\/blogs.hoy.es\/senderosextremadura\/?p=1129"},"modified":"2013-01-14T10:01:46","modified_gmt":"2013-01-14T10:01:46","slug":"el-club-del-caminante-empieza-el-ano-con-buen-paso","status":"publish","type":"post","link":"https:\/\/blogs.hoy.es\/senderosextremadura\/2013\/01\/14\/el-club-del-caminante-empieza-el-ano-con-buen-paso\/","title":{"rendered":"El Club del Caminante empieza el a\u00f1o con buen paso"},"content":{"rendered":"<div id=\"attachment_1130\" style=\"width: 310px\" class=\"wp-caption aligncenter\"><a href=\"https:\/\/blogs.hoy.es\/senderosextremadura\/2013\/01\/14\/el-club-del-caminante-empieza-el-ano-con-buen-paso\/ruta-badajoz-elvas\/\" rel=\"attachment wp-att-1130\"><img aria-describedby=\"caption-attachment-1130\" loading=\"lazy\" class=\"size-medium wp-image-1130\" title=\"Imagen de la ruta Badajoz-Elvas. \" src=\"\/senderosextremadura\/wp-content\/uploads\/sites\/22\/2013\/01\/ruta-badajoz-elvas.jpg\" alt=\"Imagen de la ruta Badajoz-Elvas. \" width=\"300\" height=\"212\" srcset=\"https:\/\/static-blogs.hoy.es\/wp-content\/uploads\/sites\/22\/2013\/01\/ruta-badajoz-elvas.jpg 804w, https:\/\/static-blogs.hoy.es\/wp-content\/uploads\/sites\/22\/2013\/01\/ruta-badajoz-elvas-300x213.jpg 300w, https:\/\/static-blogs.hoy.es\/wp-content\/uploads\/sites\/22\/2013\/01\/ruta-badajoz-elvas-768x544.jpg 768w, https:\/\/static-blogs.hoy.es\/wp-content\/uploads\/sites\/22\/2013\/01\/ruta-badajoz-elvas-600x425.jpg 600w\" sizes=\"(max-width: 300px) 100vw, 300px\" \/><\/a><p id=\"caption-attachment-1130\" class=\"wp-caption-text\">Imagen de la ruta Badajoz-Elvas.<\/p><\/div>\n<p><span style=\"font-size: medium;\">El<strong> <a href=\"http:\/\/www.clubcaminantebadajoz.com\/\" rel=\"external nofollow\">Club del Caminante de Badajoz<\/a><\/strong> inici\u00f3 ayer su andadura en 2013 con una ruta cl\u00e1sica que permiti\u00f3 a los participantes caminar <strong>entre Badajoz y Elvas<\/strong>. La salida se realiz\u00f3 a las 8.30 de la ma\u00f1ana desde El Ancla de la avenida de Villanueva y a la invitaci\u00f3n acudi\u00f3 un buen n\u00famero de personas. Desde el club se anima a participar a los pacenses en las rutas que se realizar\u00e1n cada fin de semana del a\u00f1o. Aqu\u00ed pod\u00e9is ver una <a href=\"http:\/\/www.hoy.es\/multimedia\/fotos\/ultimos\/113041-club-caminante-badajoz-inicia-2013-marcha-elvas-0.html\" rel=\"external nofollow\"><strong>GALER\u00cdA con fotos<\/strong><\/a> de la marcha.<\/span><\/p>\n<!-- AddThis Advanced Settings generic via filter on the_content --><!-- AddThis Share Buttons generic via filter on the_content -->","protected":false},"excerpt":{"rendered":"<p>El Club del Caminante de Badajoz inici\u00f3 ayer su andadura en 2013 con una ruta cl\u00e1sica que permiti\u00f3 a los participantes caminar entre Badajoz y Elvas. La salida se realiz\u00f3 a las 8.30 de la ma\u00f1ana desde El Ancla de la avenida de Villanueva y a la invitaci\u00f3n acudi\u00f3 un buen n\u00famero de personas. Desde [&hellip;]<!-- AddThis Advanced Settings generic via filter on get_the_excerpt --><!-- AddThis Share Buttons generic via filter on get_the_excerpt --><\/p>\n","protected":false},"author":27,"featured_media":0,"comment_status":"open","ping_status":"closed","sticky":false,"template":"","format":"standard","meta":[],"categories":[4],"tags":[86,132,277,480,713,836,917,1035],"_links":{"self":[{"href":"https:\/\/blogs.hoy.es\/senderosextremadura\/wp-json\/wp\/v2\/posts\/1129"}],"collection":[{"href":"https:\/\/blogs.hoy.es\/senderosextremadura\/wp-json\/wp\/v2\/posts"}],"about":[{"href":"https:\/\/blogs.hoy.es\/senderosextremadura\/wp-json\/wp\/v2\/types\/post"}],"author":[{"embeddable":true,"href":"https:\/\/blogs.hoy.es\/senderosextremadura\/wp-json\/wp\/v2\/users\/27"}],"replies":[{"embeddable":true,"href":"https:\/\/blogs.hoy.es\/senderosextremadura\/wp-json\/wp\/v2\/comments?post=1129"}],"version-history":[{"count":0,"href":"https:\/\/blogs.hoy.es\/senderosextremadura\/wp-json\/wp\/v2\/posts\/1129\/revisions"}],"wp:attachment":[{"href":"https:\/\/blogs.hoy.es\/senderosextremadura\/wp-json\/wp\/v2\/media?parent=1129"}],"wp:term":[{"taxonomy":"category","embeddable":true,"href":"https:\/\/blogs.hoy.es\/senderosextremadura\/wp-json\/wp\/v2\/categories?post=1129"},{"taxonomy":"post_tag","embeddable":true,"href":"https:\/\/blogs.hoy.es\/senderosextremadura\/wp-json\/wp\/v2\/tags?post=1129"}],"curies":[{"name":"wp","href":"https:\/\/api.w.org\/{rel}","templated":true}]}}