{"id":1132,"date":"2013-01-14T10:37:30","date_gmt":"2013-01-14T10:37:30","guid":{"rendered":"http:\/\/blogs.hoy.es\/senderosextremadura\/?p=1132"},"modified":"2013-01-14T10:37:30","modified_gmt":"2013-01-14T10:37:30","slug":"ruta-senderista-por-aliseda-3-de-febrero","status":"publish","type":"post","link":"https:\/\/blogs.hoy.es\/senderosextremadura\/2013\/01\/14\/ruta-senderista-por-aliseda-3-de-febrero\/","title":{"rendered":"Ruta senderista por Aliseda (3 de febrero)"},"content":{"rendered":"<ul>\n<li>El albergue<strong> <\/strong><strong>El Pericuto de Aliseda<\/strong> organiza una ruta senderista que tendr\u00e1 lugar el pr\u00f3ximo 3 de <a href=\"https:\/\/blogs.hoy.es\/senderosextremadura\/2013\/01\/14\/ruta-senderista-por-aliseda-3-de-febrero\/aliseda-2\/\" rel=\"attachment wp-att-1135\"><img loading=\"lazy\" class=\"alignright size-medium wp-image-1135\" title=\"ALISEDA\" src=\"\/senderosextremadura\/wp-content\/uploads\/sites\/22\/2013\/01\/ALISEDA1.jpg\" alt=\"\" width=\"300\" height=\"190\" srcset=\"https:\/\/static-blogs.hoy.es\/wp-content\/uploads\/sites\/22\/2013\/01\/ALISEDA1.jpg 360w, https:\/\/static-blogs.hoy.es\/wp-content\/uploads\/sites\/22\/2013\/01\/ALISEDA1-300x191.jpg 300w\" sizes=\"(max-width: 300px) 100vw, 300px\" \/><\/a>febrero. La actividad comenzar\u00e1 a las 9.30 con un desayuno en grupo. La marcha partir\u00e1 desde el albergue y recorrer\u00e1 15 kil\u00f3metros de dificultad baja. El precio es de cinco euros e incluye seguro, gu\u00eda, material, desayuno, y sorteo de regalos.<\/li>\n<\/ul>\n<p><strong>Para incribirse contactar con los organizadores e: <\/strong><\/p>\n<p><a href=\"mailto:info@elpericuto.com\" target=\"_blank\"><strong>info@elpericuto.com<\/strong><\/a><\/p>\n<p>927.240.501<\/p>\n<p>&nbsp;<\/p>\n<div id=\"attachment_1163\" style=\"width: 400px\" class=\"wp-caption aligncenter\"><a href=\"https:\/\/blogs.hoy.es\/senderosextremadura\/2013\/01\/14\/ruta-senderista-por-aliseda-3-de-febrero\/alisedasss\/\" rel=\"attachment wp-att-1163\"><img aria-describedby=\"caption-attachment-1163\" loading=\"lazy\" class=\"size-full wp-image-1163\" title=\"Instalaciones del albuergue El Pericuto, organizador de la marcha\" src=\"\/senderosextremadura\/wp-content\/uploads\/sites\/22\/2013\/01\/alisedasss.jpg\" alt=\"Instalaciones del albuergue El Pericuto, organizador de la marcha\" width=\"390\" height=\"180\" srcset=\"https:\/\/static-blogs.hoy.es\/wp-content\/uploads\/sites\/22\/2013\/01\/alisedasss.jpg 390w, https:\/\/static-blogs.hoy.es\/wp-content\/uploads\/sites\/22\/2013\/01\/alisedasss-300x138.jpg 300w\" sizes=\"(max-width: 390px) 100vw, 390px\" \/><\/a><p id=\"caption-attachment-1163\" class=\"wp-caption-text\">Instalaciones del albuergue El Pericuto, organizador de la marcha<\/p><\/div>\n<p>&nbsp;<\/p>\n<p><strong>RUTAS DE SENDERISMO POR ALISEDA<\/strong><\/p>\n<ul>\n<li><a href=\"http:\/\/www.aliseda.es\/index.php\/mod.menus\/mem.detalle\/idmenu.1100\/chk.ce811cd1c63c4a9f36c18957bb4f6a8b.html\" rel=\"external nofollow\">Ruta La Charca de Aceitunilla<\/a><\/li>\n<\/ul>\n<ul>\n<li><a href=\"http:\/\/www.aliseda.es\/index.php\/mod.menus\/mem.detalle\/idmenu.1101\/chk.ee595b4946e15bc7432b0e121c78b347.html\" rel=\"external nofollow\">Ruta La Berrea<\/a><\/li>\n<\/ul>\n<ul>\n<li><a href=\"http:\/\/www.aliseda.es\/index.php\/mod.menus\/mem.detalle\/idmenu.1085\/chk.76f340a69113411dbff6abbeb393b949.html\" rel=\"external nofollow\">Ruta de la Virgen o Cordel de Azagala<\/a><\/li>\n<\/ul>\n<ul>\n<li><a href=\"http:\/\/www.aliseda.es\/index.php\/mod.menus\/mem.detalle\/idmenu.1086\/chk.94f09192a551328fac0fc2bfe80a1880.html\" rel=\"external nofollow\">Ruta Sierra del Aljibe<\/a><\/li>\n<\/ul>\n<ul>\n<li><a href=\"http:\/\/www.aliseda.es\/index.php\/mod.menus\/mem.detalle\/idmenu.1087\/chk.b04c1ecfa54dfa470351cc48fad8ef73.html\" rel=\"external nofollow\">Ruta Cancho la Plata<\/a><\/li>\n<\/ul>\n<ul>\n<li><a href=\"http:\/\/www.aliseda.es\/index.php\/mod.menus\/mem.detalle\/idmenu.1088\/chk.4f777cd7465f7f2634330d7ab17fe9d1.html\" rel=\"external nofollow\">Ruta de Valdelasmanos<\/a><\/li>\n<\/ul>\n<ul>\n<li><a href=\"http:\/\/www.aliseda.es\/index.php\/mod.menus\/mem.detalle\/idmenu.1089\/chk.93f9ee2804deca57a712081461c21100.html\" rel=\"external nofollow\">Ruta del Puente de Hierro<\/a><\/li>\n<\/ul>\n<ul>\n<li><a href=\"http:\/\/www.aliseda.es\/index.php\/mod.menus\/mem.detalle\/idmenu.1090\/chk.2ac3a7f0215669369683a2a19a58d09a.html\" rel=\"external nofollow\">Ruta de las Tumbas de los Moros<\/a><\/li>\n<li><a href=\"http:\/\/www.aliseda.es\/index.php\/mod.menus\/mem.detalle\/idmenu.1091\/chk.57314cdb02c68473f1316dedfff7a87a.html\" rel=\"external nofollow\">Ruta de los Canchos del Muelle<\/a><\/li>\n<\/ul>\n<!-- AddThis Advanced Settings generic via filter on the_content --><!-- AddThis Share Buttons generic via filter on the_content -->","protected":false},"excerpt":{"rendered":"<p>El albergue El Pericuto de Aliseda organiza una ruta senderista que tendr\u00e1 lugar el pr\u00f3ximo 3 de febrero. La actividad comenzar\u00e1 a las 9.30 con un desayuno en grupo. La marcha partir\u00e1 desde el albergue y recorrer\u00e1 15 kil\u00f3metros de dificultad baja. El precio es de cinco euros e incluye seguro, gu\u00eda, material, desayuno, y [&hellip;]<!-- AddThis Advanced Settings generic via filter on get_the_excerpt --><!-- AddThis Share Buttons generic via filter on get_the_excerpt --><\/p>\n","protected":false},"author":27,"featured_media":0,"comment_status":"open","ping_status":"closed","sticky":false,"template":"","format":"standard","meta":[],"categories":[4],"tags":[821,836,917,944],"_links":{"self":[{"href":"https:\/\/blogs.hoy.es\/senderosextremadura\/wp-json\/wp\/v2\/posts\/1132"}],"collection":[{"href":"https:\/\/blogs.hoy.es\/senderosextremadura\/wp-json\/wp\/v2\/posts"}],"about":[{"href":"https:\/\/blogs.hoy.es\/senderosextremadura\/wp-json\/wp\/v2\/types\/post"}],"author":[{"embeddable":true,"href":"https:\/\/blogs.hoy.es\/senderosextremadura\/wp-json\/wp\/v2\/users\/27"}],"replies":[{"embeddable":true,"href":"https:\/\/blogs.hoy.es\/senderosextremadura\/wp-json\/wp\/v2\/comments?post=1132"}],"version-history":[{"count":0,"href":"https:\/\/blogs.hoy.es\/senderosextremadura\/wp-json\/wp\/v2\/posts\/1132\/revisions"}],"wp:attachment":[{"href":"https:\/\/blogs.hoy.es\/senderosextremadura\/wp-json\/wp\/v2\/media?parent=1132"}],"wp:term":[{"taxonomy":"category","embeddable":true,"href":"https:\/\/blogs.hoy.es\/senderosextremadura\/wp-json\/wp\/v2\/categories?post=1132"},{"taxonomy":"post_tag","embeddable":true,"href":"https:\/\/blogs.hoy.es\/senderosextremadura\/wp-json\/wp\/v2\/tags?post=1132"}],"curies":[{"name":"wp","href":"https:\/\/api.w.org\/{rel}","templated":true}]}}