{"id":1138,"date":"2013-01-27T13:04:27","date_gmt":"2013-01-27T13:04:27","guid":{"rendered":"http:\/\/blogs.hoy.es\/senderosextremadura\/?p=1138"},"modified":"2013-01-27T13:04:27","modified_gmt":"2013-01-27T13:04:27","slug":"300-senderistas-recorreran-el-patrimonio-historico-de-merida","status":"publish","type":"post","link":"https:\/\/blogs.hoy.es\/senderosextremadura\/2013\/01\/27\/300-senderistas-recorreran-el-patrimonio-historico-de-merida\/","title":{"rendered":"300 senderistas recorren el patrimonio hist\u00f3rico de M\u00e9rida (Galer\u00eda)"},"content":{"rendered":"<div id=\"attachment_1196\" style=\"width: 620px\" class=\"wp-caption aligncenter\"><a href=\"https:\/\/blogs.hoy.es\/senderosextremadura\/2013\/01\/27\/300-senderistas-recorreran-el-patrimonio-historico-de-merida\/meris-monumentos\/\" rel=\"attachment wp-att-1196\"><img aria-describedby=\"caption-attachment-1196\" loading=\"lazy\" class=\" wp-image-1196\" title=\"Foto decida por Fefa Corbacho\" src=\"\/senderosextremadura\/wp-content\/uploads\/sites\/22\/2013\/01\/meris-monumentos.jpg\" alt=\"Foto decida por Fefa Corbacho\" width=\"610\" height=\"391\" srcset=\"https:\/\/static-blogs.hoy.es\/wp-content\/uploads\/sites\/22\/2013\/01\/meris-monumentos-300x193.jpg 300w, https:\/\/static-blogs.hoy.es\/wp-content\/uploads\/sites\/22\/2013\/01\/meris-monumentos-768x494.jpg 768w, https:\/\/static-blogs.hoy.es\/wp-content\/uploads\/sites\/22\/2013\/01\/meris-monumentos-600x386.jpg 600w\" sizes=\"(max-width: 610px) 100vw, 610px\" \/><\/a><p id=\"caption-attachment-1196\" class=\"wp-caption-text\">Foto decida por Fefa Corbacho<\/p><\/div>\n<p>Unas <strong>300 personas disfrutaron ayer<\/strong> de una ruta senderista de <strong>16,8 kil\u00f3metros por M\u00e9rida<\/strong>, en la que se mezclaba el deporte, la naturaleza y las visitas al patrimonio hist\u00f3rico de la ciudad.<\/p>\n<p>La\u00a0<a href=\"http:\/\/www.hoy.es\/multimedia\/fotos\/ultimos\/113980-ruta-senderista-patrimonio-historico-merida-0.html\" rel=\"external nofollow\"><strong>III Ruta Monumental Senderista Octavio Augusto de M\u00e9rida<\/strong><\/a> es un itinerario urbano y de baja dificultad, donde los participantes recorrieron los monumentos m\u00e1s emblem\u00e1ticos de la ciudad.<\/p>\n<p>Entre el grupo de participantes se encontraban senderista de la asociaci\u00f3n <strong>Pata de Buey de Alange<\/strong>. Fefa Corbacho nos ha cedido las fotos para la galer\u00eda.<\/p>\n<p>&nbsp;<\/p>\n<p><strong><a href=\"http:\/\/www.hoy.es\/multimedia\/fotos\/ultimos\/113980-ruta-senderista-patrimonio-historico-merida-0.html\" rel=\"external nofollow\">GALER\u00cdA DE FOTOS<\/a><\/strong><\/p>\n<p>&nbsp;<\/p>\n<!-- AddThis Advanced Settings generic via filter on the_content --><!-- AddThis Share Buttons generic via filter on the_content -->","protected":false},"excerpt":{"rendered":"<p>Unas 300 personas disfrutaron ayer de una ruta senderista de 16,8 kil\u00f3metros por M\u00e9rida, en la que se mezclaba el deporte, la naturaleza y las visitas al patrimonio hist\u00f3rico de la ciudad. La\u00a0III Ruta Monumental Senderista Octavio Augusto de M\u00e9rida es un itinerario urbano y de baja dificultad, donde los participantes recorrieron los monumentos m\u00e1s [&hellip;]<!-- AddThis Advanced Settings generic via filter on get_the_excerpt --><!-- AddThis Share Buttons generic via filter on get_the_excerpt --><\/p>\n","protected":false},"author":27,"featured_media":0,"comment_status":"open","ping_status":"closed","sticky":false,"template":"","format":"standard","meta":[],"categories":[4],"tags":[],"_links":{"self":[{"href":"https:\/\/blogs.hoy.es\/senderosextremadura\/wp-json\/wp\/v2\/posts\/1138"}],"collection":[{"href":"https:\/\/blogs.hoy.es\/senderosextremadura\/wp-json\/wp\/v2\/posts"}],"about":[{"href":"https:\/\/blogs.hoy.es\/senderosextremadura\/wp-json\/wp\/v2\/types\/post"}],"author":[{"embeddable":true,"href":"https:\/\/blogs.hoy.es\/senderosextremadura\/wp-json\/wp\/v2\/users\/27"}],"replies":[{"embeddable":true,"href":"https:\/\/blogs.hoy.es\/senderosextremadura\/wp-json\/wp\/v2\/comments?post=1138"}],"version-history":[{"count":0,"href":"https:\/\/blogs.hoy.es\/senderosextremadura\/wp-json\/wp\/v2\/posts\/1138\/revisions"}],"wp:attachment":[{"href":"https:\/\/blogs.hoy.es\/senderosextremadura\/wp-json\/wp\/v2\/media?parent=1138"}],"wp:term":[{"taxonomy":"category","embeddable":true,"href":"https:\/\/blogs.hoy.es\/senderosextremadura\/wp-json\/wp\/v2\/categories?post=1138"},{"taxonomy":"post_tag","embeddable":true,"href":"https:\/\/blogs.hoy.es\/senderosextremadura\/wp-json\/wp\/v2\/tags?post=1138"}],"curies":[{"name":"wp","href":"https:\/\/api.w.org\/{rel}","templated":true}]}}