{"id":1141,"date":"2013-01-16T11:05:30","date_gmt":"2013-01-16T11:05:30","guid":{"rendered":"http:\/\/blogs.hoy.es\/senderosextremadura\/?p=1141"},"modified":"2013-01-16T11:05:30","modified_gmt":"2013-01-16T11:05:30","slug":"de-guarena-a-san-pedro-20-de-enero","status":"publish","type":"post","link":"https:\/\/blogs.hoy.es\/senderosextremadura\/2013\/01\/16\/de-guarena-a-san-pedro-20-de-enero\/","title":{"rendered":"De Guare\u00f1a a San Pedro (20 de enero)"},"content":{"rendered":"<p><a href=\"http:\/\/clubdesendederismovaldearenales.blogspot.com.es\/\" target=\"_blank\" rel=\"external nofollow\"><strong>Senderismo Valdearenales<\/strong><\/a> (Guare\u00f1a) ha programado una marcha para el pr\u00f3ximo <strong>20 de enero.<\/strong> La ruta, de 16 kil\u00f3metros y dificultad baja, partir\u00e1 a las nueve de la ma\u00f1ana del <strong>Centro Sociocultural San Gin\u00e9s<\/strong>. Desde ah\u00ed los cominantes emprender\u00e1n el sendero por la carretera de la Estaci\u00f3n, cruzar\u00e1n por la v\u00eda f\u00e9rrea por la alcantarilla y despu\u00e9s girar\u00e1n a la izquierda y proseguir\u00e1n por la <strong>Colada del Camino San Pedro<\/strong>, pasando por los parajes de la dehesa de Guare\u00f1a, Casa del Bujero y Alberquilla. Llegar\u00e1n a la Quebrada de San Juli\u00e1n y despu\u00e9s de cruzarla continuar\u00e1n\u00a0 esta por los parajes de Santa Ana y la Malva, llegando al r\u00edo Guad\u00edana el cual cruzamos por un gran baden. Desde este punto entramos en el t\u00e9rmino de San Pedro de M\u00e9rida y pasamos por debajo de la autov\u00eda, siguiendo por una pista asfaltada se llega a San Pedro.<\/p>\n<p>&nbsp;<\/p>\n<p>M\u00c1S INFORMACI\u00d3N EN<\/p>\n<p><a href=\"http:\/\/clubdesendederismovaldearenales.blogspot.com.es\/\" target=\"_blank\" rel=\"external nofollow\"><strong>http:\/\/clubdesendederismovaldearenales.blogspot.com.es\/<\/strong><\/a><\/p>\n<!-- AddThis Advanced Settings generic via filter on the_content --><!-- AddThis Share Buttons generic via filter on the_content -->","protected":false},"excerpt":{"rendered":"<p>Senderismo Valdearenales (Guare\u00f1a) ha programado una marcha para el pr\u00f3ximo 20 de enero. La ruta, de 16 kil\u00f3metros y dificultad baja, partir\u00e1 a las nueve de la ma\u00f1ana del Centro Sociocultural San Gin\u00e9s. Desde ah\u00ed los cominantes emprender\u00e1n el sendero por la carretera de la Estaci\u00f3n, cruzar\u00e1n por la v\u00eda f\u00e9rrea por la alcantarilla y [&hellip;]<!-- AddThis Advanced Settings generic via filter on get_the_excerpt --><!-- AddThis Share Buttons generic via filter on get_the_excerpt --><\/p>\n","protected":false},"author":27,"featured_media":0,"comment_status":"open","ping_status":"closed","sticky":false,"template":"","format":"standard","meta":[],"categories":[4],"tags":[86,121,301,836,910,917,944,1035],"_links":{"self":[{"href":"https:\/\/blogs.hoy.es\/senderosextremadura\/wp-json\/wp\/v2\/posts\/1141"}],"collection":[{"href":"https:\/\/blogs.hoy.es\/senderosextremadura\/wp-json\/wp\/v2\/posts"}],"about":[{"href":"https:\/\/blogs.hoy.es\/senderosextremadura\/wp-json\/wp\/v2\/types\/post"}],"author":[{"embeddable":true,"href":"https:\/\/blogs.hoy.es\/senderosextremadura\/wp-json\/wp\/v2\/users\/27"}],"replies":[{"embeddable":true,"href":"https:\/\/blogs.hoy.es\/senderosextremadura\/wp-json\/wp\/v2\/comments?post=1141"}],"version-history":[{"count":0,"href":"https:\/\/blogs.hoy.es\/senderosextremadura\/wp-json\/wp\/v2\/posts\/1141\/revisions"}],"wp:attachment":[{"href":"https:\/\/blogs.hoy.es\/senderosextremadura\/wp-json\/wp\/v2\/media?parent=1141"}],"wp:term":[{"taxonomy":"category","embeddable":true,"href":"https:\/\/blogs.hoy.es\/senderosextremadura\/wp-json\/wp\/v2\/categories?post=1141"},{"taxonomy":"post_tag","embeddable":true,"href":"https:\/\/blogs.hoy.es\/senderosextremadura\/wp-json\/wp\/v2\/tags?post=1141"}],"curies":[{"name":"wp","href":"https:\/\/api.w.org\/{rel}","templated":true}]}}