{"id":1143,"date":"2013-01-17T10:59:15","date_gmt":"2013-01-17T10:59:15","guid":{"rendered":"http:\/\/blogs.hoy.es\/senderosextremadura\/?p=1143"},"modified":"2013-01-17T10:59:15","modified_gmt":"2013-01-17T10:59:15","slug":"agua-en-los-caminos-de-la-lamparona-galeria","status":"publish","type":"post","link":"https:\/\/blogs.hoy.es\/senderosextremadura\/2013\/01\/17\/agua-en-los-caminos-de-la-lamparona-galeria\/","title":{"rendered":"Agua en los caminos de La Lamparona (Galer\u00eda)"},"content":{"rendered":"<div id=\"attachment_1145\" style=\"width: 610px\" class=\"wp-caption aligncenter\"><a href=\"https:\/\/blogs.hoy.es\/senderosextremadura\/2013\/01\/17\/agua-en-los-caminos-de-la-lamparona-galeria\/ruta-agua-2\/\" rel=\"attachment wp-att-1145\"><img aria-describedby=\"caption-attachment-1145\" loading=\"lazy\" class=\"size-large wp-image-1145\" title=\"Los senderistas tuvieron que salvar algunos obst\u00e1culos en el camino. \/ V\u00cdA VERDE\" src=\"\/senderosextremadura\/wp-content\/uploads\/sites\/22\/2013\/01\/RUTA-AGUA1.jpg\" alt=\"Los senderistas tuvieron que salvar algunos obst\u00e1culos en el camino. \/ V\u00cdA VERDE\" width=\"600\" height=\"450\" srcset=\"https:\/\/static-blogs.hoy.es\/wp-content\/uploads\/sites\/22\/2013\/01\/RUTA-AGUA1.jpg 760w, https:\/\/static-blogs.hoy.es\/wp-content\/uploads\/sites\/22\/2013\/01\/RUTA-AGUA1-300x225.jpg 300w, https:\/\/static-blogs.hoy.es\/wp-content\/uploads\/sites\/22\/2013\/01\/RUTA-AGUA1-600x450.jpg 600w\" sizes=\"(max-width: 600px) 100vw, 600px\" \/><\/a><p id=\"caption-attachment-1145\" class=\"wp-caption-text\">Los senderistas tuvieron que salvar algunos obst\u00e1culos en el camino. \/ V\u00cdA VERDE<\/p><\/div>\n<h4><strong>Senderismo La V\u00eda Verde<\/strong> de Villanueva de la Serena comenz\u00f3 el a\u00f1o con una marcha por la<strong> <a href=\"http:\/\/www.hoy.es\/multimedia\/fotos\/ultimos\/113308-ruta-sierra-lamparona-codosera-0.htmlhttp:\/\/\" rel=\"external nofollow\">Sierra de La Lamparona<\/a><\/strong>, un hermoso paisaje en la zona fronteriza de <strong> La Codosera<\/strong>. La frondosa ruta, amenazada en esta ocasi\u00f3n por la lluvia,\u00a0 sale de la localidad pacense\u00a0 para adentrarse en Portugal y llegar hasta la ermita lusa de La Lapa . Los caminantes tuvieron que salvar algunos grandes charcos en los caminos debido a la acumulaci\u00f3n de agua por las \u00faltimas lluvias. La ruta debe su nombre a la Lamparona , antiguo faro de gasoil que ubicado en lo alto de un cerro.<\/h4>\n<h4>AQU\u00cd POD\u00c9IS VER <a href=\"http:\/\/www.hoy.es\/multimedia\/fotos\/ultimos\/113308-ruta-sierra-lamparona-codosera-0.html\" rel=\"external nofollow\"><strong>TODAS LAS FOTOS DE LA RUTA<\/strong><\/a><\/h4>\n<!-- AddThis Advanced Settings generic via filter on the_content --><!-- AddThis Share Buttons generic via filter on the_content -->","protected":false},"excerpt":{"rendered":"<p>Senderismo La V\u00eda Verde de Villanueva de la Serena comenz\u00f3 el a\u00f1o con una marcha por la Sierra de La Lamparona, un hermoso paisaje en la zona fronteriza de La Codosera. La frondosa ruta, amenazada en esta ocasi\u00f3n por la lluvia,\u00a0 sale de la localidad pacense\u00a0 para adentrarse en Portugal y llegar hasta la ermita [&hellip;]<!-- AddThis Advanced Settings generic via filter on get_the_excerpt --><!-- AddThis Share Buttons generic via filter on get_the_excerpt --><\/p>\n","protected":false},"author":27,"featured_media":0,"comment_status":"open","ping_status":"closed","sticky":false,"template":"","format":"standard","meta":[],"categories":[3,4],"tags":[726,836,917,1041],"_links":{"self":[{"href":"https:\/\/blogs.hoy.es\/senderosextremadura\/wp-json\/wp\/v2\/posts\/1143"}],"collection":[{"href":"https:\/\/blogs.hoy.es\/senderosextremadura\/wp-json\/wp\/v2\/posts"}],"about":[{"href":"https:\/\/blogs.hoy.es\/senderosextremadura\/wp-json\/wp\/v2\/types\/post"}],"author":[{"embeddable":true,"href":"https:\/\/blogs.hoy.es\/senderosextremadura\/wp-json\/wp\/v2\/users\/27"}],"replies":[{"embeddable":true,"href":"https:\/\/blogs.hoy.es\/senderosextremadura\/wp-json\/wp\/v2\/comments?post=1143"}],"version-history":[{"count":0,"href":"https:\/\/blogs.hoy.es\/senderosextremadura\/wp-json\/wp\/v2\/posts\/1143\/revisions"}],"wp:attachment":[{"href":"https:\/\/blogs.hoy.es\/senderosextremadura\/wp-json\/wp\/v2\/media?parent=1143"}],"wp:term":[{"taxonomy":"category","embeddable":true,"href":"https:\/\/blogs.hoy.es\/senderosextremadura\/wp-json\/wp\/v2\/categories?post=1143"},{"taxonomy":"post_tag","embeddable":true,"href":"https:\/\/blogs.hoy.es\/senderosextremadura\/wp-json\/wp\/v2\/tags?post=1143"}],"curies":[{"name":"wp","href":"https:\/\/api.w.org\/{rel}","templated":true}]}}