{"id":1147,"date":"2013-01-17T12:37:31","date_gmt":"2013-01-17T12:37:31","guid":{"rendered":"http:\/\/blogs.hoy.es\/senderosextremadura\/?p=1147"},"modified":"2013-01-17T12:37:31","modified_gmt":"2013-01-17T12:37:31","slug":"los-tres-senderos-de-la-cela-en-la-siberia-27-de-enero","status":"publish","type":"post","link":"https:\/\/blogs.hoy.es\/senderosextremadura\/2013\/01\/17\/los-tres-senderos-de-la-cela-en-la-siberia-27-de-enero\/","title":{"rendered":"Los tres senderos de &#039;La Cel\u00e1&#039;, en La Siberia (27 de enero)"},"content":{"rendered":"<h2 data-ft=\"{\"type\":1,\"tn\":\"K\"}\"><span style=\"font-size: medium;\"><strong> <a href=\"https:\/\/blogs.hoy.es\/senderosextremadura\/2013\/01\/17\/los-tres-senderos-de-la-cela-en-la-siberia-27-de-enero\/ruta-siberia\/\" rel=\"attachment wp-att-1148\"><img loading=\"lazy\" class=\"aligncenter size-full wp-image-1148\" title=\"Paisajes que se pueden divisar en la ruta.\" src=\"\/senderosextremadura\/wp-content\/uploads\/sites\/22\/2013\/01\/ruta-siberia.jpg\" alt=\"\" width=\"320\" height=\"240\" srcset=\"https:\/\/static-blogs.hoy.es\/wp-content\/uploads\/sites\/22\/2013\/01\/ruta-siberia.jpg 320w, https:\/\/static-blogs.hoy.es\/wp-content\/uploads\/sites\/22\/2013\/01\/ruta-siberia-300x225.jpg 300w\" sizes=\"(max-width: 320px) 100vw, 320px\" \/><\/a><\/strong><\/span><\/h2>\n<h2 data-ft=\"{\"type\":1,\"tn\":\"K\"}\"><span style=\"font-size: medium;\"><strong>El <a href=\"http:\/\/www.siruela.es\/\" rel=\"external nofollow\">Ayuntamiento de Siruela<\/a>, en La Siberia extreme\u00f1a, ha organizado una ruta senderista por l<a href=\"http:\/\/www.siruela.net\/2013\/01\/ruta-de-senderismo-sendero-de-la-cela.html?spref=fb\" rel=\"external nofollow\">os tres senderos de &#8216;la Cel\u00e1&#8217;<\/a>. La marcha, que tendr\u00e1 lugar el pr\u00f3ximo 27 de enero, saldr\u00e1 de la Plaza de Espa\u00f1a a las 9:30 horas.<\/strong><\/span><\/h2>\n<p><span style=\"font-size: medium;\"><strong> &#8211; Dificultad: media-alta.<\/strong><\/span><br \/>\n<span style=\"font-size: medium;\"><strong> &#8211; Recorrido: subida por la Cuesta de Garlitos, paseo por los Tres Senderos de \u201cLa Cel\u00e1\u201d, parada en el Mirador, comida en los merenderos de Casa de \u201cLa Cel\u00e1\u201d, camino hacia el Sobrante, subida al \u201cCollao Pulsera\u201d, bajada por el Camino de Almad\u00e9n, Ermita Nuestra Se\u00f1ora de Altagracia, Huertas Viejas, Siruela.<\/strong><\/span><\/p>\n<p><span style=\"font-size: medium;\"><strong> La organizaci\u00f3n aconseja llevar botas adecuadas, bebida y comida.<\/strong><\/span><strong> No se responsabiliza de ning\u00fan tipo de accidente o lesi\u00f3n.<\/strong><\/p>\n<h2 data-ft=\"{\"type\":1,\"tn\":\"K\"}\"><span style=\"font-size: medium;\"><strong>M\u00e1s informaci\u00f3n en el m\u00f3vil 670798214<\/strong><\/span><br \/>\n<span style=\"font-size: medium;\"><strong><br \/>\n<\/strong><\/span><\/h2>\n<!-- AddThis Advanced Settings generic via filter on the_content --><!-- AddThis Share Buttons generic via filter on the_content -->","protected":false},"excerpt":{"rendered":"<p>El Ayuntamiento de Siruela, en La Siberia extreme\u00f1a, ha organizado una ruta senderista por los tres senderos de &#8216;la Cel\u00e1&#8217;. La marcha, que tendr\u00e1 lugar el pr\u00f3ximo 27 de enero, saldr\u00e1 de la Plaza de Espa\u00f1a a las 9:30 horas. &#8211; Dificultad: media-alta. &#8211; Recorrido: subida por la Cuesta de Garlitos, paseo por los Tres [&hellip;]<!-- AddThis Advanced Settings generic via filter on get_the_excerpt --><!-- AddThis Share Buttons generic via filter on get_the_excerpt --><\/p>\n","protected":false},"author":27,"featured_media":0,"comment_status":"open","ping_status":"closed","sticky":false,"template":"","format":"standard","meta":[],"categories":[4],"tags":[86,301,836,917,969,994,1035],"_links":{"self":[{"href":"https:\/\/blogs.hoy.es\/senderosextremadura\/wp-json\/wp\/v2\/posts\/1147"}],"collection":[{"href":"https:\/\/blogs.hoy.es\/senderosextremadura\/wp-json\/wp\/v2\/posts"}],"about":[{"href":"https:\/\/blogs.hoy.es\/senderosextremadura\/wp-json\/wp\/v2\/types\/post"}],"author":[{"embeddable":true,"href":"https:\/\/blogs.hoy.es\/senderosextremadura\/wp-json\/wp\/v2\/users\/27"}],"replies":[{"embeddable":true,"href":"https:\/\/blogs.hoy.es\/senderosextremadura\/wp-json\/wp\/v2\/comments?post=1147"}],"version-history":[{"count":0,"href":"https:\/\/blogs.hoy.es\/senderosextremadura\/wp-json\/wp\/v2\/posts\/1147\/revisions"}],"wp:attachment":[{"href":"https:\/\/blogs.hoy.es\/senderosextremadura\/wp-json\/wp\/v2\/media?parent=1147"}],"wp:term":[{"taxonomy":"category","embeddable":true,"href":"https:\/\/blogs.hoy.es\/senderosextremadura\/wp-json\/wp\/v2\/categories?post=1147"},{"taxonomy":"post_tag","embeddable":true,"href":"https:\/\/blogs.hoy.es\/senderosextremadura\/wp-json\/wp\/v2\/tags?post=1147"}],"curies":[{"name":"wp","href":"https:\/\/api.w.org\/{rel}","templated":true}]}}