{"id":1160,"date":"2013-01-18T08:02:45","date_gmt":"2013-01-18T08:02:45","guid":{"rendered":"http:\/\/blogs.hoy.es\/senderosextremadura\/?p=1160"},"modified":"2013-01-18T08:02:45","modified_gmt":"2013-01-18T08:02:45","slug":"el-club-de-montana-de-losar-programa-13-rutas-que-cruzaran-gredos-varias-veces","status":"publish","type":"post","link":"https:\/\/blogs.hoy.es\/senderosextremadura\/2013\/01\/18\/el-club-de-montana-de-losar-programa-13-rutas-que-cruzaran-gredos-varias-veces\/","title":{"rendered":"El club de monta\u00f1a de Losar programa 13 rutas que cruzar\u00e1n Gredos varias veces"},"content":{"rendered":"<p>&nbsp;<\/p>\n<div id=\"attachment_1162\" style=\"width: 560px\" class=\"wp-caption aligncenter\"><a href=\"https:\/\/blogs.hoy.es\/senderosextremadura\/2013\/01\/18\/el-club-de-montana-de-losar-programa-13-rutas-que-cruzaran-gredos-varias-veces\/gredos-6\/\" rel=\"attachment wp-att-1162\"><img aria-describedby=\"caption-attachment-1162\" loading=\"lazy\" class=\"size-full wp-image-1162\" title=\"Ascensi\u00f3n a la Covacha de Gredos. \/ Club GR100\" src=\"\/senderosextremadura\/wp-content\/uploads\/sites\/22\/2013\/01\/GREDOS.jpg\" alt=\"Ascensi\u00f3n a la Covacha de Gredos. \/ Club GR100\" width=\"550\" height=\"413\" srcset=\"https:\/\/static-blogs.hoy.es\/wp-content\/uploads\/sites\/22\/2013\/01\/GREDOS.jpg 550w, https:\/\/static-blogs.hoy.es\/wp-content\/uploads\/sites\/22\/2013\/01\/GREDOS-300x225.jpg 300w\" sizes=\"(max-width: 550px) 100vw, 550px\" \/><\/a><p id=\"caption-attachment-1162\" class=\"wp-caption-text\">Ascensi\u00f3n a la Covacha de Gredos. \/ Club GR100<\/p><\/div>\n<p><span style=\"font-size: medium;\">Trece marchas senderistas y de monta\u00f1a conforman el calendario de salidas de la <strong>secci\u00f3n de monta\u00f1a del C.P. Losare\u00f1o<\/strong> para el primer semestre del a\u00f1o. De \u00e9stas siete tienen la calificaci\u00f3n de altas o muy altas y en varias ocasiones supondr\u00e1 que crucen la <strong>sierra de Gredos<\/strong>, entre las provincias de \u00c1vila y C\u00e1ceres.<\/span><\/p>\n<p><span style=\"font-size: medium;\">En dos de estas ocasiones se desplazar\u00e1n hasta la comarca de Barco de \u00c1vila, para partir desde <strong>Navalonguilla y Nava del Barco<\/strong> para llegar hasta <strong>Madrigal y Losar de la Vera<\/strong> respectivamente, el 19 de mayo la primera y el 16 de junio la segunda, con distancias cercanas a los 30 kil\u00f3metros y m\u00e1s de 10 horas de recorrido.<\/span><\/p>\n<p><span style=\"font-size: medium;\">No obstante las dos primeras citas del a\u00f1o son de dificultad media. La primera tuvo lugar el domingo a la <strong>Fuente del Lobo<\/strong>, mientras que la pr\u00f3xima ser\u00e1 el d\u00eda 27 hasta Los N\u00fameros, pasando por El Recorvo. Tambi\u00e9n por la sierra de Losar discurrir\u00e1 la tercera ruta, hasta el roble del Barranquillo, mientras que la cuarta convocatoria llevar\u00e1 a los senderistas hasta Guijo. El calendario concluir\u00e1 en junio con una ruta a las Cinco Lagunas.<\/span><\/p>\n<p><a href=\"http:\/\/www.hoy.es\/multimedia\/fotos\/ultimos\/107892-ascension-pico-covacha-gredos-ruta-cuatro-lagunas-0.html\" rel=\"external nofollow\"><strong>\u00a0GALER\u00cdA<\/strong> Ascensi\u00f3n al pico Covacha de Gredos, por la ruta de las cuatro lagunas<\/a><\/p>\n<!-- AddThis Advanced Settings generic via filter on the_content --><!-- AddThis Share Buttons generic via filter on the_content -->","protected":false},"excerpt":{"rendered":"<p>&nbsp; Trece marchas senderistas y de monta\u00f1a conforman el calendario de salidas de la secci\u00f3n de monta\u00f1a del C.P. Losare\u00f1o para el primer semestre del a\u00f1o. De \u00e9stas siete tienen la calificaci\u00f3n de altas o muy altas y en varias ocasiones supondr\u00e1 que crucen la sierra de Gredos, entre las provincias de \u00c1vila y C\u00e1ceres. [&hellip;]<!-- AddThis Advanced Settings generic via filter on get_the_excerpt --><!-- AddThis Share Buttons generic via filter on get_the_excerpt --><\/p>\n","protected":false},"author":27,"featured_media":0,"comment_status":"open","ping_status":"closed","sticky":false,"template":"","format":"standard","meta":[],"categories":[4],"tags":[301,529,839,879,906,1035],"_links":{"self":[{"href":"https:\/\/blogs.hoy.es\/senderosextremadura\/wp-json\/wp\/v2\/posts\/1160"}],"collection":[{"href":"https:\/\/blogs.hoy.es\/senderosextremadura\/wp-json\/wp\/v2\/posts"}],"about":[{"href":"https:\/\/blogs.hoy.es\/senderosextremadura\/wp-json\/wp\/v2\/types\/post"}],"author":[{"embeddable":true,"href":"https:\/\/blogs.hoy.es\/senderosextremadura\/wp-json\/wp\/v2\/users\/27"}],"replies":[{"embeddable":true,"href":"https:\/\/blogs.hoy.es\/senderosextremadura\/wp-json\/wp\/v2\/comments?post=1160"}],"version-history":[{"count":0,"href":"https:\/\/blogs.hoy.es\/senderosextremadura\/wp-json\/wp\/v2\/posts\/1160\/revisions"}],"wp:attachment":[{"href":"https:\/\/blogs.hoy.es\/senderosextremadura\/wp-json\/wp\/v2\/media?parent=1160"}],"wp:term":[{"taxonomy":"category","embeddable":true,"href":"https:\/\/blogs.hoy.es\/senderosextremadura\/wp-json\/wp\/v2\/categories?post=1160"},{"taxonomy":"post_tag","embeddable":true,"href":"https:\/\/blogs.hoy.es\/senderosextremadura\/wp-json\/wp\/v2\/tags?post=1160"}],"curies":[{"name":"wp","href":"https:\/\/api.w.org\/{rel}","templated":true}]}}