{"id":1164,"date":"2013-01-29T12:17:00","date_gmt":"2013-01-29T12:17:00","guid":{"rendered":"http:\/\/blogs.hoy.es\/senderosextremadura\/?p=1164"},"modified":"2013-01-29T12:17:00","modified_gmt":"2013-01-29T12:17:00","slug":"ii-ruta-de-las-coladas-villar-del-rey-27-de-enero","status":"publish","type":"post","link":"https:\/\/blogs.hoy.es\/senderosextremadura\/2013\/01\/29\/ii-ruta-de-las-coladas-villar-del-rey-27-de-enero\/","title":{"rendered":"400 senderistas recorrieron la II Ruta de Las Coladas de Villar del Rey"},"content":{"rendered":"<div id=\"attachment_1203\" style=\"width: 310px\" class=\"wp-caption aligncenter\"><a href=\"https:\/\/blogs.hoy.es\/senderosextremadura\/2013\/01\/29\/ii-ruta-de-las-coladas-villar-del-rey-27-de-enero\/villar-rey\/\" rel=\"attachment wp-att-1203\"><img aria-describedby=\"caption-attachment-1203\" loading=\"lazy\" class=\"size-medium wp-image-1203\" title=\"Senderistas del Club del Caminante de Badajoz. \/ PACO CARRERES\" src=\"\/senderosextremadura\/wp-content\/uploads\/sites\/22\/2013\/01\/villar-rey.jpg\" alt=\"Senderistas del Club del Caminante de Badajoz. \/ PACO CARRERES\" width=\"300\" height=\"225\" srcset=\"https:\/\/static-blogs.hoy.es\/wp-content\/uploads\/sites\/22\/2013\/01\/villar-rey.jpg 1024w, https:\/\/static-blogs.hoy.es\/wp-content\/uploads\/sites\/22\/2013\/01\/villar-rey-300x225.jpg 300w, https:\/\/static-blogs.hoy.es\/wp-content\/uploads\/sites\/22\/2013\/01\/villar-rey-768x576.jpg 768w, https:\/\/static-blogs.hoy.es\/wp-content\/uploads\/sites\/22\/2013\/01\/villar-rey-600x450.jpg 600w\" sizes=\"(max-width: 300px) 100vw, 300px\" \/><\/a><p id=\"caption-attachment-1203\" class=\"wp-caption-text\">Senderistas del Club del Caminante de Badajoz. \/ PACO CARRERES<\/p><\/div>\n<p><span style=\"font-size: medium;\">EL domingo d\u00eda <strong>27 de enero<\/strong> se celebr\u00f3\u00a0 en la localidad pacense\u00a0 de Villar del Rey la <strong>II Ruta de \u201clas Coladas\u201d<\/strong>, primera prueba del <a href=\"https:\/\/blogs.hoy.es\/senderosextremadura\/2013\/01\/04\/el-circuito-extremeno-de-rutas-senderistas-de-2013-incluye-14-pruebas\/\" target=\"_blank\"><strong>Circuito extreme\u00f1o de rutas senderistas<\/strong><\/a> y tercera prueba del circuito de la <strong>mancomunidad L\u00e1cara los Bald\u00edos 7 rutas 7. En la marcha participaron unas 400 personas.<\/strong><\/span><\/p>\n<p><span style=\"font-size: medium;\">Las migas y los garbanzos preparados por la organizaci\u00f3n estaban deliciosos, seg\u00fan nos comentan algunos participantes. Al final del camino cay\u00f3 una fina lluvia que en absoluto desluci\u00f3 la caminata.<strong><br \/>\n<\/strong><\/span><\/p>\n<p><span style=\"font-size: medium;\">Los participantes quedaron muy satisfechos con la prueba organizada por el Ayuntamiento de Villar del Rey en colaboraci\u00f3n con el servicio de dinamizaci\u00f3n deportiva.<\/span><\/p>\n<p><a href=\"http:\/\/www.hoy.es\/multimedia\/fotos\/ultimos\/114057-ruta-coladas-villar-0.html\" rel=\"external nofollow\"><strong>GALER\u00cdA DE FOTOS DE LA RUTA<\/strong><\/a><\/p>\n<div id=\"attachment_1204\" style=\"width: 482px\" class=\"wp-caption aligncenter\"><a href=\"https:\/\/blogs.hoy.es\/senderosextremadura\/2013\/01\/29\/ii-ruta-de-las-coladas-villar-del-rey-27-de-enero\/caminos-rutas\/\" rel=\"attachment wp-att-1204\"><img aria-describedby=\"caption-attachment-1204\" loading=\"lazy\" class=\" wp-image-1204\" title=\"La lluvia acompa\u00f1\u00f3 a los caminantes al final de la ruta. \/ PACO CARRERES\" src=\"\/senderosextremadura\/wp-content\/uploads\/sites\/22\/2013\/01\/caminos-rutas.jpg\" alt=\"La lluvia acompa\u00f1\u00f3 a los caminantes al final de la ruta. \/ PACO CARRERES\" width=\"472\" height=\"353\" srcset=\"https:\/\/static-blogs.hoy.es\/wp-content\/uploads\/sites\/22\/2013\/01\/caminos-rutas.jpg 760w, https:\/\/static-blogs.hoy.es\/wp-content\/uploads\/sites\/22\/2013\/01\/caminos-rutas-300x225.jpg 300w, https:\/\/static-blogs.hoy.es\/wp-content\/uploads\/sites\/22\/2013\/01\/caminos-rutas-600x450.jpg 600w\" sizes=\"(max-width: 472px) 100vw, 472px\" \/><\/a><p id=\"caption-attachment-1204\" class=\"wp-caption-text\">La lluvia acompa\u00f1\u00f3 a los caminantes al final de la ruta. \/ PACO CARRERES<\/p><\/div>\n<p>&nbsp;<\/p>\n<!-- AddThis Advanced Settings generic via filter on the_content --><!-- AddThis Share Buttons generic via filter on the_content -->","protected":false},"excerpt":{"rendered":"<p>EL domingo d\u00eda 27 de enero se celebr\u00f3\u00a0 en la localidad pacense\u00a0 de Villar del Rey la II Ruta de \u201clas Coladas\u201d, primera prueba del Circuito extreme\u00f1o de rutas senderistas y tercera prueba del circuito de la mancomunidad L\u00e1cara los Bald\u00edos 7 rutas 7. En la marcha participaron unas 400 personas. Las migas y los [&hellip;]<!-- AddThis Advanced Settings generic via filter on get_the_excerpt --><!-- AddThis Share Buttons generic via filter on get_the_excerpt --><\/p>\n","protected":false},"author":27,"featured_media":0,"comment_status":"open","ping_status":"closed","sticky":false,"template":"","format":"standard","meta":[],"categories":[4],"tags":[817,871,917],"_links":{"self":[{"href":"https:\/\/blogs.hoy.es\/senderosextremadura\/wp-json\/wp\/v2\/posts\/1164"}],"collection":[{"href":"https:\/\/blogs.hoy.es\/senderosextremadura\/wp-json\/wp\/v2\/posts"}],"about":[{"href":"https:\/\/blogs.hoy.es\/senderosextremadura\/wp-json\/wp\/v2\/types\/post"}],"author":[{"embeddable":true,"href":"https:\/\/blogs.hoy.es\/senderosextremadura\/wp-json\/wp\/v2\/users\/27"}],"replies":[{"embeddable":true,"href":"https:\/\/blogs.hoy.es\/senderosextremadura\/wp-json\/wp\/v2\/comments?post=1164"}],"version-history":[{"count":0,"href":"https:\/\/blogs.hoy.es\/senderosextremadura\/wp-json\/wp\/v2\/posts\/1164\/revisions"}],"wp:attachment":[{"href":"https:\/\/blogs.hoy.es\/senderosextremadura\/wp-json\/wp\/v2\/media?parent=1164"}],"wp:term":[{"taxonomy":"category","embeddable":true,"href":"https:\/\/blogs.hoy.es\/senderosextremadura\/wp-json\/wp\/v2\/categories?post=1164"},{"taxonomy":"post_tag","embeddable":true,"href":"https:\/\/blogs.hoy.es\/senderosextremadura\/wp-json\/wp\/v2\/tags?post=1164"}],"curies":[{"name":"wp","href":"https:\/\/api.w.org\/{rel}","templated":true}]}}