{"id":1168,"date":"2013-01-20T20:16:59","date_gmt":"2013-01-20T20:16:59","guid":{"rendered":"http:\/\/blogs.hoy.es\/senderosextremadura\/?p=1168"},"modified":"2013-01-20T20:16:59","modified_gmt":"2013-01-20T20:16:59","slug":"ruta-de-los-molinos-por-los-parajes-de-montanchez-27-de-enero","status":"publish","type":"post","link":"https:\/\/blogs.hoy.es\/senderosextremadura\/2013\/01\/20\/ruta-de-los-molinos-por-los-parajes-de-montanchez-27-de-enero\/","title":{"rendered":"Ruta de los Molinos por los parajes de Mont\u00e1nchez (27 de enero)"},"content":{"rendered":"<div id=\"attachment_1171\" style=\"width: 522px\" class=\"wp-caption aligncenter\"><a href=\"https:\/\/blogs.hoy.es\/senderosextremadura\/2013\/01\/20\/ruta-de-los-molinos-por-los-parajes-de-montanchez-27-de-enero\/arroyomolinosss\/\" rel=\"attachment wp-att-1171\"><img aria-describedby=\"caption-attachment-1171\" loading=\"lazy\" class=\"size-full wp-image-1171\" title=\"Entorno de Arroyomolinos de Mont\u00e1nchez. \/ http:\/\/www.arroyomolinos.es\" src=\"\/senderosextremadura\/wp-content\/uploads\/sites\/22\/2013\/01\/arroyomolinosss.jpg\" alt=\"Entorno de Arroyomolinos de Mont\u00e1nchez. \/ http:\/\/www.arroyomolinos.es\" width=\"512\" height=\"384\" srcset=\"https:\/\/static-blogs.hoy.es\/wp-content\/uploads\/sites\/22\/2013\/01\/arroyomolinosss.jpg 512w, https:\/\/static-blogs.hoy.es\/wp-content\/uploads\/sites\/22\/2013\/01\/arroyomolinosss-300x225.jpg 300w\" sizes=\"(max-width: 512px) 100vw, 512px\" \/><\/a><p id=\"caption-attachment-1171\" class=\"wp-caption-text\">Entorno de Arroyomolinos de Mont\u00e1nchez. \/ http:\/\/www.arroyomolinos.es<\/p><\/div>\n<p>El grupo senderista de <strong>Huerta de \u00c1nimas<\/strong> (pedan\u00eda de Trujillo) programa para el pr\u00f3ximo 27 de enero la ruta circular de los Molinos, en Arroyomolinos de Mont\u00e1nchez. Saldr\u00e1n de la plaza de Huertas a las 7 de la ma\u00f1ana.\u00a0Se trata de una bonita ruta que arranca en la localidad cacere\u00f1a de <strong>Arroyomolinos de Mont\u00e1nchez<\/strong>, en la que se puede visitar m\u00e1s de una treintena de molinos harineros, pudiendo contemplar tambi\u00e9n lugares tan pintorescos como la piedra del dedo me\u00f1ique, un precioso bosque de casta\u00f1os o la localidad de Mont\u00e1nchez.<\/p>\n<p>-DISTANCIA: 15 kil\u00f3metros.<\/p>\n<p>-TIEMPO ESTIMADO: A un paso tranquilo y haciendo una sola parada, unas 5 horas.<\/p>\n<p>-EPOCA RECOMENDADA: Cualquier \u00e9poca del a\u00f1o es buena para realizar la ruta, teniendo especial cuidado con el calor en los meses de verano, sobre todo en la subida por la garganta de los Molinos, ya que es la parte m\u00e1s dura y la \u00fanica que se transita practicamente sin sombra.<\/p>\n<p>-DIFICULTAD: Media. La ruta transita enteramente por veredas y sendas muy bien marcadas. Lo m\u00e1s duro de la ruta es la primera parte del recorrido, cuando vamos subiendo por la garganta de los Molinos. Hay que tener mucho cuidado con la orientaci\u00f3n, ya que est\u00e1 muy mal se\u00f1alizada, sobre todo en la \u00faltima parte del recorrido entre Mont\u00e1nchez y Arroyomolinos, que no hay ning\u00fan tipo de se\u00f1al.<\/p>\n<!-- AddThis Advanced Settings generic via filter on the_content --><!-- AddThis Share Buttons generic via filter on the_content -->","protected":false},"excerpt":{"rendered":"<p>El grupo senderista de Huerta de \u00c1nimas (pedan\u00eda de Trujillo) programa para el pr\u00f3ximo 27 de enero la ruta circular de los Molinos, en Arroyomolinos de Mont\u00e1nchez. Saldr\u00e1n de la plaza de Huertas a las 7 de la ma\u00f1ana.\u00a0Se trata de una bonita ruta que arranca en la localidad cacere\u00f1a de Arroyomolinos de Mont\u00e1nchez, en [&hellip;]<!-- AddThis Advanced Settings generic via filter on get_the_excerpt --><!-- AddThis Share Buttons generic via filter on get_the_excerpt --><\/p>\n","protected":false},"author":27,"featured_media":0,"comment_status":"open","ping_status":"closed","sticky":false,"template":"","format":"standard","meta":[],"categories":[4],"tags":[],"_links":{"self":[{"href":"https:\/\/blogs.hoy.es\/senderosextremadura\/wp-json\/wp\/v2\/posts\/1168"}],"collection":[{"href":"https:\/\/blogs.hoy.es\/senderosextremadura\/wp-json\/wp\/v2\/posts"}],"about":[{"href":"https:\/\/blogs.hoy.es\/senderosextremadura\/wp-json\/wp\/v2\/types\/post"}],"author":[{"embeddable":true,"href":"https:\/\/blogs.hoy.es\/senderosextremadura\/wp-json\/wp\/v2\/users\/27"}],"replies":[{"embeddable":true,"href":"https:\/\/blogs.hoy.es\/senderosextremadura\/wp-json\/wp\/v2\/comments?post=1168"}],"version-history":[{"count":0,"href":"https:\/\/blogs.hoy.es\/senderosextremadura\/wp-json\/wp\/v2\/posts\/1168\/revisions"}],"wp:attachment":[{"href":"https:\/\/blogs.hoy.es\/senderosextremadura\/wp-json\/wp\/v2\/media?parent=1168"}],"wp:term":[{"taxonomy":"category","embeddable":true,"href":"https:\/\/blogs.hoy.es\/senderosextremadura\/wp-json\/wp\/v2\/categories?post=1168"},{"taxonomy":"post_tag","embeddable":true,"href":"https:\/\/blogs.hoy.es\/senderosextremadura\/wp-json\/wp\/v2\/tags?post=1168"}],"curies":[{"name":"wp","href":"https:\/\/api.w.org\/{rel}","templated":true}]}}