{"id":1177,"date":"2013-01-23T10:42:55","date_gmt":"2013-01-23T10:42:55","guid":{"rendered":"http:\/\/blogs.hoy.es\/senderosextremadura\/?p=1177"},"modified":"2013-01-23T10:42:55","modified_gmt":"2013-01-23T10:42:55","slug":"por-la-jara-de-casar-de-caceres-27-de-enero","status":"publish","type":"post","link":"https:\/\/blogs.hoy.es\/senderosextremadura\/2013\/01\/23\/por-la-jara-de-casar-de-caceres-27-de-enero\/","title":{"rendered":"Por &#039;La Jara&#039; de Casar de C\u00e1ceres (27 de enero)"},"content":{"rendered":"<div id=\"attachment_1179\" style=\"width: 664px\" class=\"wp-caption aligncenter\"><a href=\"https:\/\/blogs.hoy.es\/senderosextremadura\/2013\/01\/23\/por-la-jara-de-casar-de-caceres-27-de-enero\/calle-casar\/\" rel=\"attachment wp-att-1179\"><img aria-describedby=\"caption-attachment-1179\" loading=\"lazy\" class=\" wp-image-1179\" title=\"Calle de Casar. www.casardecaceres.com\/\" src=\"\/senderosextremadura\/wp-content\/uploads\/sites\/22\/2013\/01\/calle-casar.jpg\" alt=\"Calle de Casar. www.casardecaceres.com\/\" width=\"654\" height=\"327\" srcset=\"https:\/\/static-blogs.hoy.es\/wp-content\/uploads\/sites\/22\/2013\/01\/calle-casar.jpg 800w, https:\/\/static-blogs.hoy.es\/wp-content\/uploads\/sites\/22\/2013\/01\/calle-casar-300x150.jpg 300w, https:\/\/static-blogs.hoy.es\/wp-content\/uploads\/sites\/22\/2013\/01\/calle-casar-768x384.jpg 768w, https:\/\/static-blogs.hoy.es\/wp-content\/uploads\/sites\/22\/2013\/01\/calle-casar-600x300.jpg 600w\" sizes=\"(max-width: 654px) 100vw, 654px\" \/><\/a><p id=\"caption-attachment-1179\" class=\"wp-caption-text\">Calle de Casar. www.casardecaceres.com\/<\/p><\/div>\n<p>El pr\u00f3ximo domingo 27 de enero se llevar\u00e1 a cabo una nueva <strong>ruta de senderismo<\/strong> que, en esta ocasi\u00f3n, tendr\u00e1 su salida desde la <strong>Ermita de la Virgen del Prado<\/strong> a las 10:00 h de la ma\u00f1ana. El senderista recorrer\u00e1 callejas y caminos de tr\u00e1nsito ganadero de Casar de C\u00e1ceres y parte del recorrido de la antigua v\u00eda f\u00e9rrera que conserva algunas de las construcciones anexas a (casa de ferroviario, pozos, etc.), por un recorrido marcado por construcciones de antiguos lagares propios de la zona y explotaciones ganaderas, visitando a su paso las ermitas de la Virgen del Prado (patrona de Casar de C\u00e1ceres), que ser\u00e1 el lugar de salidas y llegada de la ruta y la Ermita de Altagracia (Patrona de Garrovillas) lugar de la parada de descanso. La ruta tiene una distancia de unos 16,7 kil\u00f3metros y no reviste ninguna dificultad, transcurriendo casi en su totalidad por caminos en buen estado, salvo en algunos tramos en los que encontraremos abundante agua.<\/p>\n<p>Se recuerda que pueden participar en estas rutas todas las personas con unas m\u00ednimas condiciones f\u00edsicas a partir de 14 a\u00f1os y los menores acompa\u00f1ados de una persona adulta, siendo las inscripciones gratuitas y pudi\u00e9ndose realizar desde media hora antes en el lugar de salida.<\/p>\n<p>Fuente: <a href=\"www.hoycasardecaceres.es\"><strong>www.hoycasardecaceres.es<\/strong><\/a><\/p>\n<!-- AddThis Advanced Settings generic via filter on the_content --><!-- AddThis Share Buttons generic via filter on the_content -->","protected":false},"excerpt":{"rendered":"<p>El pr\u00f3ximo domingo 27 de enero se llevar\u00e1 a cabo una nueva ruta de senderismo que, en esta ocasi\u00f3n, tendr\u00e1 su salida desde la Ermita de la Virgen del Prado a las 10:00 h de la ma\u00f1ana. El senderista recorrer\u00e1 callejas y caminos de tr\u00e1nsito ganadero de Casar de C\u00e1ceres y parte del recorrido de [&hellip;]<!-- AddThis Advanced Settings generic via filter on get_the_excerpt --><!-- AddThis Share Buttons generic via filter on get_the_excerpt --><\/p>\n","protected":false},"author":27,"featured_media":0,"comment_status":"open","ping_status":"closed","sticky":false,"template":"","format":"standard","meta":[],"categories":[4],"tags":[121,165,393,836,917],"_links":{"self":[{"href":"https:\/\/blogs.hoy.es\/senderosextremadura\/wp-json\/wp\/v2\/posts\/1177"}],"collection":[{"href":"https:\/\/blogs.hoy.es\/senderosextremadura\/wp-json\/wp\/v2\/posts"}],"about":[{"href":"https:\/\/blogs.hoy.es\/senderosextremadura\/wp-json\/wp\/v2\/types\/post"}],"author":[{"embeddable":true,"href":"https:\/\/blogs.hoy.es\/senderosextremadura\/wp-json\/wp\/v2\/users\/27"}],"replies":[{"embeddable":true,"href":"https:\/\/blogs.hoy.es\/senderosextremadura\/wp-json\/wp\/v2\/comments?post=1177"}],"version-history":[{"count":0,"href":"https:\/\/blogs.hoy.es\/senderosextremadura\/wp-json\/wp\/v2\/posts\/1177\/revisions"}],"wp:attachment":[{"href":"https:\/\/blogs.hoy.es\/senderosextremadura\/wp-json\/wp\/v2\/media?parent=1177"}],"wp:term":[{"taxonomy":"category","embeddable":true,"href":"https:\/\/blogs.hoy.es\/senderosextremadura\/wp-json\/wp\/v2\/categories?post=1177"},{"taxonomy":"post_tag","embeddable":true,"href":"https:\/\/blogs.hoy.es\/senderosextremadura\/wp-json\/wp\/v2\/tags?post=1177"}],"curies":[{"name":"wp","href":"https:\/\/api.w.org\/{rel}","templated":true}]}}