{"id":1180,"date":"2013-01-23T12:53:54","date_gmt":"2013-01-23T12:53:54","guid":{"rendered":"http:\/\/blogs.hoy.es\/senderosextremadura\/?p=1180"},"modified":"2013-01-23T12:53:54","modified_gmt":"2013-01-23T12:53:54","slug":"ruta-por-alconchel-con-tirolina-rapel-y-visita-al-castillo-de-miraflores","status":"publish","type":"post","link":"https:\/\/blogs.hoy.es\/senderosextremadura\/2013\/01\/23\/ruta-por-alconchel-con-tirolina-rapel-y-visita-al-castillo-de-miraflores\/","title":{"rendered":"Ruta por Alconchel con tirolina, rapel y visita al castillo de Miraflores (26 de enero)"},"content":{"rendered":"<div id=\"attachment_1182\" style=\"width: 360px\" class=\"wp-caption aligncenter\"><a href=\"https:\/\/blogs.hoy.es\/senderosextremadura\/2013\/01\/23\/ruta-por-alconchel-con-tirolina-rapel-y-visita-al-castillo-de-miraflores\/mirafloresjpg\/\" rel=\"attachment wp-att-1182\"><img aria-describedby=\"caption-attachment-1182\" loading=\"lazy\" class=\"size-full wp-image-1182\" title=\"Vistas de Alconchel desde el castillo\" src=\"\/senderosextremadura\/wp-content\/uploads\/sites\/22\/2013\/01\/mirafloresjpg.jpg\" alt=\"Vistas de Alconchel desde el castillo\" width=\"350\" height=\"262\" srcset=\"https:\/\/static-blogs.hoy.es\/wp-content\/uploads\/sites\/22\/2013\/01\/mirafloresjpg.jpg 350w, https:\/\/static-blogs.hoy.es\/wp-content\/uploads\/sites\/22\/2013\/01\/mirafloresjpg-300x225.jpg 300w\" sizes=\"(max-width: 350px) 100vw, 350px\" \/><\/a><p id=\"caption-attachment-1182\" class=\"wp-caption-text\">Vistas de Alconchel desde el castillo<\/p><\/div>\n<p>El pr\u00f3ximo s\u00e1bado, d\u00eda <strong>26 de enero<\/strong>, tendr\u00e1 lugar la <strong>ruta senderista &#8216;Cerro Esperanza&#8217;<\/strong>, con salida desde la localidad de <a href=\"http:\/\/www.alconchel.es\/\" target=\"_blank\" rel=\"external nofollow\"><strong>Alconchel<\/strong> <\/a>y organizada por\u00a0 la <strong>Diputaci\u00f3n de Badajoz<\/strong>. La marcha\u00a0 incluye un taller de orientaci\u00f3n, tirolinas y rapel, as\u00ed como visita al museo y al <strong>castillo de Miraflores<\/strong>.<\/p>\n<p>Las ondulaciones de las peque\u00f1as sierras que protegen a la villa conforman el recorrido que se realizar\u00e1, con la vigilancia de las aves, desde la <strong>atalaya del castillo de Miraflores.<\/strong> El nivel de dificultad es bajo, la distancia de cinco kil\u00f3metros y medio y el tiempo de duraci\u00f3n de cinco a seis horas.<\/p>\n<p>Pueden participar un <strong>m\u00ednimo de treinta y un m\u00e1ximo de sesenta personas<\/strong> desde los doce a\u00f1os, aunque a esta edad los ni\u00f1os deben estar acompa\u00f1ados de padres o tutores. Los participantes estar\u00e1n guiados por un equipo formado por un gu\u00eda de alta monta\u00f1a, un gu\u00eda de naturaleza y\/o patrimonio, dos t\u00e9cnicos de conducci\u00f3n en el medio natural y un t\u00e9cnico en enfermer\u00eda o m\u00e9dico. Se contar\u00e1 con un veh\u00edculo todo terreno para apoyo y\/o emergencias. Los participantes deber\u00e1n llevar ropa y calzado para salidas al campo, chubasquero y ropa de abrigo, adem\u00e1s de bebida y picnic.<\/p>\n<p>Programa de la Ruta Cerro Esperanza: -9:00 horas. Llegada de los participantes al aparcamiento del Hotel Lusitania de Alconchel. -9:15 horas. Presentaci\u00f3n de gu\u00edas, t\u00e9cnicos y ruta -9:30 horas. Taller de orientaci\u00f3n, manejo de plano y br\u00fajula. Lectura de accidentes del terreno. -10.15 horas. Comienzo del recorrido de orientaci\u00f3n balizado a trav\u00e9s de la ruta. -13:00 Taller de cuerdas: trepada, rapel y tirolina en el castillo de Alconchel. -14:00\/ 15:00 horas. Fin de la actividad y llegada al aparcamiento del Hotel Lusitania.<\/p>\n<p>Todos los interesados pueden encontrar esta informaci\u00f3n y el folleto digital en la <a href=\"http:\/\/web.dip-badajoz.es\/proyectos\/guadiana_internacional\/\" target=\"_blank\" rel=\"external nofollow\"><strong>p\u00e1gina web<\/strong><\/a> del Plan de Competitividad Tur\u00edstica Guadiana Internacional<\/p>\n<p>guadianaint@dip-badajoz.es<\/p>\n<p>Tfno: 924212311<\/p>\n<!-- AddThis Advanced Settings generic via filter on the_content --><!-- AddThis Share Buttons generic via filter on the_content -->","protected":false},"excerpt":{"rendered":"<p>El pr\u00f3ximo s\u00e1bado, d\u00eda 26 de enero, tendr\u00e1 lugar la ruta senderista &#8216;Cerro Esperanza&#8217;, con salida desde la localidad de Alconchel y organizada por\u00a0 la Diputaci\u00f3n de Badajoz. La marcha\u00a0 incluye un taller de orientaci\u00f3n, tirolinas y rapel, as\u00ed como visita al museo y al castillo de Miraflores. Las ondulaciones de las peque\u00f1as sierras que [&hellip;]<!-- AddThis Advanced Settings generic via filter on get_the_excerpt --><!-- AddThis Share Buttons generic via filter on get_the_excerpt --><\/p>\n","protected":false},"author":3,"featured_media":0,"comment_status":"open","ping_status":"closed","sticky":false,"template":"","format":"standard","meta":[],"categories":[4],"tags":[25,817,836,873,906,1035],"_links":{"self":[{"href":"https:\/\/blogs.hoy.es\/senderosextremadura\/wp-json\/wp\/v2\/posts\/1180"}],"collection":[{"href":"https:\/\/blogs.hoy.es\/senderosextremadura\/wp-json\/wp\/v2\/posts"}],"about":[{"href":"https:\/\/blogs.hoy.es\/senderosextremadura\/wp-json\/wp\/v2\/types\/post"}],"author":[{"embeddable":true,"href":"https:\/\/blogs.hoy.es\/senderosextremadura\/wp-json\/wp\/v2\/users\/3"}],"replies":[{"embeddable":true,"href":"https:\/\/blogs.hoy.es\/senderosextremadura\/wp-json\/wp\/v2\/comments?post=1180"}],"version-history":[{"count":0,"href":"https:\/\/blogs.hoy.es\/senderosextremadura\/wp-json\/wp\/v2\/posts\/1180\/revisions"}],"wp:attachment":[{"href":"https:\/\/blogs.hoy.es\/senderosextremadura\/wp-json\/wp\/v2\/media?parent=1180"}],"wp:term":[{"taxonomy":"category","embeddable":true,"href":"https:\/\/blogs.hoy.es\/senderosextremadura\/wp-json\/wp\/v2\/categories?post=1180"},{"taxonomy":"post_tag","embeddable":true,"href":"https:\/\/blogs.hoy.es\/senderosextremadura\/wp-json\/wp\/v2\/tags?post=1180"}],"curies":[{"name":"wp","href":"https:\/\/api.w.org\/{rel}","templated":true}]}}